{"id":29714,"date":"2023-12-31T10:39:49","date_gmt":"2023-12-31T07:39:49","guid":{"rendered":"http:\/\/mersinkadingazetesi.com\/?p=29714"},"modified":"2023-12-31T10:39:49","modified_gmt":"2023-12-31T07:39:49","slug":"baskan-yilmaz-toroslar-akademi-merkezi-ogrencileriyle-bulustu","status":"publish","type":"post","link":"https:\/\/mersinkadingazetesi.com\/?p=29714","title":{"rendered":"BA\u015eKAN YILMAZ, TOROSLAR AKADEM\u0130 MERKEZ\u0130 \u00d6\u011eRENC\u0130LER\u0130YLE BULU\u015eTU"},"content":{"rendered":"<p>Mersin&#8217;in merkez il\u00e7e Toroslar Belediye Ba\u015fkan\u0131 Ats\u0131z Af\u015f\u0131n Y\u0131lmaz, Toroslar Akademi E\u011fitim Merkezi&#8217;ni ziyaret ederek, kurslara kat\u0131lan \u00f6\u011frenciler ve \u00f6\u011fretmenlerle bir araya geldi.<\/p>\n<p>Ba\u015fkan Y\u0131lmaz, \u00fcniversite s\u0131nav\u0131na haz\u0131rlanan ve iyi bir e\u011fitim hayali kuran \u00f6\u011frencilerin yeni y\u0131l\u0131n\u0131 kutlayarak, sa\u011fl\u0131kl\u0131, huzurlu, mutlu ve ba\u015far\u0131l\u0131 bir y\u0131l diledi.<\/p>\n<p>\u00d6\u011frencilerin yo\u011fun ilgi g\u00f6sterdi\u011fi bulu\u015fmada Ba\u015fkan Y\u0131lmaz, gen\u00e7lerden hedeflerine ula\u015fmalar\u0131 i\u00e7in azimle \u00e7al\u0131\u015fmalar\u0131n\u0131 isteyerek; &#8220;Girdi\u011finiz deneme s\u0131navlar\u0131ndan iyi dereceler ald\u0131\u011f\u0131n\u0131z\u0131 duyuyoruz. Sizlere b\u00f6yle bir imkan\u0131 sa\u011flad\u0131\u011f\u0131m\u0131z i\u00e7in mutluluk duyuyoruz. Motive olman\u0131z ve \u00e7ok \u00e7al\u0131\u015fman\u0131z laz\u0131m. Eksiklerinizi tamamlayarak ilerleyeceksiniz. \u0130n\u015fallah bu sene sizlerden beklentimiz y\u00fcksek&#8221; dedi.<\/p>\n<p>&#8220;HER ZAMAN YANINIZDAYIZ GEN\u00c7LER!&#8221;<\/p>\n<p>Kazanmak istedikleri b\u00f6l\u00fcmler ve kariyer hedefleriyle ilgili \u00f6\u011frencilerle bir s\u00fcre sohbet eden Ba\u015fkan Y\u0131lmaz, \u00fcniversite tan\u0131t\u0131m gezisi de d\u00fczenleyeceklerini belirterek; &#8220;En b\u00fcy\u00fck yat\u0131r\u0131m insan\u0131n kendine yapt\u0131\u011f\u0131 yat\u0131r\u0131md\u0131r. E\u011fitimdir. Bence \u00f6\u011frencilik d\u00fcnyan\u0131n en g\u00fczel mesle\u011fi. S\u0131nava say\u0131l\u0131 g\u00fcn kald\u0131. \u00c7al\u0131\u015farak ge\u00e7irdi\u011finiz her saat bundan sonraki hayat\u0131n\u0131z\u0131 do\u011frudan etkileyecek. Evinizde, ailenizde sizlerin g\u00fc\u00e7l\u00fc olman\u0131z\u0131, ba\u015far\u0131l\u0131 olman\u0131z\u0131 isteyen b\u00fcy\u00fckleriniz var. Ama\u00e7lar\u0131 iyi bir \u00fcniversiteyi kazanman\u0131zd\u0131r. Benim hayat\u0131mda da en \u00f6nemli \u015fey \u00e7ocuklar\u0131ma iyi bir e\u011fitim vermek, iyi bir hayat sa\u011flayabilmektir. Toroslar Akademi E\u011fitim Merkezimiz ile de lise ve \u00fcniversiteye haz\u0131rl\u0131k maratonunda sizlerin ve ailelerinizin yan\u0131nda olmaya \u00e7al\u0131\u015f\u0131yoruz. Kendi ya\u015f\u0131tlar\u0131n\u0131zla bu ortamda olman\u0131z bir avantaj. F\u0131rsatlar\u0131 iyi de\u011ferlendirin. Hepinizin ayr\u0131 ayr\u0131 ba\u015far\u0131l\u0131 olman\u0131z, iyi bir b\u00f6l\u00fcme yerle\u015fmeniz en b\u00fcy\u00fck temennimiz&#8221; diye konu\u015ftu.<\/p>\n<p>Her yeni y\u0131l\u0131n, yeni bir ba\u015flang\u0131\u00e7 oldu\u011funa vurgu yapan Ba\u015fkan Y\u0131lmaz; &#8220;2023 y\u0131l\u0131 Cumhuriyetimizin kurulu\u015funun 100. Y\u0131l\u0131. \u00d6nemli bir y\u0131ld\u0131. Ayn\u0131 zamanda d\u00fcnyada ve \u00fclkemizde s\u0131k\u0131nt\u0131l\u0131 bir y\u0131l ge\u00e7irdik. Farkl\u0131 yerlerde sava\u015flar var. Pandemi hafifledi derken 6 \u015eubat&#8217;ta deprem oldu. \u0130n\u015fallah 2024 y\u0131l\u0131n\u0131n hepimize sa\u011fl\u0131k, mutluluk, ba\u015far\u0131, huzur ve refah getirmesini diliyorum&#8221; ifadelerini kulland\u0131.<\/p>\n<p>Ba\u015fkan Y\u0131lmaz, daha sonra gen\u00e7lere hediye vererek tek tek yeni y\u0131llar\u0131n\u0131 kutlad\u0131. \u00d6\u011frenciler de e\u011fitimlerine yapt\u0131\u011f\u0131 katk\u0131lar\u0131ndan dolay\u0131 Ba\u015fkan Y\u0131lmaz&#8217;a te\u015fekk\u00fcr etti.<\/p>\n<p>Toroslar Belediye Ba\u015fkan\u0131 Ats\u0131z Af\u015f\u0131n Y\u0131lmaz, Toroslar Akademi E\u011fitim Merkezi&#8217;ni ziyaretinin ard\u0131ndan kurslara kat\u0131lan Zeynep Nur Arayan ve Ahsen Nur Demir&#8217;i de evinde ziyaret ederek, aileleriyle tan\u0131\u015f\u0131p sohbet etti.<\/p>\n","protected":false},"excerpt":{"rendered":"<p>Mersin&#8217;in merkez il\u00e7e Toroslar Belediye Ba\u015fkan\u0131 Ats\u0131z Af\u015f\u0131n Y\u0131lmaz, Toroslar Akademi E\u011fitim Merkezi&#8217;ni ziyaret ederek, kurslara kat\u0131lan \u00f6\u011frenciler ve \u00f6\u011fretmenlerle bir araya geldi. Ba\u015fkan Y\u0131lmaz, \u00fcniversite s\u0131nav\u0131na haz\u0131rlanan ve iyi bir e\u011fitim hayali kuran \u00f6\u011frencilerin yeni y\u0131l\u0131n\u0131 kutlayarak, sa\u011fl\u0131kl\u0131, huzurlu, mutlu ve ba\u015far\u0131l\u0131 bir y\u0131l diledi. \u00d6\u011frencilerin yo\u011fun ilgi g\u00f6sterdi\u011fi bulu\u015fmada Ba\u015fkan Y\u0131lmaz, gen\u00e7lerden hedeflerine [&hellip;]<\/p>\n","protected":false},"author":2,"featured_media":29715,"comment_status":"open","ping_status":"open","sticky":false,"template":"","format":"standard","meta":{"footnotes":""},"categories":[1,2,3],"tags":[],"class_list":["post-29714","post","type-post","status-publish","format-standard","has-post-thumbnail","hentry","category-genel","category-gundem","category-manset"],"views":2,"_links":{"self":[{"href":"https:\/\/mersinkadingazetesi.com\/index.php?rest_route=\/wp\/v2\/posts\/29714"}],"collection":[{"href":"https:\/\/mersinkadingazetesi.com\/index.php?rest_route=\/wp\/v2\/posts"}],"about":[{"href":"https:\/\/mersinkadingazetesi.com\/index.php?rest_route=\/wp\/v2\/types\/post"}],"author":[{"embeddable":true,"href":"https:\/\/mersinkadingazetesi.com\/index.php?rest_route=\/wp\/v2\/users\/2"}],"replies":[{"embeddable":true,"href":"https:\/\/mersinkadingazetesi.com\/index.php?rest_route=%2Fwp%2Fv2%2Fcomments&post=29714"}],"version-history":[{"count":0,"href":"https:\/\/mersinkadingazetesi.com\/index.php?rest_route=\/wp\/v2\/posts\/29714\/revisions"}],"wp:featuredmedia":[{"embeddable":true,"href":"https:\/\/mersinkadingazetesi.com\/index.php?rest_route=\/wp\/v2\/media\/29715"}],"wp:attachment":[{"href":"https:\/\/mersinkadingazetesi.com\/index.php?rest_route=%2Fwp%2Fv2%2Fmedia&parent=29714"}],"wp:term":[{"taxonomy":"category","embeddable":true,"href":"https:\/\/mersinkadingazetesi.com\/index.php?rest_route=%2Fwp%2Fv2%2Fcategories&post=29714"},{"taxonomy":"post_tag","embeddable":true,"href":"https:\/\/mersinkadingazetesi.com\/index.php?rest_route=%2Fwp%2Fv2%2Ftags&post=29714"}],"curies":[{"name":"wp","href":"https:\/\/api.w.org\/{rel}","templated":true}]}}