{"id":29717,"date":"2023-12-31T10:42:28","date_gmt":"2023-12-31T07:42:28","guid":{"rendered":"http:\/\/mersinkadingazetesi.com\/?p=29717"},"modified":"2023-12-31T10:42:28","modified_gmt":"2023-12-31T07:42:28","slug":"baskan-secer-yeni-yil-oncesinde-forum-avm-ve-buyuksehirin-yilbasi-pazarinda-vatandaslarla-bir-araya-geldi","status":"publish","type":"post","link":"https:\/\/mersinkadingazetesi.com\/?p=29717","title":{"rendered":"BA\u015eKAN SE\u00c7ER, YEN\u0130 YIL \u00d6NCES\u0130NDE FORUM AVM VE B\u00dcY\u00dcK\u015eEH\u0130R&#8217;\u0130N YILBA\u015eI PAZARI&#8217;NDA VATANDA\u015eLARLA B\u0130R ARAYA GELD\u0130"},"content":{"rendered":"<p>Mersin B\u00fcy\u00fck\u015fehir Belediye Ba\u015fkan\u0131 Vahap Se\u00e7er, yeni y\u0131l \u00f6ncesinde Forum Al\u0131\u015fveri\u015f Merkezi&#8217;ni ve \u00d6zgecan Aslan Bar\u0131\u015f Meydan\u0131&#8217;nda Mersin B\u00fcy\u00fck\u015fehir Belediyesi taraf\u0131ndan kurulan Y\u0131lba\u015f\u0131 Pazar\u0131&#8217;n\u0131 ziyaret ederek, vatanda\u015flar\u0131n yeni y\u0131llar\u0131n\u0131 kutlad\u0131. \u0130lk olarak Forum AVM&#8217;de vatanda\u015flarla bir araya gelen Ba\u015fkan Se\u00e7er, onlarla selamla\u015f\u0131p, sohbet etti ve yeni y\u0131l\u0131n\u0131 kutlad\u0131. Ard\u0131ndan B\u00fcy\u00fck\u015fehir&#8217;in, reng\u00e2renk atmosferi, \u0131\u015f\u0131kland\u0131rmalar\u0131 ve s\u00fcslemeleriyle donat\u0131lan Y\u0131lba\u015f\u0131 Pazar\u0131&#8217;nda vatanda\u015flar ve stant sahipleri ile bir araya gelen Se\u00e7er, burada da vatanda\u015flar\u0131n yeni y\u0131l\u0131n\u0131 kutlad\u0131.  Se\u00e7er, her iki noktada da vatanda\u015flar\u0131n ve \u00f6zellikle de gen\u00e7lerin yo\u011fun ilgi ve sevgisi ile kar\u015f\u0131land\u0131.<\/p>\n<p>Ba\u015fkan Se\u00e7er&#8217;e yo\u011fun ilgi<\/p>\n<p>Ba\u015fkan Se\u00e7er&#8217;e ziyaretlerinde; Cumhuriyet Halk Partisi (CHP) Gen\u00e7lik Kollar\u0131 Genel Ba\u015fkan Yard\u0131mc\u0131s\u0131 \u0130zzet K\u0131r\u0131lmaz, CHP Yeni\u015fehir \u0130l\u00e7e Ba\u015fkan\u0131 Toprak \u00c7al\u0131\u015fkan, CHP Yeni\u015fehir \u0130l\u00e7e Kad\u0131n Kollar\u0131 Ba\u015fkan\u0131 Nuray Emre ile  B\u00fcy\u00fck\u015fehir Belediyesi daire ba\u015fkanlar\u0131 e\u015flik etti.<\/p>\n<p>Se\u00e7er Forum AVM&#8217;de \u00f6zellikle gen\u00e7lerin yo\u011fun ilgisi ile kar\u015f\u0131lan\u0131rken, kendisi ile foto\u011fraf \u00e7ektirmek isteyenlerle de bol bol foto\u011fraf \u00e7ektirdi. Forum AVM&#8217;de bir kafede oturup vatanda\u015flarla sohbet eden Se\u00e7er&#8217;i kar\u015f\u0131s\u0131nda g\u00f6ren bir vatanda\u015f; &#8220;Ger\u00e7ekten \u00f6rnek bir Ba\u015fkans\u0131n\u0131z. \u00c7al\u0131\u015fmalar\u0131n\u0131z\u0131 takdir ediyoruz. Sizi \u00e7ok seviyoruz. Ba\u015far\u0131lar&#8221; dedi.  Bir gen\u00e7 de Ba\u015fkan Se\u00e7er&#8217;e, &#8220;\u00c7ocuklar ve gen\u00e7ler i\u00e7in yapt\u0131klar\u0131n\u0131za minnettar\u0131m, size \u00e7ok te\u015fekk\u00fcr ederim&#8221; diye konu\u015farak duygular\u0131n\u0131 ifade etti.<\/p>\n<p>Se\u00e7er, B\u00fcy\u00fck\u015fehir&#8217;in rengarenk atmosferi ile y\u0131lba\u015f\u0131 ruhunu ya\u015fatan Y\u0131lba\u015f\u0131 Pazar\u0131&#8217;n\u0131 gezdi<\/p>\n<p>Ba\u015fkan Se\u00e7er ard\u0131ndan \u00d6zgecan Aslan Bar\u0131\u015f Meydan\u0131&#8217;nda yer alan Y\u0131lba\u015f\u0131 Pazar\u0131&#8217;n\u0131 ziyaret etti. Burada a\u00e7\u0131lan stantlar\u0131 gezen Se\u00e7er, vatanda\u015flar\u0131n yo\u011fun ilgisi ile kar\u015f\u0131land\u0131. Se\u00e7er, Y\u0131lba\u015f\u0131 Pazar\u0131&#8217;nda; yeni y\u0131l temal\u0131 hediyelik s\u00fcs e\u015fyalar\u0131ndan tak\u0131lara, seramik \u00fcr\u00fcnlerden oyuncaklara, mutfak soslar\u0131ndan re\u00e7ellere var\u0131ncaya kadar el eme\u011fi g\u00f6z nuru bir\u00e7ok \u00fcr\u00fcn\u00fcn yer ald\u0131\u011f\u0131 satanlar\u0131 tek tek ziyaret etti. Se\u00e7er,   7&#8217;den 70&#8217;e herkesin e\u011flendi\u011fi ve al\u0131\u015fveri\u015f yapt\u0131\u011f\u0131 pazarda, keyifli vakit ge\u00e7iren vatanda\u015flar\u0131n yeni y\u0131l heyecanlar\u0131na ortak olarak &#8220;Mutlu y\u0131llar&#8221; dileklerinde bulundu.<\/p>\n<p>Stant sahiplerine &#8220;Hay\u0131rl\u0131 \u0130\u015fler&#8221; dile\u011finde bulunan Ba\u015fkan Se\u00e7er, herkesin yeni y\u0131l\u0131n\u0131 kutlad\u0131 Se\u00e7er, stantlarda ikram edilen lezzetlerin de tad\u0131na bakt\u0131.<\/p>\n<p>Se\u00e7er ayr\u0131ca hafta sonunu Mersin sahilinde ge\u00e7iren vatanda\u015flarla da selamla\u015ft\u0131. Se\u00e7er, Forum ziyareti ard\u0131ndan Y\u0131lba\u015f\u0131 Pazar\u0131&#8217;na ge\u00e7erken GMK Bulvar\u0131 \u00fczerinde i\u015fyeri bulunan esnafa selam vererek, &#8216;Hay\u0131rl\u0131 \u0130\u015fler&#8217; diledi. Se\u00e7er, hem Forum AVM&#8217;de hem de Y\u0131lba\u015f\u0131 Pazar\u0131&#8217;nda vatanda\u015flardan gelen talepleri de not ettirdi.<\/p>\n","protected":false},"excerpt":{"rendered":"<p>Mersin B\u00fcy\u00fck\u015fehir Belediye Ba\u015fkan\u0131 Vahap Se\u00e7er, yeni y\u0131l \u00f6ncesinde Forum Al\u0131\u015fveri\u015f Merkezi&#8217;ni ve \u00d6zgecan Aslan Bar\u0131\u015f Meydan\u0131&#8217;nda Mersin B\u00fcy\u00fck\u015fehir Belediyesi taraf\u0131ndan kurulan Y\u0131lba\u015f\u0131 Pazar\u0131&#8217;n\u0131 ziyaret ederek, vatanda\u015flar\u0131n yeni y\u0131llar\u0131n\u0131 kutlad\u0131. \u0130lk olarak Forum AVM&#8217;de vatanda\u015flarla bir araya gelen Ba\u015fkan Se\u00e7er, onlarla selamla\u015f\u0131p, sohbet etti ve yeni y\u0131l\u0131n\u0131 kutlad\u0131. Ard\u0131ndan B\u00fcy\u00fck\u015fehir&#8217;in, reng\u00e2renk atmosferi, \u0131\u015f\u0131kland\u0131rmalar\u0131 ve s\u00fcslemeleriyle [&hellip;]<\/p>\n","protected":false},"author":2,"featured_media":29718,"comment_status":"open","ping_status":"open","sticky":false,"template":"","format":"standard","meta":{"footnotes":""},"categories":[2,3,5],"tags":[],"class_list":["post-29717","post","type-post","status-publish","format-standard","has-post-thumbnail","hentry","category-gundem","category-manset","category-mersin"],"views":4,"_links":{"self":[{"href":"https:\/\/mersinkadingazetesi.com\/index.php?rest_route=\/wp\/v2\/posts\/29717"}],"collection":[{"href":"https:\/\/mersinkadingazetesi.com\/index.php?rest_route=\/wp\/v2\/posts"}],"about":[{"href":"https:\/\/mersinkadingazetesi.com\/index.php?rest_route=\/wp\/v2\/types\/post"}],"author":[{"embeddable":true,"href":"https:\/\/mersinkadingazetesi.com\/index.php?rest_route=\/wp\/v2\/users\/2"}],"replies":[{"embeddable":true,"href":"https:\/\/mersinkadingazetesi.com\/index.php?rest_route=%2Fwp%2Fv2%2Fcomments&post=29717"}],"version-history":[{"count":0,"href":"https:\/\/mersinkadingazetesi.com\/index.php?rest_route=\/wp\/v2\/posts\/29717\/revisions"}],"wp:featuredmedia":[{"embeddable":true,"href":"https:\/\/mersinkadingazetesi.com\/index.php?rest_route=\/wp\/v2\/media\/29718"}],"wp:attachment":[{"href":"https:\/\/mersinkadingazetesi.com\/index.php?rest_route=%2Fwp%2Fv2%2Fmedia&parent=29717"}],"wp:term":[{"taxonomy":"category","embeddable":true,"href":"https:\/\/mersinkadingazetesi.com\/index.php?rest_route=%2Fwp%2Fv2%2Fcategories&post=29717"},{"taxonomy":"post_tag","embeddable":true,"href":"https:\/\/mersinkadingazetesi.com\/index.php?rest_route=%2Fwp%2Fv2%2Ftags&post=29717"}],"curies":[{"name":"wp","href":"https:\/\/api.w.org\/{rel}","templated":true}]}}