{"id":29735,"date":"2024-01-02T12:57:52","date_gmt":"2024-01-02T09:57:52","guid":{"rendered":"http:\/\/mersinkadingazetesi.com\/?p=29735"},"modified":"2024-01-02T12:57:52","modified_gmt":"2024-01-02T09:57:52","slug":"baskan-secerden-3-ocak-mersinin-kurtulus-yil-donumu-mesaji","status":"publish","type":"post","link":"https:\/\/mersinkadingazetesi.com\/?p=29735","title":{"rendered":"BA\u015eKAN SE\u00c7ER&#8217;DEN 3 OCAK MERS\u0130N&#8217;\u0130N KURTULU\u015e YIL D\u00d6N\u00dcM\u00dc MESAJI"},"content":{"rendered":"<p>Mersin B\u00fcy\u00fck\u015fehir Belediye Ba\u015fkan\u0131 Vahap Se\u00e7er, 3 Ocak Mersin&#8217;in d\u00fc\u015fman i\u015fgalinden kurtulu\u015funun 102. y\u0131l d\u00f6n\u00fcm\u00fc dolay\u0131s\u0131yla bir kutlama mesaj\u0131 yay\u0131mlad\u0131.<\/p>\n<p>Ba\u015fkan Se\u00e7er mesaj\u0131nda \u015fu ifadelere yer verdi:<\/p>\n<p>&#8220;3 Ocak, bundan tam 102 y\u0131l \u00f6nce i\u015fgale teslim olmayaca\u011f\u0131n\u0131, kimsenin esaretine boyun e\u011fmeyece\u011fini t\u00fcm d\u00fcnyaya g\u00f6steren Mersin i\u00e7in onur ve gurur g\u00fcn\u00fcd\u00fcr. Sadece g\u00fczel memleketimiz Mersin&#8217;de de\u011fil; t\u00fcm \u00fclkemizde, her t\u00fcrl\u00fc imk\u00e2ns\u0131zl\u0131\u011fa ra\u011fmen verilen m\u00fccadelenin zaferini co\u015fku ve gurur i\u00e7inde kutlaman\u0131n mutlulu\u011funu ya\u015f\u0131yoruz.<\/p>\n<p>Bu anlay\u0131\u015f i\u00e7inde Ulu \u00d6nder Gazi Mustafa Kemal Atat\u00fcrk&#8217;\u00fcn ve d\u00f6nemin \u00f6zg\u00fcrl\u00fck ruhunu rehber edinerek; Mersin&#8217;in zengin tarihini, k\u00fclt\u00fcr\u00fcn\u00fc ve ho\u015fg\u00f6r\u00fcs\u00fcn\u00fc ya\u015fatma sorumlulu\u011fuyla, gelecek nesillere daha g\u00fczel bir miras b\u0131rakma gayreti i\u00e7inde \u00e7al\u0131\u015fmalar\u0131m\u0131za h\u0131z kesmeden devam ediyoruz.<\/p>\n<p>Mersin B\u00fcy\u00fck\u015fehir Belediyesi olarak; kentimizin b\u00fcy\u00fcmesi ve kalk\u0131nmas\u0131 i\u00e7in, birlik ve beraberlik i\u00e7erisinde, daha \u00e7a\u011fda\u015f ve modern bir kent haline getirme azim ve kararl\u0131l\u0131\u011f\u0131m\u0131z\u0131 s\u00fcrd\u00fcr\u00fcyoruz.<\/p>\n<p>Bu vesileyle, Cumhuriyetimizin kurucusu Gazi Mustafa Kemal Atat\u00fcrk&#8217;\u00fc, kurtulu\u015f m\u00fccadelesinde \u015fehit olan kahramanlar\u0131m\u0131z\u0131 ve gazilerimizi rahmet, minnet ve sayg\u0131yla an\u0131yor; t\u00fcm hem\u015ferilerimize sa\u011fl\u0131k, huzur ve mutluluk dolu yar\u0131nlar temenni ediyorum.&#8221;<\/p>\n","protected":false},"excerpt":{"rendered":"<p>Mersin B\u00fcy\u00fck\u015fehir Belediye Ba\u015fkan\u0131 Vahap Se\u00e7er, 3 Ocak Mersin&#8217;in d\u00fc\u015fman i\u015fgalinden kurtulu\u015funun 102. y\u0131l d\u00f6n\u00fcm\u00fc dolay\u0131s\u0131yla bir kutlama mesaj\u0131 yay\u0131mlad\u0131. Ba\u015fkan Se\u00e7er mesaj\u0131nda \u015fu ifadelere yer verdi: &#8220;3 Ocak, bundan tam 102 y\u0131l \u00f6nce i\u015fgale teslim olmayaca\u011f\u0131n\u0131, kimsenin esaretine boyun e\u011fmeyece\u011fini t\u00fcm d\u00fcnyaya g\u00f6steren Mersin i\u00e7in onur ve gurur g\u00fcn\u00fcd\u00fcr. Sadece g\u00fczel memleketimiz Mersin&#8217;de de\u011fil; [&hellip;]<\/p>\n","protected":false},"author":2,"featured_media":29736,"comment_status":"open","ping_status":"open","sticky":false,"template":"","format":"standard","meta":{"footnotes":""},"categories":[3],"tags":[],"class_list":["post-29735","post","type-post","status-publish","format-standard","has-post-thumbnail","hentry","category-manset"],"views":1,"_links":{"self":[{"href":"https:\/\/mersinkadingazetesi.com\/index.php?rest_route=\/wp\/v2\/posts\/29735"}],"collection":[{"href":"https:\/\/mersinkadingazetesi.com\/index.php?rest_route=\/wp\/v2\/posts"}],"about":[{"href":"https:\/\/mersinkadingazetesi.com\/index.php?rest_route=\/wp\/v2\/types\/post"}],"author":[{"embeddable":true,"href":"https:\/\/mersinkadingazetesi.com\/index.php?rest_route=\/wp\/v2\/users\/2"}],"replies":[{"embeddable":true,"href":"https:\/\/mersinkadingazetesi.com\/index.php?rest_route=%2Fwp%2Fv2%2Fcomments&post=29735"}],"version-history":[{"count":0,"href":"https:\/\/mersinkadingazetesi.com\/index.php?rest_route=\/wp\/v2\/posts\/29735\/revisions"}],"wp:featuredmedia":[{"embeddable":true,"href":"https:\/\/mersinkadingazetesi.com\/index.php?rest_route=\/wp\/v2\/media\/29736"}],"wp:attachment":[{"href":"https:\/\/mersinkadingazetesi.com\/index.php?rest_route=%2Fwp%2Fv2%2Fmedia&parent=29735"}],"wp:term":[{"taxonomy":"category","embeddable":true,"href":"https:\/\/mersinkadingazetesi.com\/index.php?rest_route=%2Fwp%2Fv2%2Fcategories&post=29735"},{"taxonomy":"post_tag","embeddable":true,"href":"https:\/\/mersinkadingazetesi.com\/index.php?rest_route=%2Fwp%2Fv2%2Ftags&post=29735"}],"curies":[{"name":"wp","href":"https:\/\/api.w.org\/{rel}","templated":true}]}}