{"id":29782,"date":"2024-01-04T12:44:04","date_gmt":"2024-01-04T09:44:04","guid":{"rendered":"http:\/\/mersinkadingazetesi.com\/?p=29782"},"modified":"2024-01-04T12:44:04","modified_gmt":"2024-01-04T09:44:04","slug":"mersinde-silah-egitimi-verildi-3","status":"publish","type":"post","link":"https:\/\/mersinkadingazetesi.com\/?p=29782","title":{"rendered":"Mersin\u2019de Silah E\u011fitimi Verildi"},"content":{"rendered":"<p>Mersin Orman B\u00f6lge M\u00fcd\u00fcrl\u00fc\u011f\u00fcnde, Ormanlar\u0131n muhafazas\u0131nda aktif g\u00f6revli olan personele da\u011f\u0131t\u0131lan tabancalarla ilgili olarak bak\u0131m, emniyet ve at\u0131\u015f konular\u0131nda e\u011fitim verildi.<br \/>\n\u00a0<br \/>\nMersin Polis\u00a0E\u011fitim Merkezi (POMEM) At\u0131\u015f Poligonunda yap\u0131lan e\u011fitime B\u00f6lge M\u00fcd\u00fcr Yard\u0131mc\u0131s\u0131 Ya\u015far Yaman Sa\u011flam, \u015fube m\u00fchendisleri, i\u015fletme \u015fefleri, orman muhafaza memurlar\u0131 ile di\u011fer silahla te\u00e7hiz edilecek personel kat\u0131ld\u0131.<br \/>\n\u00a0<br \/>\nMersin Orman B\u00f6lge M\u00fcd\u00fcrl\u00fc\u011f\u00fc \u00e7al\u0131\u015fanlar\u0131, Genel M\u00fcd\u00fcrl\u00fc\u011f\u00fcm\u00fcz\u00fcn emirleri do\u011frultusunda, ormanlar\u0131n muhafazas\u0131nda aktif g\u00f6revli olan personele da\u011f\u0131t\u0131lan tabancalarla ilgili olarak bak\u0131m,\u00a0emniyet ve at\u0131\u015f konular\u0131nda e\u011fitim ald\u0131lar.<br \/>\n\u00a0<br \/>\nMersin Polis E\u011fitim Merkezi taraf\u0131ndan iki a\u015famal\u0131 olarak 03-05 Ocak tarihleri boyunca 73 ki\u015fiye verilecek olan e\u011fitimlerde teorik olarak, tabancalar\u0131n tan\u0131t\u0131m\u0131, \u00f6zellikleri, yasal mevzuat, tabanca s\u00f6kme ve takma uygulamalar\u0131\u00a0verilerek, ard\u0131ndan temel at\u0131\u015f e\u011fitimi yap\u0131lmaktad\u0131r.<\/p>\n","protected":false},"excerpt":{"rendered":"<p>Mersin Orman B\u00f6lge M\u00fcd\u00fcrl\u00fc\u011f\u00fcnde, Ormanlar\u0131n muhafazas\u0131nda aktif g\u00f6revli olan personele da\u011f\u0131t\u0131lan tabancalarla ilgili olarak bak\u0131m, emniyet ve at\u0131\u015f konular\u0131nda e\u011fitim verildi. \u00a0 Mersin Polis\u00a0E\u011fitim Merkezi (POMEM) At\u0131\u015f Poligonunda yap\u0131lan e\u011fitime B\u00f6lge M\u00fcd\u00fcr Yard\u0131mc\u0131s\u0131 Ya\u015far Yaman Sa\u011flam, \u015fube m\u00fchendisleri, i\u015fletme \u015fefleri, orman muhafaza memurlar\u0131 ile di\u011fer silahla te\u00e7hiz edilecek personel kat\u0131ld\u0131. \u00a0 Mersin Orman B\u00f6lge M\u00fcd\u00fcrl\u00fc\u011f\u00fc [&hellip;]<\/p>\n","protected":false},"author":2,"featured_media":29783,"comment_status":"open","ping_status":"open","sticky":false,"template":"","format":"standard","meta":{"footnotes":""},"categories":[2,3],"tags":[],"class_list":["post-29782","post","type-post","status-publish","format-standard","has-post-thumbnail","hentry","category-gundem","category-manset"],"views":2,"_links":{"self":[{"href":"https:\/\/mersinkadingazetesi.com\/index.php?rest_route=\/wp\/v2\/posts\/29782"}],"collection":[{"href":"https:\/\/mersinkadingazetesi.com\/index.php?rest_route=\/wp\/v2\/posts"}],"about":[{"href":"https:\/\/mersinkadingazetesi.com\/index.php?rest_route=\/wp\/v2\/types\/post"}],"author":[{"embeddable":true,"href":"https:\/\/mersinkadingazetesi.com\/index.php?rest_route=\/wp\/v2\/users\/2"}],"replies":[{"embeddable":true,"href":"https:\/\/mersinkadingazetesi.com\/index.php?rest_route=%2Fwp%2Fv2%2Fcomments&post=29782"}],"version-history":[{"count":0,"href":"https:\/\/mersinkadingazetesi.com\/index.php?rest_route=\/wp\/v2\/posts\/29782\/revisions"}],"wp:featuredmedia":[{"embeddable":true,"href":"https:\/\/mersinkadingazetesi.com\/index.php?rest_route=\/wp\/v2\/media\/29783"}],"wp:attachment":[{"href":"https:\/\/mersinkadingazetesi.com\/index.php?rest_route=%2Fwp%2Fv2%2Fmedia&parent=29782"}],"wp:term":[{"taxonomy":"category","embeddable":true,"href":"https:\/\/mersinkadingazetesi.com\/index.php?rest_route=%2Fwp%2Fv2%2Fcategories&post=29782"},{"taxonomy":"post_tag","embeddable":true,"href":"https:\/\/mersinkadingazetesi.com\/index.php?rest_route=%2Fwp%2Fv2%2Ftags&post=29782"}],"curies":[{"name":"wp","href":"https:\/\/api.w.org\/{rel}","templated":true}]}}