{"id":29785,"date":"2024-01-04T12:44:50","date_gmt":"2024-01-04T09:44:50","guid":{"rendered":"http:\/\/mersinkadingazetesi.com\/?p=29785"},"modified":"2024-01-04T12:44:50","modified_gmt":"2024-01-04T09:44:50","slug":"buyuksehir-mersinin-kurtulus-coskusunu-sokaklardan-salonlara-tasidi","status":"publish","type":"post","link":"https:\/\/mersinkadingazetesi.com\/?p=29785","title":{"rendered":"B\u00dcY\u00dcK\u015eEH\u0130R MERS\u0130N&#8217;\u0130N KURTULU\u015e CO\u015eKUSUNU SOKAKLARDAN SALONLARA TA\u015eIDI"},"content":{"rendered":"<p>Mersin B\u00fcy\u00fck\u015fehir Belediyesi, &#8216;102 y\u0131ld\u0131r sevdi\u011fimiz c\u00fcmle: \u00d6zg\u00fcr Mersin&#8217; slogan\u0131yla Mersin&#8217;in d\u00fc\u015fman i\u015fgalinden kurtulu\u015funun 102. y\u0131l d\u00f6n\u00fcm\u00fcnde bir dizi program d\u00fczenledi.<\/p>\n<p>Sabah saatlerinde Mersin sokaklar\u0131nda b\u00fcy\u00fck bir co\u015fkuyla ba\u015flayan kutlamalar\u0131 Mersin B\u00fcy\u00fck\u015fehir Belediyesi Kongre ve Sergi Saray\u0131&#8217;na ta\u015f\u0131yan B\u00fcy\u00fck\u015fehir, Mersin&#8217;e De\u011fer Katanlar Kurulu (MEDEKA) ve Mersin Kent Konseyi i\u015fbirli\u011finde Sivil Toplumun Sesi Korosu&#8217;nun g\u00f6sterisi ve s\u00f6yle\u015filerle Mersin tarihini yeniden hat\u0131rlatt\u0131.<\/p>\n<p>Mersin i\u00e7in ilk kez mar\u015f bestelendi<\/p>\n<p>Mersin i\u00e7in ilk kez besteledi\u011fi Mersin Mar\u015f\u0131&#8217;n\u0131 bu etkinlikle duyuran Mersin \u00dcniversitesi Devlet Konservatuvar\u0131 Kompozisyon ve Orkestra \u015eefli\u011fi B\u00f6l\u00fcm\u00fcnde \u00d6\u011fretim G\u00f6revlisi Dr. Duygu Deniz Demirel, Sivil Toplumun Sesi Korosu&#8217;nun seslendirdi\u011fi mar\u015f\u0131 Mersin&#8217;e ve Mersinlilere arma\u011fan etti. Programda; gelecek nesillere Mersin&#8217;in \u015fanl\u0131 tarihini aktarmak i\u00e7in yazar Saadet Bilir&#8217;in moderat\u00f6rl\u00fc\u011f\u00fcnde Mersin Sanat Edebiyat Derne\u011fi Kurucu Ba\u015fkan\u0131 Erkan \u00d6zayd\u0131n ve gazeteci-yazar \u0130brahim Yal\u00e7\u0131ner&#8217;in s\u00f6yle\u015fisine de yer verildi.<\/p>\n<p>\u00d6zd\u00fclger: &#8220;Bu g\u00fczel zeminde bir arada olman\u0131n gururunu ya\u015f\u0131yoruz&#8221;<\/p>\n<p>K\u00fclt\u00fcr ve Sosyal \u0130\u015fler Dairesi Ba\u015fkanl\u0131\u011f\u0131 Koordinat\u00f6r\u00fc, Opera Sanat\u00e7\u0131s\u0131 Bengi \u0130spir \u00d6zd\u00fclger, Mersin&#8217;in kurtulu\u015funun y\u0131l d\u00f6n\u00fcm\u00fcn\u00fc kutlaman\u0131n gurur ve mutlulu\u011funu ya\u015fad\u0131klar\u0131n\u0131 belirterek, &#8220;Bundan 102 y\u0131l \u00f6nce 3 Ocak 1922&#8217;de Mersin halk\u0131 esarete hi\u00e7bir zaman boyun e\u011fmeyece\u011fini g\u00f6stermi\u015f, ba\u011f\u0131ms\u0131zl\u0131k me\u015falesini bir daha s\u00f6nmemek \u00fczere yakm\u0131\u015ft\u0131r. Mersinliler ba\u011f\u0131ms\u0131zl\u0131k destan\u0131n\u0131n yaz\u0131lmas\u0131nda rol alan \u00f6nemli kahramanlardand\u0131r. B\u00fcy\u00fck \u00d6nder Gazi Mustafa Kemal Atat\u00fcrk&#8217;\u00fc ve d\u00f6nemin \u00f6zg\u00fcrl\u00fck ruhunu kendimize rehber olarak ald\u0131k. Mersin&#8217;in tarihinin, k\u00fclt\u00fcr\u00fcn\u00fcn ve ho\u015fg\u00f6r\u00fcs\u00fcn\u00fcn b\u00fcy\u00fck bir kazan\u00e7 ve zenginlik oldu\u011funun bilinciyle bu g\u00fczel \u015fehirde bir arada olman\u0131n gururunu ya\u015f\u0131yoruz&#8221; dedi. Sivil Toplumun Sesi Korosu&#8217;nun \u00e7ok \u00f6nemsediklerini ve k\u0131ymet verdiklerini vurgulayan \u00d6zd\u00fclger, &#8220;MEDEKA ve Mersin Kent Konseyi&#8217;nin i\u015f birli\u011fiyle g\u00fczel bir \u00e7al\u0131\u015fma ger\u00e7ekle\u015ftirdiler. Emek veren herkese \u00e7ok te\u015fekk\u00fcr ediyorum. Bir arada olman\u0131n mutlulu\u011fu ve g\u00fcc\u00fcn\u00fc ya\u015f\u0131yoruz. Bu beraberli\u011fin her zaman devam etmesini diliyoruz&#8221; ifadelerini kulland\u0131.<\/p>\n<p>Demirel: &#8220;Amac\u0131m\u0131z, Mersin&#8217;in en g\u00fczel sesi olmak&#8221;<\/p>\n<p>Mersin \u00dcniversitesi Devlet Konservatuvar\u0131 Kompozisyon ve Orkestra \u015eefli\u011fi B\u00f6l\u00fcm\u00fcnde \u00d6\u011fretim G\u00f6revlisi Doktor Duygu Deniz Demirel,  dinletiyi \u00f6zellikle b\u00f6yle anlaml\u0131 bir g\u00fcnde ger\u00e7ekle\u015ftirmek istediklerini s\u00f6yledi. Koro ile Mersin&#8217;in en g\u00fczel sesi olmak istediklerini kaydeden Demirel, &#8220;M\u00fczik arac\u0131l\u0131\u011f\u0131 ile kentimiz ve T\u00fcrkiye i\u00e7in en g\u00fczel ses olma hayalindeyiz. Daha \u00fc\u00e7 ayl\u0131k yeni bir koroyuz. Bu \u00fc\u00e7 ayda bir\u00e7ok t\u00fcrk\u00fcler ve Mersin Mar\u015f\u0131 da dahil olmak \u00fczere geni\u015f bir repertuar haz\u0131rlad\u0131k&#8221; diye konu\u015ftu.<\/p>\n<p>&#8220;Bu projenin en g\u00fczel \u00e7\u0131kt\u0131s\u0131 Mersin Mar\u015f\u0131 oldu&#8221;<\/p>\n<p>Demirel, ilk kez seslendirdikleri Mersin Mar\u015f\u0131&#8217;n\u0131n s\u00f6z\u00fc ve m\u00fczi\u011finin kendisine ait oldu\u011funu belirterek, &#8220;Bir arkada\u015f\u0131m; &#8216;Neden hep \u0130zmir Mar\u015f\u0131 s\u00f6yleniyor? Mersinimizin mar\u015f\u0131 yok mu?&#8217; dedi\u011finde &#8216;hakl\u0131s\u0131n&#8217; dedim, yazd\u0131m. Mersinimizi anlatan bir mar\u015f. Daha anlaml\u0131 olur diye 3 Ocak&#8217;a denk getirmek istedim. Bana kal\u0131rsa Sivil Toplum Korosu&#8217;nun ve bu projenin en g\u00fczel, en anlaml\u0131 \u00e7\u0131kt\u0131s\u0131 bu mar\u015f oldu. Mersinimize hediye ettim. Bundan sonra sahip \u00e7\u0131kmas\u0131 gereken Mersinlimiz, kurulu\u015flar, kurumlar&#8221; ifadelerini kulland\u0131.<\/p>\n<p>Mersin&#8217;in \u015fanl\u0131 tarihini gazeteci ve yazarlar anlatt\u0131<\/p>\n<p>Sivil Toplumun Sesi Korosu&#8217;nun Mersin Mar\u015f\u0131&#8217;n\u0131 seslendirmesinin ard\u0131ndan yazar Saadet Bilir&#8217;in moderat\u00f6rl\u00fc\u011f\u00fcn\u00fc yapt\u0131\u011f\u0131 &#8216;Mersin&#8217;in Kurtulu\u015funun Tarihi: 3 Ocak&#8217; isimli s\u00f6yle\u015fide Mersin Sanat Edebiyat Derne\u011fi Kurucu Ba\u015fkan\u0131 Erkan \u00d6zayd\u0131n ve gazeteci-yazar \u0130brahim Yal\u00e7\u0131ner Mersin&#8217;in \u015fanl\u0131 tarihinden ve tarihe ad\u0131n\u0131 ge\u00e7iren kahramanlardan bahsetti.<\/p>\n<p>Kurtulu\u015fun Kuvay\u0131 Milliye kahramanlar\u0131 taraf\u0131ndan elde edildi\u011finin alt\u0131n\u0131 \u00e7izen Yal\u00e7\u0131ner, kaynaklarda ad\u0131 ge\u00e7en her bir kahraman\u0131 kat\u0131l\u0131mc\u0131lara yeniden tan\u0131tt\u0131. Bir gaziden Mersin&#8217;in tarihini dinleme \u015fans\u0131 buldu\u011funu s\u00f6yleyen \u00d6zayd\u0131n ise, gazinin i\u015fgal d\u00f6neminde hayat\u0131n\u0131 hi\u00e7e sayarak yapt\u0131\u011f\u0131 kahramanl\u0131klar\u0131 anlatt\u0131.<\/p>\n","protected":false},"excerpt":{"rendered":"<p>Mersin B\u00fcy\u00fck\u015fehir Belediyesi, &#8216;102 y\u0131ld\u0131r sevdi\u011fimiz c\u00fcmle: \u00d6zg\u00fcr Mersin&#8217; slogan\u0131yla Mersin&#8217;in d\u00fc\u015fman i\u015fgalinden kurtulu\u015funun 102. y\u0131l d\u00f6n\u00fcm\u00fcnde bir dizi program d\u00fczenledi. Sabah saatlerinde Mersin sokaklar\u0131nda b\u00fcy\u00fck bir co\u015fkuyla ba\u015flayan kutlamalar\u0131 Mersin B\u00fcy\u00fck\u015fehir Belediyesi Kongre ve Sergi Saray\u0131&#8217;na ta\u015f\u0131yan B\u00fcy\u00fck\u015fehir, Mersin&#8217;e De\u011fer Katanlar Kurulu (MEDEKA) ve Mersin Kent Konseyi i\u015fbirli\u011finde Sivil Toplumun Sesi Korosu&#8217;nun g\u00f6sterisi ve [&hellip;]<\/p>\n","protected":false},"author":2,"featured_media":29786,"comment_status":"open","ping_status":"open","sticky":false,"template":"","format":"standard","meta":{"footnotes":""},"categories":[3,10],"tags":[],"class_list":["post-29785","post","type-post","status-publish","format-standard","has-post-thumbnail","hentry","category-manset","category-spor"],"views":3,"_links":{"self":[{"href":"https:\/\/mersinkadingazetesi.com\/index.php?rest_route=\/wp\/v2\/posts\/29785"}],"collection":[{"href":"https:\/\/mersinkadingazetesi.com\/index.php?rest_route=\/wp\/v2\/posts"}],"about":[{"href":"https:\/\/mersinkadingazetesi.com\/index.php?rest_route=\/wp\/v2\/types\/post"}],"author":[{"embeddable":true,"href":"https:\/\/mersinkadingazetesi.com\/index.php?rest_route=\/wp\/v2\/users\/2"}],"replies":[{"embeddable":true,"href":"https:\/\/mersinkadingazetesi.com\/index.php?rest_route=%2Fwp%2Fv2%2Fcomments&post=29785"}],"version-history":[{"count":0,"href":"https:\/\/mersinkadingazetesi.com\/index.php?rest_route=\/wp\/v2\/posts\/29785\/revisions"}],"wp:featuredmedia":[{"embeddable":true,"href":"https:\/\/mersinkadingazetesi.com\/index.php?rest_route=\/wp\/v2\/media\/29786"}],"wp:attachment":[{"href":"https:\/\/mersinkadingazetesi.com\/index.php?rest_route=%2Fwp%2Fv2%2Fmedia&parent=29785"}],"wp:term":[{"taxonomy":"category","embeddable":true,"href":"https:\/\/mersinkadingazetesi.com\/index.php?rest_route=%2Fwp%2Fv2%2Fcategories&post=29785"},{"taxonomy":"post_tag","embeddable":true,"href":"https:\/\/mersinkadingazetesi.com\/index.php?rest_route=%2Fwp%2Fv2%2Ftags&post=29785"}],"curies":[{"name":"wp","href":"https:\/\/api.w.org\/{rel}","templated":true}]}}