{"id":29797,"date":"2024-01-04T16:54:20","date_gmt":"2024-01-04T13:54:20","guid":{"rendered":"http:\/\/mersinkadingazetesi.com\/?p=29797"},"modified":"2024-01-04T16:54:20","modified_gmt":"2024-01-04T13:54:20","slug":"nil-rtvye-konuk-olan-zeliha-akkus-egitim-toplumsal-cinsiyet-odakli-olmali","status":"publish","type":"post","link":"https:\/\/mersinkadingazetesi.com\/?p=29797","title":{"rendered":"N\u0130L RTV\u2019ye konuk olan Zeliha Akku\u015f:  E\u011e\u0130T\u0130M \u2018TOPLUMSAL C\u0130NS\u0130YET ODAKLI\u2019 OLMALI"},"content":{"rendered":"<p>Yay\u0131n hayat\u0131nda 15. y\u0131la giren Mersin Kad\u0131n Gazetesi\u2018nin \u0130mtiyaz Sahibi Zeliha Akku\u015f N\u0130L RTV\u2019de canl\u0131 yay\u0131n konu\u011fu oldu.<br \/>\nN\u0130L RTV Genel Yay\u0131n Yay\u0131n Y\u00f6netmeni Leyla Pak\u2019\u0131n haz\u0131rlay\u0131p sundu\u011fu, \u2018Leyla Pak ile S\u00fcrman\u015fet\u2018 program\u0131na konuk olan Gazeteci-Yazar Zeliha Akku\u015f, Mersin Kad\u0131n Gazetesi\u2019nin 15 y\u0131l \u00f6nce yay\u0131n hayat\u0131na ba\u015flad\u0131\u011f\u0131n\u0131, gazetenin \u00e7\u0131k\u0131\u015f noktas\u0131n\u0131n ve gazetenin hangi ilkeler do\u011frultusunda yay\u0131nland\u0131\u011f\u0131n\u0131 detayl\u0131 bir \u015fekilde anlatt\u0131.<\/p>\n<p>CEZA \u0130ND\u0130R\u0130MLER\u0130 DE TARTI\u015eILDI!<\/p>\n<p>T\u00fcrkiye\u2019de ve Mersin\u2019de kad\u0131n m\u00fccadelesinin nereden nereye geldi\u011fini<br \/>\ngen\u00e7 kad\u0131nlar\u0131n, ev kad\u0131nlar\u0131n\u0131n ve \u00e7al\u0131\u015fan kad\u0131nlar\u0131n kad\u0131n olma halinin kad\u0131nlara nas\u0131l yans\u0131d\u0131\u011f\u0131n\u0131,<br \/>\nkad\u0131nlar\u0131n toplumdaki yeri ve yarat\u0131lan alg\u0131n\u0131n neler oldu\u011funu konu\u015fan Zeliha Akku\u015f, sohbette kad\u0131n\u0131n giyim ku\u015fam ve davran\u0131\u015flar\u0131n\u0131n da toplumda nas\u0131l alg\u0131 yaratt\u0131\u011f\u0131n\u0131 \u00f6rneklerle ifade etti.<br \/>\nGazeteci-Yazar Zeliha Akku\u015f, \u00f6zellikle de erkeklerin kad\u0131nlara kar\u015f\u0131 yapt\u0131\u011f\u0131 taciz, tehdit, tecav\u00fcz ve \u00f6ld\u00fcr\u00fclmelerde erkeklere uygulanan ceza indirimlerinin yanl\u0131\u015fl\u0131\u011f\u0131n\u0131n alt\u0131n\u0131 \u00e7izdi. G\u00fcn\u00fcm\u00fczde gen\u00e7lerin e\u011fitim ve \u00f6\u011fretimlerinin toplumsal cinsiyet odakl\u0131 olmas\u0131 y\u00f6n\u00fcnde y\u00f6netenlerin acilen karar almas\u0131 gerekti\u011fini de \u00f6zellikle vurgulad\u0131.<br \/>\nKad\u0131nlar\u0131n \u00f6rg\u00fctl\u00fc m\u00fccadelesinde y\u0131llar boyunca nereden nereye geldi\u011fi konusunda s\u00fcren ho\u015f sohbet sonras\u0131nda, kad\u0131nlar\u0131n m\u00fccadelesi ad\u0131na yap\u0131lan \u00e7al\u0131\u015fmalarda umut \u0131\u015f\u0131klar\u0131 oldu\u011fu belirtildi.<\/p>\n<p>N\u0130L RTV HAKKINDA<\/p>\n<p>N\u0130L RTV, Nil Sezer, Mesut Sezer ve Kaan Sezer ortakl\u0131\u011f\u0131 ile Nil Medya Group A.\u015e. olarak kuruldu.<br \/>\n\u0130lkeli yay\u0131nc\u0131l\u0131k anlay\u0131\u015f\u0131 ile<br \/>\nMersin\u2019de yeni yay\u0131n hayat\u0131na ba\u015flayan N\u0130L RTV, ayn\u0131 zamanda Mersin\u2019in ilk yasal dijital televizyonu olma \u00f6zelli\u011fini de ta\u015f\u0131makta.<\/p>\n","protected":false},"excerpt":{"rendered":"<p>Yay\u0131n hayat\u0131nda 15. y\u0131la giren Mersin Kad\u0131n Gazetesi\u2018nin \u0130mtiyaz Sahibi Zeliha Akku\u015f N\u0130L RTV\u2019de canl\u0131 yay\u0131n konu\u011fu oldu. N\u0130L RTV Genel Yay\u0131n Yay\u0131n Y\u00f6netmeni Leyla Pak\u2019\u0131n haz\u0131rlay\u0131p sundu\u011fu, \u2018Leyla Pak ile S\u00fcrman\u015fet\u2018 program\u0131na konuk olan Gazeteci-Yazar Zeliha Akku\u015f, Mersin Kad\u0131n Gazetesi\u2019nin 15 y\u0131l \u00f6nce yay\u0131n hayat\u0131na ba\u015flad\u0131\u011f\u0131n\u0131, gazetenin \u00e7\u0131k\u0131\u015f noktas\u0131n\u0131n ve gazetenin hangi ilkeler do\u011frultusunda [&hellip;]<\/p>\n","protected":false},"author":2,"featured_media":29798,"comment_status":"open","ping_status":"open","sticky":false,"template":"","format":"standard","meta":{"footnotes":""},"categories":[8,2,3,5],"tags":[],"class_list":["post-29797","post","type-post","status-publish","format-standard","has-post-thumbnail","hentry","category-ekonomi","category-gundem","category-manset","category-mersin"],"views":4,"_links":{"self":[{"href":"https:\/\/mersinkadingazetesi.com\/index.php?rest_route=\/wp\/v2\/posts\/29797"}],"collection":[{"href":"https:\/\/mersinkadingazetesi.com\/index.php?rest_route=\/wp\/v2\/posts"}],"about":[{"href":"https:\/\/mersinkadingazetesi.com\/index.php?rest_route=\/wp\/v2\/types\/post"}],"author":[{"embeddable":true,"href":"https:\/\/mersinkadingazetesi.com\/index.php?rest_route=\/wp\/v2\/users\/2"}],"replies":[{"embeddable":true,"href":"https:\/\/mersinkadingazetesi.com\/index.php?rest_route=%2Fwp%2Fv2%2Fcomments&post=29797"}],"version-history":[{"count":0,"href":"https:\/\/mersinkadingazetesi.com\/index.php?rest_route=\/wp\/v2\/posts\/29797\/revisions"}],"wp:featuredmedia":[{"embeddable":true,"href":"https:\/\/mersinkadingazetesi.com\/index.php?rest_route=\/wp\/v2\/media\/29798"}],"wp:attachment":[{"href":"https:\/\/mersinkadingazetesi.com\/index.php?rest_route=%2Fwp%2Fv2%2Fmedia&parent=29797"}],"wp:term":[{"taxonomy":"category","embeddable":true,"href":"https:\/\/mersinkadingazetesi.com\/index.php?rest_route=%2Fwp%2Fv2%2Fcategories&post=29797"},{"taxonomy":"post_tag","embeddable":true,"href":"https:\/\/mersinkadingazetesi.com\/index.php?rest_route=%2Fwp%2Fv2%2Ftags&post=29797"}],"curies":[{"name":"wp","href":"https:\/\/api.w.org\/{rel}","templated":true}]}}