{"id":29803,"date":"2024-01-04T16:56:34","date_gmt":"2024-01-04T13:56:34","guid":{"rendered":"http:\/\/mersinkadingazetesi.com\/?p=29803"},"modified":"2024-01-04T16:56:34","modified_gmt":"2024-01-04T13:56:34","slug":"akdeniz-belediyesi-yaparak-ve-yasayarak-ogrenme-merkezi-acildi","status":"publish","type":"post","link":"https:\/\/mersinkadingazetesi.com\/?p=29803","title":{"rendered":"AKDEN\u0130Z BELED\u0130YES\u0130 \u201cYAPARAK VE YA\u015eAYARAK \u00d6\u011eRENME MERKEZ\u0130\u201d A\u00c7ILDI"},"content":{"rendered":"<p>Akdeniz Belediyesi taraf\u0131ndan il\u00e7ede ilk kez hizmete a\u00e7\u0131lan ve t\u00fcm merkez il\u00e7elerden dileyen \u00f6\u011frenci ve \u00f6\u011fretmenlerin faydalanabilece\u011fi \u2018Yaparak ve Ya\u015fayarak \u00d6\u011frenme Merkezi\u2019nin a\u00e7\u0131l\u0131\u015f\u0131 g\u00f6rkemli bir t\u00f6renle ger\u00e7ekle\u015ftirildi.<br \/>\nAkdeniz il\u00e7esine ba\u011fl\u0131 G\u00fcndo\u011fdu Mahallesi\u2019ne kurulan \u2018Yaparak ve Ya\u015fayarak \u00d6\u011frenme Merkezi\u2019nde, \u201cEnerjiden elektrik \u00fcretimi; arduino e\u011fitimi (a\u00e7\u0131k kaynak kodlu yaz\u0131l\u0131m ve donan\u0131ma sahip bir mikro denetleyici platformu), robotik kodlama, okul \u00f6ncesi \u00e7ocuklar\u0131n el-beyin koordinasyonu ve problem \u00e7\u00f6zme becerisi kazand\u0131rma, planetaryum (g\u00fcne\u015fin, y\u0131ld\u0131z\u0131n, gezegenler ve di\u011fer cisimlerin incelemesi)\u201d gibi \u00e7ocuklar ve gen\u00e7lerin bilim ve teknoloji ile bulu\u015faca\u011f\u0131 bir ortam bulunuyor.<br \/>\nMerkezin a\u00e7\u0131l\u0131\u015f\u0131na, Mersin Valisi Ali Hamza Pehlivan ve Akdeniz Kaymakam\u0131 Zeyit \u015eener, Akdeniz Belediye Ba\u015fkan\u0131 M. Mustafa G\u00fcltak, Mersin \u0130l Milli E\u011fitim M\u00fcd\u00fcr\u00fc Fazilet Durmu\u015f ile Akdeniz \u0130l\u00e7e Milli E\u011fitim M\u00fcd\u00fcr\u00fc Adem \u015eim\u015fek, \u00f6\u011fretmenler ve farkl\u0131 okullardan \u00f6\u011frenciler kat\u0131ld\u0131.<br \/>\n\u201cAkdeniz\u2019de bir\u00e7ok ilki ger\u00e7ekle\u015ftirdik\u201d<br \/>\nMerkezin a\u00e7\u0131l\u0131\u015f\u0131 \u00f6ncesi s\u00f6z alan Ba\u015fkan G\u00fcltak, se\u00e7ildikleri g\u00fcnden bu g\u00fcne kadar Akdeniz\u2019de bir\u00e7ok ilki ger\u00e7ekle\u015ftirdiklerini belirterek, Yaparak ve Ya\u015fayarak \u00d6\u011frenme Merkezi\u2019nin de bu hizmetlerden birisi oldu\u011funu s\u00f6yledi. Mersin\u2019e 30 y\u0131ld\u0131r kentsel d\u00f6n\u00fc\u015f\u00fcm\u00fcn gelmedi\u011fini ve kendi d\u00f6nemlerinde bunu ba\u015fard\u0131klar\u0131n\u0131 vurgulayan Ba\u015fkan G\u00fcltak, \u201c\u015eehrin marka de\u011ferini ortaya koyacak festivaller yap\u0131lm\u0131yordu, bunlar\u0131 ba\u015fard\u0131k. Bunun gibi e\u011fitim ve spor alan\u0131nda yapt\u0131\u011f\u0131m\u0131z ilkler var.<br \/>\nOnkob\u00fcs hizmetimiz, T\u00fcrkiye\u2019de ilk bir proje. Bu hizmetimiz de kent merkezinde bu \u015fekilde donan\u0131ml\u0131 bir e\u011fitim merkezi yok. Yapt\u0131\u011f\u0131m\u0131z bina, sadece Akdeniz\u2019de ya\u015fayan \u00e7ocuklar\u0131n de\u011fil, Mezitli, Yeni\u015fehir ve Toroslar\u2019da ya\u015fayan \u00e7ocuklar\u0131n da e\u011fitim alabilece\u011fi bir bina. Bir zamanlar belki Akdeniz\u2019in gen\u00e7leri, Yeni\u015fehir\u2019in Mezitli\u2019nin gen\u00e7lerine \u00f6zeniyorlard\u0131. Ama art\u0131k Akdeniz, bir\u00e7ok konuda di\u011fer il\u00e7elerin \u00f6n\u00fcne ge\u00e7iyor. Mesela say\u0131sal T\u00fcrkiye 496\u2019nc\u0131s\u0131 Yeni\u015fehir\u2019den, Mezitli\u2019den ya da Toroslar\u2019dan de\u011fil, bizim Et\u00fct Merkezimizden \u00e7\u0131kt\u0131. YGS b\u00f6lge birincisi Yeni\u015fehir\u2019den de\u011fil, \u00c7ay Mahallesi\u2019nden, yine bizim et\u00fct merkezimizden \u00e7\u0131kt\u0131. Demek ki \u015fartlar\u0131 ve zemini olgunla\u015ft\u0131r\u0131rsan\u0131z, Akdeniz\u2019de \u00e7ok fazla yetenekli ve ba\u015far\u0131 \u00e7ocuklar var. Bug\u00fcne kadar birileri kasten bunu engelledi\u201d diye konu\u015ftu.<br \/>\n\u201cArt\u0131k Akdeniz\u2019de milli, yerli, \u00f6rf ve \u00e2detini bilen nesiller yeti\u015fiyor\u201d<br \/>\nKad\u0131nlara ve gen\u00e7lere \u00e7ok \u00f6nem verdiklerinin alt\u0131n\u0131 \u00e7izen Ba\u015fkan G\u00fcltak, \u201cK\u00fclt\u00fcr ve sanata \u00e7ok \u00f6nem verdik. Bunun da meyvelerini almaya ba\u015fl\u0131yoruz. Art\u0131k Akdeniz\u2019de milli, yerli, \u00f6rf ve \u00e2detini bilen bir nesil yeti\u015fiyor. Bu g\u00f6rev, asfalt veya kald\u0131r\u0131mdan daha de\u011ferli. Devleti ve toplumuyla bar\u0131\u015f\u0131k, bir nesil i\u00e7in u\u011fra\u015f\u0131yoruz. Buradaki g\u00f6rd\u00fc\u011f\u00fcn\u00fcz her \u015fey Mersin merkezdeki \u00f6\u011fretmenlerimiz taraf\u0131ndan yapt\u0131r\u0131ld\u0131. Merkezimiz, Mersin Valili\u011fi himayeleri, \u0130l Milli E\u011fitim ve \u0130l\u00e7e Milli E\u011fitim M\u00fcd\u00fcrl\u00fc\u011f\u00fcm\u00fcz\u00fcn program\u0131yla randevu usul\u00fc \u00e7al\u0131\u015facak. Akdeniz i\u00e7in zaman deste\u011fini hi\u00e7bir zaman eksik etmeyen Cumhurba\u015fkan\u0131m\u0131z Say\u0131n Recep Tayyip Erdo\u011fan\u2019a te\u015fekk\u00fcr ediyorum\u201d ifadelerini kulland\u0131.<br \/>\nVali Pehlivan: \u201cYa\u015fayarak \u00f6\u011frenme, e\u011fitimin kal\u0131c\u0131l\u0131\u011f\u0131n\u0131 sa\u011flayacak\u201d<br \/>\nMersin Valisi Ali Hamza Pehlivan ise konu\u015fmas\u0131nda, Yaparak ve Ya\u015fayarak \u00d6\u011frenme Merkezi\u2019nin \u00e7ok kapsaml\u0131 ve verimli bir merkez haline gelece\u011fine dikkat \u00e7ekerek eme\u011fi ge\u00e7enlere te\u015fekk\u00fcr etti. \u201cYaparak ve ya\u015fayarak \u00f6\u011frenme asl\u0131nda e\u011fitimin kal\u0131c\u0131l\u0131\u011f\u0131n\u0131 sa\u011flama ba\u011flam\u0131nda \u00e7ok \u00f6nemli bir kavram\u201d diyen Vali Pehlivan; \u201c \u00d6zellikle son y\u0131llarda bu konuda daha kapsaml\u0131, daha kal\u0131c\u0131 \u00e7al\u0131\u015fmalar yapma konusunda ba\u015fta Milli E\u011fitim Bakanl\u0131\u011f\u0131m\u0131z olmak \u00fczere, yurt sat\u0131nda e\u011fitimcilerimizin gayreti var\u201d \u015feklinde konu\u015ftu.<br \/>\nKonu\u015fmalar ve kurdele kesimiyle yap\u0131lan a\u00e7\u0131l\u0131\u015f\u0131n ard\u0131ndan, protokol \u00fcyeleri, \u00e7ocuklar ve \u00f6\u011fretmenler Yaparak ve Ya\u015fayarak \u00d6\u011frenme Merkezi\u2019ni gezerek yetkililerden bilgi ald\u0131. Merkezden, randevulu bir \u015fekilde merkez il\u00e7elerde e\u011fitim g\u00f6ren \u00e7ocuklar\u0131n faydalanabilece\u011fi kaydedildi.<\/p>\n","protected":false},"excerpt":{"rendered":"<p>Akdeniz Belediyesi taraf\u0131ndan il\u00e7ede ilk kez hizmete a\u00e7\u0131lan ve t\u00fcm merkez il\u00e7elerden dileyen \u00f6\u011frenci ve \u00f6\u011fretmenlerin faydalanabilece\u011fi \u2018Yaparak ve Ya\u015fayarak \u00d6\u011frenme Merkezi\u2019nin a\u00e7\u0131l\u0131\u015f\u0131 g\u00f6rkemli bir t\u00f6renle ger\u00e7ekle\u015ftirildi. Akdeniz il\u00e7esine ba\u011fl\u0131 G\u00fcndo\u011fdu Mahallesi\u2019ne kurulan \u2018Yaparak ve Ya\u015fayarak \u00d6\u011frenme Merkezi\u2019nde, \u201cEnerjiden elektrik \u00fcretimi; arduino e\u011fitimi (a\u00e7\u0131k kaynak kodlu yaz\u0131l\u0131m ve donan\u0131ma sahip bir mikro denetleyici platformu), robotik [&hellip;]<\/p>\n","protected":false},"author":2,"featured_media":29804,"comment_status":"open","ping_status":"open","sticky":false,"template":"","format":"standard","meta":{"footnotes":""},"categories":[1,2,3],"tags":[],"class_list":["post-29803","post","type-post","status-publish","format-standard","has-post-thumbnail","hentry","category-genel","category-gundem","category-manset"],"views":2,"_links":{"self":[{"href":"https:\/\/mersinkadingazetesi.com\/index.php?rest_route=\/wp\/v2\/posts\/29803"}],"collection":[{"href":"https:\/\/mersinkadingazetesi.com\/index.php?rest_route=\/wp\/v2\/posts"}],"about":[{"href":"https:\/\/mersinkadingazetesi.com\/index.php?rest_route=\/wp\/v2\/types\/post"}],"author":[{"embeddable":true,"href":"https:\/\/mersinkadingazetesi.com\/index.php?rest_route=\/wp\/v2\/users\/2"}],"replies":[{"embeddable":true,"href":"https:\/\/mersinkadingazetesi.com\/index.php?rest_route=%2Fwp%2Fv2%2Fcomments&post=29803"}],"version-history":[{"count":0,"href":"https:\/\/mersinkadingazetesi.com\/index.php?rest_route=\/wp\/v2\/posts\/29803\/revisions"}],"wp:featuredmedia":[{"embeddable":true,"href":"https:\/\/mersinkadingazetesi.com\/index.php?rest_route=\/wp\/v2\/media\/29804"}],"wp:attachment":[{"href":"https:\/\/mersinkadingazetesi.com\/index.php?rest_route=%2Fwp%2Fv2%2Fmedia&parent=29803"}],"wp:term":[{"taxonomy":"category","embeddable":true,"href":"https:\/\/mersinkadingazetesi.com\/index.php?rest_route=%2Fwp%2Fv2%2Fcategories&post=29803"},{"taxonomy":"post_tag","embeddable":true,"href":"https:\/\/mersinkadingazetesi.com\/index.php?rest_route=%2Fwp%2Fv2%2Ftags&post=29803"}],"curies":[{"name":"wp","href":"https:\/\/api.w.org\/{rel}","templated":true}]}}