{"id":29833,"date":"2024-01-07T10:57:13","date_gmt":"2024-01-07T07:57:13","guid":{"rendered":"http:\/\/mersinkadingazetesi.com\/?p=29833"},"modified":"2024-01-07T10:57:13","modified_gmt":"2024-01-07T07:57:13","slug":"yas-almis-vatandaslar-2024e-merhaba-partisinde-bulustu","status":"publish","type":"post","link":"https:\/\/mersinkadingazetesi.com\/?p=29833","title":{"rendered":"YA\u015e ALMI\u015e VATANDA\u015eLAR &#8216;2024&#8217;E MERHABA PART\u0130S\u0130&#8217;NDE BULU\u015eTU"},"content":{"rendered":"<p>Mersin&#8217;de ya\u015f alm\u0131\u015f ve yaln\u0131z ya\u015fayan vatanda\u015flar, hayat\u0131n her alan\u0131nda aktif kalmaya devam ediyor. Mersin B\u00fcy\u00fck\u015fehir Belediyesi, sosyal etkinliklerden sa\u011fl\u0131k hizmetlerine, ula\u015f\u0131mdan bar\u0131nma ve g\u0131daya kadar pek \u00e7ok alanda ya\u015f alm\u0131\u015f vatanda\u015flar i\u00e7in \u00e7al\u0131\u015fmalar\u0131na yenisini ekliyor.<\/p>\n<p>B\u00fcy\u00fck\u015fehir, ya\u015f alm\u0131\u015f ve yaln\u0131z ya\u015fayan vatanda\u015flar\u0131n sosyalle\u015ferek e\u011flenmeleri i\u00e7in 2023&#8217;te yapt\u0131klar\u0131 hizmetlere 2024&#8217;te de h\u0131z kesmeden devam ediyor. Ya\u015f alm\u0131\u015f vatanda\u015flar\u0131 evlerinden alarak &#8216;2024&#8217;e Merhaba Partisi&#8217;nde bulu\u015fturan Sa\u011fl\u0131k \u0130\u015fleri Dairesi Ba\u015fkanl\u0131\u011f\u0131 Ya\u015fl\u0131 Destek Birimi, d\u00fczenledi\u011fi etkinlikle vatanda\u015flar\u0131n g\u00f6n\u00fcllerince e\u011flenmesini sa\u011flad\u0131. Etkinlikte vatanda\u015flara yeni y\u0131l hediyeleri verildi.<\/p>\n<p>Tan\u0131r: &#8220;Biz de mutluyuz onlar da mutlu&#8221;<\/p>\n<p>Mersin B\u00fcy\u00fck\u015fehir Belediyesi Sa\u011fl\u0131k \u0130\u015fleri Dairesi Ba\u015fkanl\u0131\u011f\u0131 Ya\u015fl\u0131 Destek Birimi&#8217;nden Nilhan Tan\u0131r, &#8220;P65 \u00fcst\u00fc ve evde tek ya\u015fayan vatanda\u015flar\u0131m\u0131z i\u00e7in parti d\u00fczenlendik. 2024&#8217;e Merhaba Partisi, evde yaln\u0131z ya\u015fayan, d\u0131\u015far\u0131 \u00e7\u0131kamayan vatanda\u015flar\u0131n sosyalle\u015fmeleri i\u00e7in ve onlar\u0131 mutlu etmek i\u00e7in onlara bir g\u00fcn haz\u0131rlad\u0131k. Yemek, pasta ve e\u011flence var&#8221; dedi. Evde yaln\u0131z ya\u015fayan vatanda\u015flarla her g\u00fcn ileti\u015fim kurduklar\u0131ndan s\u00f6z eden Tan\u0131r, &#8220;\u0130yiler mi, de\u011filler mi, ihtiya\u00e7lar\u0131 var m\u0131, yok mu, hastalar m\u0131 diye g\u00fcnl\u00fck rutin sohbet ediyoruz. Hal hat\u0131rlar\u0131n\u0131 soruyoruz. Onlara her g\u00fcn manevi evlat oluyoruz&#8221; diye konu\u015ftu.<\/p>\n<p>Etkinliklerin \u00f6ncesinde vatanda\u015flar\u0131 arayarak bilgi verdiklerinden s\u00f6z eden Tan\u0131r, &#8220;Vatanda\u015flar\u0131m\u0131z\u0131 evden al\u0131p etkinlik alan\u0131na getiriyoruz. D\u00f6n\u00fc\u015fte de evlerine geri b\u0131rak\u0131yoruz. Vatanda\u015flar daha s\u0131k ve daha fazla etkinlik yapmam\u0131z\u0131, onlarla daha \u00e7ok zaman ge\u00e7irmemizi istiyorlar. Ayr\u0131ca onlar birbirleri ile de zaman ge\u00e7irmek istiyor. Onlar art\u0131k bizim manevi ailemiz gibi oldular. Her g\u00fcn onlarla g\u00f6r\u00fc\u015f\u00fcyoruz, sohbet ediyoruz, ya\u015famlar\u0131n\u0131 art\u0131k az \u00e7ok biz de biliyoruz, onlar da bizsiz yapam\u0131yorlar&#8221; ifadelerine yer verdi.<\/p>\n<p>&#8220;Vatanda\u015flar\u0131m\u0131z\u0131n hem ailesi hem kom\u015fusu hem arkada\u015f\u0131y\u0131z&#8221;<\/p>\n<p>Vatanda\u015flar\u0131n da verilen hizmetler dolay\u0131s\u0131yla Mersin B\u00fcy\u00fck\u015fehir Belediye Ba\u015fkan\u0131 Vahap Se\u00e7er&#8217;e te\u015fekk\u00fcrlerini iletti\u011fini aktaran Tan\u0131r, &#8220;Onlar\u0131 kesinlikle yaln\u0131z b\u0131rakmamal\u0131y\u0131z. Her birinin \u00e7ocu\u011fu uzakta olabiliyor, kom\u015fusu olmayabiliyor. Biz o eksikli\u011fi gidererek, onlara arkada\u015fl\u0131k ediyoruz. Biz B\u00fcy\u00fck\u015fehir Belediyesi olarak, 65 ya\u015f\u0131nda yaln\u0131z ya\u015fayan ve ya\u015f alm\u0131\u015f vatanda\u015flar\u0131m\u0131z\u0131n hem ailesi hem kom\u015fusu hem arkada\u015f\u0131y\u0131z. Biz de mutluyuz onlar da mutlu&#8221; dedi.<\/p>\n<p>Seyrek: &#8220;Bizi gen\u00e7le\u015ftiriyorsunuz&#8221;<\/p>\n<p>Partiden \u00e7ok keyif ald\u0131\u011f\u0131n\u0131 s\u00f6yleyen Latife Seyrek, &#8220;Arkada\u015flar\u0131mla birlikte geldik her etkinli\u011fe de geliyoruz. \u00c7ok tatl\u0131, ilgili ve alakadars\u0131n\u0131z. Bizim gibi ya\u015fl\u0131larla ilgileniyorsunuz ya onu \u00e7ok seviyorum&#8221; dedi. Tek ba\u015f\u0131na yola \u00e7\u0131kamad\u0131\u011f\u0131n\u0131 ama B\u00fcy\u00fck\u015fehir&#8217;in kendisini evinden al\u0131p evine kadar b\u0131rakt\u0131klar\u0131n\u0131 kaydeden Seyrek, &#8220;Mezitli&#8217;den buray\u0131 bilemedi\u011fim i\u00e7in s\u0131k s\u0131k gelemiyorum. \u0130sterim ki s\u0131k s\u0131k buraya geleyim. Mezitli&#8217;de de Emekli Evi a\u00e7\u0131lacak yak\u0131n zamanda, benim evime de yak\u0131n. \u00c7ok mutlu oldum, umar\u0131m orada oyunlar oynama \u015fans\u0131m\u0131z olur. Bir de m\u00fczik s\u00f6yleyelim, \u00e7ay i\u00e7elim, bundan daha g\u00fczel bir \u015fey olamaz. Zaten sahile bak\u0131yor oras\u0131, deniz, do\u011fa i\u00e7 i\u00e7e. Belediyemiz harika, daha ne olsun, bizi gen\u00e7le\u015ftiriyorsunuz&#8221; s\u00f6zlerine yer verdi.<\/p>\n<p>Bilyeli: &#8220;Belediyeden \u00e7ok memnunum&#8221;<\/p>\n<p>Etkinli\u011fe kat\u0131lan vatanda\u015flardan Aysel Bilyeli, &#8220;Parti \u00e7ok g\u00fczel ge\u00e7iyor, Belediye Ba\u015fkan\u0131m\u0131zdan \u00e7ok memnunuz. Bizimle \u00e7ok g\u00fczel ilgileniyorlar. Davet ediyorlar, e\u011flendiriyorlar, biz de \u00e7ok mutluyuz. \u00c7ok te\u015fekk\u00fcr ederim&#8221; dedi. \u00d6nceki y\u00f6netimlerde b\u00f6yle hizmetlerin olmad\u0131\u011f\u0131n\u0131 ifade eden Bilyeli, &#8220;Ben yaln\u0131z ya\u015f\u0131yorum, beni \u00e7\u0131karan, gezdiren yok. Ama \u015fimdi \u00e7ok farkl\u0131 ve \u00e7ok memnunum. Evden al\u0131yorlar, gezdiriyorlar, ak\u015fam geri g\u00f6t\u00fcr\u00fcyorlar. Ev hizmetlerim var, tamirat hizmetlerim var. Belediyeden \u00e7ok memnunum, \u00e7ok mutluyum. Belediye Ba\u015fkan\u0131m\u0131z\u0131n de\u011fi\u015fmesini istemiyoruz. Vahap Bey&#8217;i istiyoruz. Ondan \u00e7ok memnunuz. Allah hepinizden raz\u0131 olsun. Hepinizin yeni y\u0131l\u0131 kutlu olsun. Bize u\u011furlar getirsin&#8221; diye konu\u015ftu.<\/p>\n<p>G\u00fcler: &#8220;Vahap Se\u00e7er geldi geleli bu hizmetleri g\u00f6r\u00fcyoruz&#8221;<\/p>\n<p>Ya\u015fl\u0131 Destek Birimi&#8217;nde \u00e7al\u0131\u015fanlar\u0131n kendisinin evlad\u0131 gibi oldu\u011funu s\u00f6yleyen H\u00fcseyin G\u00fcler, &#8220;Bizi gelip evimizden al\u0131yorlar, getiriyorlar, yediriyorlar, i\u00e7iriyorlar. Ellerinden ne geliyorsa yap\u0131yorlar. \u00c7ok iyi hizmetler veriyorlar. Ben 77 ya\u015f\u0131nday\u0131m, b\u00f6yle bir \u015fey g\u00f6rmedim. Vahap Se\u00e7er geldi geleli bu hizmetleri g\u00f6r\u00fcyoruz ve kendisinden \u00e7ok memnunuz&#8221; diye konu\u015ftu. Kat\u0131lmak isteyen di\u011fer vatanda\u015flara da seslenen G\u00fcler, &#8220;\u0130nsanlar\u0131n aras\u0131nda hem kayna\u015f\u0131yoruz hem tan\u0131\u015f\u0131yoruz hem anla\u015f\u0131yoruz. Yani bu b\u00fcy\u00fck bir yard\u0131mla\u015fma, devaml\u0131 tercih ederim. Evin \u00f6n\u00fcnde Emekli Evi var, oraya da gidiyoruz. \u00c7ok g\u00fczel bir hizmet, \u00e7ay\u0131m\u0131z\u0131 i\u00e7iyoruz, kahvemizi i\u00e7iyoruz, konu kom\u015fuyla tan\u0131\u015f\u0131yoruz. Ba\u015fkan\u0131m\u0131zdan \u00e7ok \u00e7ok memnunuz&#8221; ifadelerini kulland\u0131.<\/p>\n<p>\u0130letmi\u015f: &#8220;Vahap Bey bizim i\u00e7in bir nimet&#8221;<\/p>\n<p>Vatanda\u015flardan Emekli \u00d6\u011fretmen Hatice \u0130letmi\u015f, &#8220;Vahap Bey bizim i\u00e7in bir nimet. Herkese iyili\u011fi dokunmu\u015f bir insan. Kimseyi hi\u00e7 kap\u0131dan \u00e7evirmemi\u015ftir. &#8216;Tamam hallederiz&#8217; der ve hep de halleder. Bug\u00fcne kadar gelmi\u015f ge\u00e7mi\u015f ne kadar Ba\u015fkan varsa ben \u00e7o\u011funa gittim. &#8216;\u0130mkanlar\u0131m\u0131z k\u0131s\u0131tl\u0131, \u015f\u00f6yle b\u00f6yle&#8217; diyerek bizi dinlemediler. Ama Vahap Ba\u015fkan hi\u00e7bir \u015feyimizi geri \u00e7evirmedi. Ne mutlu. Slogan\u0131m\u0131z; &#8216;Vahap Se\u00e7er, herkesi ge\u00e7er.'&#8221; diye duygular\u0131n\u0131 ifade etti.<\/p>\n","protected":false},"excerpt":{"rendered":"<p>Mersin&#8217;de ya\u015f alm\u0131\u015f ve yaln\u0131z ya\u015fayan vatanda\u015flar, hayat\u0131n her alan\u0131nda aktif kalmaya devam ediyor. Mersin B\u00fcy\u00fck\u015fehir Belediyesi, sosyal etkinliklerden sa\u011fl\u0131k hizmetlerine, ula\u015f\u0131mdan bar\u0131nma ve g\u0131daya kadar pek \u00e7ok alanda ya\u015f alm\u0131\u015f vatanda\u015flar i\u00e7in \u00e7al\u0131\u015fmalar\u0131na yenisini ekliyor. B\u00fcy\u00fck\u015fehir, ya\u015f alm\u0131\u015f ve yaln\u0131z ya\u015fayan vatanda\u015flar\u0131n sosyalle\u015ferek e\u011flenmeleri i\u00e7in 2023&#8217;te yapt\u0131klar\u0131 hizmetlere 2024&#8217;te de h\u0131z kesmeden devam ediyor. [&hellip;]<\/p>\n","protected":false},"author":2,"featured_media":29834,"comment_status":"open","ping_status":"open","sticky":false,"template":"","format":"standard","meta":{"footnotes":""},"categories":[2,3],"tags":[],"class_list":["post-29833","post","type-post","status-publish","format-standard","has-post-thumbnail","hentry","category-gundem","category-manset"],"views":1,"_links":{"self":[{"href":"https:\/\/mersinkadingazetesi.com\/index.php?rest_route=\/wp\/v2\/posts\/29833"}],"collection":[{"href":"https:\/\/mersinkadingazetesi.com\/index.php?rest_route=\/wp\/v2\/posts"}],"about":[{"href":"https:\/\/mersinkadingazetesi.com\/index.php?rest_route=\/wp\/v2\/types\/post"}],"author":[{"embeddable":true,"href":"https:\/\/mersinkadingazetesi.com\/index.php?rest_route=\/wp\/v2\/users\/2"}],"replies":[{"embeddable":true,"href":"https:\/\/mersinkadingazetesi.com\/index.php?rest_route=%2Fwp%2Fv2%2Fcomments&post=29833"}],"version-history":[{"count":0,"href":"https:\/\/mersinkadingazetesi.com\/index.php?rest_route=\/wp\/v2\/posts\/29833\/revisions"}],"wp:featuredmedia":[{"embeddable":true,"href":"https:\/\/mersinkadingazetesi.com\/index.php?rest_route=\/wp\/v2\/media\/29834"}],"wp:attachment":[{"href":"https:\/\/mersinkadingazetesi.com\/index.php?rest_route=%2Fwp%2Fv2%2Fmedia&parent=29833"}],"wp:term":[{"taxonomy":"category","embeddable":true,"href":"https:\/\/mersinkadingazetesi.com\/index.php?rest_route=%2Fwp%2Fv2%2Fcategories&post=29833"},{"taxonomy":"post_tag","embeddable":true,"href":"https:\/\/mersinkadingazetesi.com\/index.php?rest_route=%2Fwp%2Fv2%2Ftags&post=29833"}],"curies":[{"name":"wp","href":"https:\/\/api.w.org\/{rel}","templated":true}]}}