{"id":29839,"date":"2024-01-07T10:59:31","date_gmt":"2024-01-07T07:59:31","guid":{"rendered":"http:\/\/mersinkadingazetesi.com\/?p=29839"},"modified":"2024-01-07T10:59:31","modified_gmt":"2024-01-07T07:59:31","slug":"mersin-buyuksehirden-memurlarin-yuzunu-gulduren-imza","status":"publish","type":"post","link":"https:\/\/mersinkadingazetesi.com\/?p=29839","title":{"rendered":"MERS\u0130N B\u00dcY\u00dcK\u015eEH\u0130R&#8217;DEN MEMURLARIN Y\u00dcZ\u00dcN\u00dc G\u00dcLD\u00dcREN \u0130MZA"},"content":{"rendered":"<p>Mersin B\u00fcy\u00fck\u015fehir Belediyesi ile Mersin Su ve Kanalizasyon \u0130daresi (MESK\u0130) Genel M\u00fcd\u00fcrl\u00fc\u011f\u00fc b\u00fcnyesinde \u00e7al\u0131\u015fan devlet memurlar\u0131n\u0131n sosyal denge tazminatlar\u0131nda 2024 y\u0131l\u0131n\u0131n ilk 3 ayl\u0131k d\u00f6nemini kapsayacak \u015fekilde y\u00fczde 120 oran\u0131nda art\u0131\u015f yap\u0131ld\u0131. Memurlar\u0131n y\u00fcz\u00fcn\u00fc g\u00fcld\u00fcren art\u0131\u015f, yetkili sendika olan Kamu Emek\u00e7ileri Sendikalar\u0131 Konfederasyonu&#8217;na (KESK) ba\u011fl\u0131 T\u00fcm-Bel-Sen Mersin \u015eubesi ile Mersin B\u00fcy\u00fck\u015fehir Belediyesi ve MESK\u0130 yetkilileri taraf\u0131ndan imza alt\u0131na al\u0131nd\u0131.<\/p>\n<p>\u0130mza t\u00f6renine Mersin B\u00fcy\u00fck\u015fehir Belediyesi Genel Sekreteri Olcay Tok, MESK\u0130 Genel M\u00fcd\u00fcr\u00fc \u0130rfan Korkmaz, KESK&#8217;e ba\u011fl\u0131 T\u00fcm-Bel-Sen Mersin \u015eube Ba\u015fkan\u0131 Mustafa \u00d6zbay, MESK\u0130 ile B\u00fcy\u00fck\u015fehir Belediyesi b\u00fcrokratlar\u0131 ve sendika y\u00f6neticileri kat\u0131ld\u0131.<\/p>\n<p>T\u00f6rende konu\u015fan Genel Sekreter Olcay Tok, yap\u0131lan art\u0131\u015f\u0131n B\u00fcy\u00fck\u015fehir Belediye Ba\u015fkan\u0131 Vahap Se\u00e7er&#8217;in \u00f6ng\u00f6r\u00fcs\u00fc do\u011frultusunda ger\u00e7ekle\u015ftirildi\u011fini s\u00f6yledi. Tok, &#8220;G\u00f6r\u00fc\u015fmelerin ard\u0131ndan memur arkada\u015flar\u0131m\u0131za y\u00fczde 120 oran\u0131nda sosyal denge tazminat\u0131 verilmesi kararla\u015ft\u0131r\u0131lm\u0131\u015ft\u0131r. Bu oran en \u00fcst limittir. Bir\u00e7ok belediyede kademeli sistem uygulan\u0131r ve y\u00fczde 120&#8217;si t\u00fcm memurlar\u0131n hepsine verilmez. Fakat Ba\u015fkan\u0131m\u0131z; \u00e7al\u0131\u015fanlar\u0131 aras\u0131nda herhangi bir ayr\u0131m olmas\u0131n\u0131 istemedi\u011fi i\u00e7in &#8216;En k\u0131demsiz memur ile en k\u0131demli memur aras\u0131nda fark olmas\u0131n&#8217; diyerek MESK\u0130 Genel M\u00fcd\u00fcrl\u00fc\u011f\u00fc&#8217;nde ve Mersin B\u00fcy\u00fck\u015fehir Belediyesi&#8217;nde \u00e7al\u0131\u015fan devlet memurlar\u0131 i\u00e7in sosyal denge tazminat\u0131n\u0131n y\u00fczde 120 olarak belirlenmesine karar verildi&#8221; dedi.<\/p>\n<p>MESK\u0130 Genel M\u00fcd\u00fcr\u00fc \u0130rfan Korkmaz da \u00e7al\u0131\u015fma arkada\u015flar\u0131 ad\u0131na en \u00fcst limitten verilen sosyal denge tazminat\u0131 i\u00e7in Ba\u015fkan Se\u00e7er&#8217;e te\u015fekk\u00fcrlerini iletti\u011fini s\u00f6yledi.<\/p>\n<p>KESK T\u00fcm-Bel-Sen Mersin \u015eube Ba\u015fkan\u0131 Mustafa \u00d6zbay ise kanunun \u00f6ng\u00f6rd\u00fc\u011f\u00fc en \u00fcst limitten art\u0131\u015f yap\u0131lmas\u0131ndan dolay\u0131 mutlu olduklar\u0131n\u0131 belirterek, &#8220;Ba\u015fta emek\u00e7i ve emek dostu, Mersin&#8217;in mimar\u0131 B\u00fcy\u00fck\u015fehir Belediye Ba\u015fkan\u0131m\u0131z Vahap Se\u00e7er olmak \u00fczere Genel Sekreterimiz, MESK\u0130 Genel M\u00fcd\u00fcr\u00fcm\u00fcz, daire ba\u015fkanlar\u0131m\u0131z ve sendika y\u00f6neticisi arkada\u015flar\u0131m\u0131z ile eme\u011fi ge\u00e7en herkese te\u015fekk\u00fcr ediyorum. \u00dcyelerimize hay\u0131rl\u0131 olmas\u0131n\u0131 diliyorum&#8221; ifadelerini kulland\u0131.<\/p>\n<p>\u0130mzalanan s\u00f6zle\u015fmeden B\u00fcy\u00fck\u015fehir Belediyesi ve MESK\u0130&#8217;de g\u00f6rev yapmakta olan toplam 1302 memur faydalan\u0131yor.<\/p>\n","protected":false},"excerpt":{"rendered":"<p>Mersin B\u00fcy\u00fck\u015fehir Belediyesi ile Mersin Su ve Kanalizasyon \u0130daresi (MESK\u0130) Genel M\u00fcd\u00fcrl\u00fc\u011f\u00fc b\u00fcnyesinde \u00e7al\u0131\u015fan devlet memurlar\u0131n\u0131n sosyal denge tazminatlar\u0131nda 2024 y\u0131l\u0131n\u0131n ilk 3 ayl\u0131k d\u00f6nemini kapsayacak \u015fekilde y\u00fczde 120 oran\u0131nda art\u0131\u015f yap\u0131ld\u0131. Memurlar\u0131n y\u00fcz\u00fcn\u00fc g\u00fcld\u00fcren art\u0131\u015f, yetkili sendika olan Kamu Emek\u00e7ileri Sendikalar\u0131 Konfederasyonu&#8217;na (KESK) ba\u011fl\u0131 T\u00fcm-Bel-Sen Mersin \u015eubesi ile Mersin B\u00fcy\u00fck\u015fehir Belediyesi ve MESK\u0130 yetkilileri [&hellip;]<\/p>\n","protected":false},"author":2,"featured_media":29840,"comment_status":"open","ping_status":"open","sticky":false,"template":"","format":"standard","meta":{"footnotes":""},"categories":[2,3],"tags":[],"class_list":["post-29839","post","type-post","status-publish","format-standard","has-post-thumbnail","hentry","category-gundem","category-manset"],"views":0,"_links":{"self":[{"href":"https:\/\/mersinkadingazetesi.com\/index.php?rest_route=\/wp\/v2\/posts\/29839"}],"collection":[{"href":"https:\/\/mersinkadingazetesi.com\/index.php?rest_route=\/wp\/v2\/posts"}],"about":[{"href":"https:\/\/mersinkadingazetesi.com\/index.php?rest_route=\/wp\/v2\/types\/post"}],"author":[{"embeddable":true,"href":"https:\/\/mersinkadingazetesi.com\/index.php?rest_route=\/wp\/v2\/users\/2"}],"replies":[{"embeddable":true,"href":"https:\/\/mersinkadingazetesi.com\/index.php?rest_route=%2Fwp%2Fv2%2Fcomments&post=29839"}],"version-history":[{"count":0,"href":"https:\/\/mersinkadingazetesi.com\/index.php?rest_route=\/wp\/v2\/posts\/29839\/revisions"}],"wp:featuredmedia":[{"embeddable":true,"href":"https:\/\/mersinkadingazetesi.com\/index.php?rest_route=\/wp\/v2\/media\/29840"}],"wp:attachment":[{"href":"https:\/\/mersinkadingazetesi.com\/index.php?rest_route=%2Fwp%2Fv2%2Fmedia&parent=29839"}],"wp:term":[{"taxonomy":"category","embeddable":true,"href":"https:\/\/mersinkadingazetesi.com\/index.php?rest_route=%2Fwp%2Fv2%2Fcategories&post=29839"},{"taxonomy":"post_tag","embeddable":true,"href":"https:\/\/mersinkadingazetesi.com\/index.php?rest_route=%2Fwp%2Fv2%2Ftags&post=29839"}],"curies":[{"name":"wp","href":"https:\/\/api.w.org\/{rel}","templated":true}]}}