{"id":29866,"date":"2024-01-08T12:59:10","date_gmt":"2024-01-08T09:59:10","guid":{"rendered":"http:\/\/mersinkadingazetesi.com\/?p=29866"},"modified":"2024-01-08T12:59:10","modified_gmt":"2024-01-08T09:59:10","slug":"akdenizli-kadinlar-kultur-ve-sanat-evleri-ile-hayata-baglaniyor","status":"publish","type":"post","link":"https:\/\/mersinkadingazetesi.com\/?p=29866","title":{"rendered":"AKDEN\u0130ZL\u0130 KADINLAR, K\u00dcLT\u00dcR VE SANAT EVLER\u0130 \u0130LE HAYATA BA\u011eLANIYOR"},"content":{"rendered":"<p>Akdeniz Belediyesi K\u00fclt\u00fcr ve Sanat Evleri, binlerce kad\u0131n\u0131n u\u011frak alan\u0131 oldu. Giyimden, okuma-yazmaya, kuaf\u00f6rl\u00fckten, el sanatlar\u0131na kadar \u00e7ok say\u0131da mesleki ve beceri e\u011fitimi ile kursun verildi\u011fi k\u00fclt\u00fcr evlerinde, 2019 y\u0131l\u0131ndan bug\u00fcne kadar 17 bin 117 kad\u0131n kurs ald\u0131. \u00c7ok say\u0131da kad\u0131n da ald\u0131\u011f\u0131 e\u011fitim ve kurslar sayesinde i\u015f sahibi olurken, bu y\u0131l i\u00e7inde bin 650 kursiyer kad\u0131n e\u011fitimlerine devam ediyor.<br \/>\nAkdeniz Belediyesi K\u00fclt\u00fcr ve Sanat \u0130\u015fler M\u00fcd\u00fcrl\u00fc\u011f\u00fc\u2019ne ba\u011fl\u0131 k\u00fclt\u00fcr ve sanat evleri, Akdenizli kad\u0131nlar\u0131n en \u00e7ok u\u011frad\u0131\u011f\u0131 mek\u00e2nlardan biri haline geldi. \u00c7e\u015fitli mahallelerde a\u00e7\u0131lan giyimden, okuma-yazmaya, kuaf\u00f6rden, el sanatlar\u0131na gibi 22 kursun verildi\u011fi k\u00fclt\u00fcr ve sanat evlerinde, 2019 y\u0131l\u0131ndan bug\u00fcne kadar 17 bin 117 kad\u0131n kurs ve mesleki e\u011fitimler ald\u0131.<br \/>\n\u00d6zellikle okuma-yazma kursu ile \u00e7ok say\u0131da kad\u0131n okuma yazmay\u0131 \u00f6\u011frenirken, di\u011fer kurslardan mezun olan kad\u0131nlar\u0131n baz\u0131lar\u0131 da i\u015f sahibi oldu.  7\u2019den 70\u2019e her ya\u015ftan kad\u0131n\u0131n geldi\u011fi k\u00fclt\u00fcr sanat evlerinde bu y\u0131lda bin 650 kad\u0131n kurs g\u00f6r\u00fcyor. \u00d6te yandan anneleriyle birlikte kursa gelen k\u00fc\u00e7\u00fck \u00e7ocuklara da kre\u015f hizmeti veriliyor.<br \/>\n\u201cBundan sonra usta \u00f6\u011frenci olarak g\u00f6rev yapaca\u011f\u0131m\u201d<br \/>\n\u00d6zg\u00fcrl\u00fck Mahallesi K\u00fclt\u00fcr ve Sanat Evi kursiyerlerinden Hacire \u00d6zdemir, k\u00fc\u00e7\u00fckl\u00fc\u011f\u00fcnden beri diki\u015f nak\u0131\u015f i\u015flerini sevdi\u011fini s\u00f6yledi, kursa gelenleri aileden biri olarak g\u00f6rd\u00fc\u011f\u00fcn\u00fc ifade etti. \u00d6zdemir, \u201cBuras\u0131 a\u00e7\u0131l\u0131nca gelmek istedim ve geldi\u011fim i\u00e7in de \u00e7ok mutluyum. Burada \u00f6\u011frendiklerimle art\u0131k kesebiliyorum, dikebiliyorum. Hatta d\u0131\u015far\u0131dan sipari\u015fler al\u0131yorum. \u00c7ocuklar\u0131m\u0131n elbiselerini dikmeye ba\u015flad\u0131m. Daha \u00f6ncede kursa gitmi\u015ftim ama buradaki gibi \u00f6\u011frenememi\u015ftim. T\u00fcm belgelerimi tamamlad\u0131m. Bundan sonra usta \u00f6\u011fretici olarak g\u00f6rev yapaca\u011f\u0131m. Kad\u0131nlar ayaklar\u0131n\u0131n \u00fcst\u00fcnde dursunlar, bu t\u00fcr kurslara mutlaka gelip kat\u0131ls\u0131nlar\u201d dedi.<br \/>\n\u201cKurslar\u0131 ald\u0131k\u00e7a belgelerim birikiyor\u201d<br \/>\nKuaf\u00f6rl\u00fck kursu g\u00f6ren Hediye Turun\u00e7 ise yakla\u015f\u0131k 3 y\u0131ld\u0131r kursa kat\u0131ld\u0131\u011f\u0131n\u0131 belirterek, \u201cGelmeden \u00f6nce kafamda soru i\u015faretleri vard\u0131. Acaba alaca\u011f\u0131m kurslar bana katk\u0131 sa\u011flayacak m\u0131, ondan emin de\u011fildim. Ancak iyi ki gelmi\u015fim. Ger\u00e7ekten buras\u0131 bana \u00e7ok \u015fey katt\u0131. \u00c7ocu\u011fum da g\u00fczel e\u011fitim al\u0131yor. Zaman\u0131m bo\u015fa ge\u00e7miyor. <\/p>\n<p>Kurslar\u0131 ald\u0131k\u00e7a belgelerim birikiyor. Onlar birikince de bize i\u015f imk\u00e2n\u0131 do\u011fuyor.  Bu y\u00fczden burada kurs g\u00f6rmemizde emek veren, destek olan ba\u015fta Ba\u015fkan\u0131m\u0131z Mustafa G\u00fcltak olmak \u00fczere herkese sonsuz te\u015fekk\u00fcr ediyorum. Son bir belgem kald\u0131. Onu da ald\u0131ktan sonra in\u015fallah usta \u00f6\u011freticili\u011fe ba\u015fvurumu yapaca\u011f\u0131m\u201d diye konu\u015ftu.<br \/>\n\u201cBuras\u0131 bana terapi gibi geliyor\u201d<br \/>\nFeride \u00c7ektu adl\u0131 kursiyer de 21 y\u0131ld\u0131r \u00d6zg\u00fcrl\u00fck Mahallesi\u2019nde oturdu\u011funu ancak bug\u00fcne kadar kimseden destek g\u00f6rmedi\u011fini s\u00f6yledi. Akdeniz Belediye Ba\u015fkan\u0131 Mustafa G\u00fcltak\u2019\u0131n evini ziyaret etti\u011fini s\u00f6yleyen \u00c7ektu; \u201cBana o zamana kadar kimse destek olmam\u0131\u015ft\u0131. Allah raz\u0131 olsun ba\u015fkan\u0131m\u0131z elimden tuttu.<br \/>\nEvimin boyas\u0131n\u0131 yapt\u0131lar, mobilya ve \u00e7e\u015fitli e\u015fyalar da getirdiler. Ba\u015fkan\u0131m\u0131z\u0131n e\u015fi de s\u00fcrekli destek oldu. \u00dc\u00e7 y\u0131ld\u0131r da kursa geliyorum. Buraya gelince kendimi iyi hissediyorum. Bana burada i\u015f de buldular. \u00c7ocuklar\u0131m\u0131n ihtiyac\u0131n\u0131 kar\u015f\u0131layabiliyorum. Buras\u0131 bana terapi gibi geliyor\u201d ifadelerini kulland\u0131.<\/p>\n","protected":false},"excerpt":{"rendered":"<p>Akdeniz Belediyesi K\u00fclt\u00fcr ve Sanat Evleri, binlerce kad\u0131n\u0131n u\u011frak alan\u0131 oldu. Giyimden, okuma-yazmaya, kuaf\u00f6rl\u00fckten, el sanatlar\u0131na kadar \u00e7ok say\u0131da mesleki ve beceri e\u011fitimi ile kursun verildi\u011fi k\u00fclt\u00fcr evlerinde, 2019 y\u0131l\u0131ndan bug\u00fcne kadar 17 bin 117 kad\u0131n kurs ald\u0131. \u00c7ok say\u0131da kad\u0131n da ald\u0131\u011f\u0131 e\u011fitim ve kurslar sayesinde i\u015f sahibi olurken, bu y\u0131l i\u00e7inde bin 650 [&hellip;]<\/p>\n","protected":false},"author":2,"featured_media":29867,"comment_status":"open","ping_status":"open","sticky":false,"template":"","format":"standard","meta":{"footnotes":""},"categories":[1,2,3],"tags":[],"class_list":["post-29866","post","type-post","status-publish","format-standard","has-post-thumbnail","hentry","category-genel","category-gundem","category-manset"],"views":2,"_links":{"self":[{"href":"https:\/\/mersinkadingazetesi.com\/index.php?rest_route=\/wp\/v2\/posts\/29866"}],"collection":[{"href":"https:\/\/mersinkadingazetesi.com\/index.php?rest_route=\/wp\/v2\/posts"}],"about":[{"href":"https:\/\/mersinkadingazetesi.com\/index.php?rest_route=\/wp\/v2\/types\/post"}],"author":[{"embeddable":true,"href":"https:\/\/mersinkadingazetesi.com\/index.php?rest_route=\/wp\/v2\/users\/2"}],"replies":[{"embeddable":true,"href":"https:\/\/mersinkadingazetesi.com\/index.php?rest_route=%2Fwp%2Fv2%2Fcomments&post=29866"}],"version-history":[{"count":0,"href":"https:\/\/mersinkadingazetesi.com\/index.php?rest_route=\/wp\/v2\/posts\/29866\/revisions"}],"wp:featuredmedia":[{"embeddable":true,"href":"https:\/\/mersinkadingazetesi.com\/index.php?rest_route=\/wp\/v2\/media\/29867"}],"wp:attachment":[{"href":"https:\/\/mersinkadingazetesi.com\/index.php?rest_route=%2Fwp%2Fv2%2Fmedia&parent=29866"}],"wp:term":[{"taxonomy":"category","embeddable":true,"href":"https:\/\/mersinkadingazetesi.com\/index.php?rest_route=%2Fwp%2Fv2%2Fcategories&post=29866"},{"taxonomy":"post_tag","embeddable":true,"href":"https:\/\/mersinkadingazetesi.com\/index.php?rest_route=%2Fwp%2Fv2%2Ftags&post=29866"}],"curies":[{"name":"wp","href":"https:\/\/api.w.org\/{rel}","templated":true}]}}