{"id":29879,"date":"2024-01-10T13:20:26","date_gmt":"2024-01-10T10:20:26","guid":{"rendered":"http:\/\/mersinkadingazetesi.com\/?p=29879"},"modified":"2024-01-10T13:20:26","modified_gmt":"2024-01-10T10:20:26","slug":"aksa-enerjinin-afrikadaki-yeni-duragi-senegal","status":"publish","type":"post","link":"https:\/\/mersinkadingazetesi.com\/?p=29879","title":{"rendered":"Aksa Enerji\u2019nin Afrika\u2019daki Yeni Dura\u011f\u0131 Senegal"},"content":{"rendered":"<p>T\u00fcrkiye\u2019nin halka a\u00e7\u0131k en b\u00fcy\u00fck global elektrik \u00fcreticisi Aksa Enerji, Senegal\u2019in Saint Louis \u015fehrinde 255 MW kurulu g\u00fc\u00e7te yeni bir do\u011fal gaz kombine \u00e7evrim santralinin kurulumu i\u00e7in \u00e7al\u0131\u015fmalara ba\u015flad\u0131.<\/p>\n<p>8 \u00fclkedeki 13 santral yat\u0131r\u0131m\u0131yla 2.700 MW\u2019tan fazla kurulu g\u00fcce sahip T\u00fcrkiye\u2019nin halka a\u00e7\u0131k en b\u00fcy\u00fck global elektrik \u00fcreticisi Aksa Enerji, grup \u015firketlerinden Aksa Global Investments B.V.&#8217;nin ba\u011fl\u0131 ortakl\u0131\u011f\u0131 NDAR Energies SA\u2019n\u0131n Senegal\u2019in Saint Louis \u015fehrine 255 MW kurulu g\u00fc\u00e7te yeni bir do\u011fal gaz kombine \u00e7evrim santralinin finansman\u0131, kurulmas\u0131, i\u015fletilmesi ve sahip olunmas\u0131na y\u00f6nelik \u00e7al\u0131\u015fmalara ba\u015flad\u0131\u011f\u0131n\u0131 a\u00e7\u0131klad\u0131.<\/p>\n<p>Aksa Enerji, NDAR Energies SA\u2019n\u0131n hali haz\u0131rda Senegal Cumhuriyeti&#8217;ne ait elektrik kurumu Senelec ile imzalanm\u0131\u015f olan 25 y\u0131ll\u0131k avroya endeksli s\u00f6zle\u015fmenin taraf\u0131 oldu\u011fu ve bu s\u00f6zle\u015fme kapsam\u0131nda kurulacak santralde \u00fcretilen elektri\u011fin 25 y\u0131l s\u00fcreyle avroya endeksli fiyattan garantili olarak Senelec\u2019e sat\u0131\u015f\u0131n\u0131n ger\u00e7ekle\u015ftirilece\u011fini Kamuyu Ayd\u0131nlatma Platformu (KAP) \u00fczerinden payla\u015ft\u0131.<\/p>\n<p>Aksa Enerji Senegal\u2019de Bir \u0130lke \u0130mza At\u0131yor<\/p>\n<p>Gana, Mali, Madagaskar ve Kongo\u2019dan sonra Afrika k\u0131tas\u0131ndaki a\u00e7\u0131l\u0131m\u0131na Senegal ile devam eden Aksa Enerji, ger\u00e7ekle\u015ftirece\u011fi bu yat\u0131r\u0131mla Senegal\u2019in kendi \u00fcretti\u011fi do\u011fal gazdan elektrik \u00fcreten ilk santral projesine imza atacak. \u00dcretim portf\u00f6y\u00fcnde co\u011frafya ve kaynak \u00e7e\u015fitlili\u011fini art\u0131rmay\u0131 \u00f6ncelikleri aras\u0131nda konumland\u0131ran Aksa Enerji, 2015 y\u0131l\u0131ndan bu yana Afrika\u2019da ger\u00e7ekle\u015ftirdi\u011fi enerji santrali yat\u0131r\u0131mlarla k\u0131tan\u0131n kalk\u0131nmas\u0131na g\u00fc\u00e7 veriyor.<\/p>\n<p>Cemil Kazanc\u0131: 2025 Y\u0131l\u0131nda Afrika\u2019n\u0131n N\u00fcfusu Hindistan ve \u00c7in\u2019i Geride B\u0131rakacak<\/p>\n<p>Yeni yat\u0131r\u0131m hakk\u0131nda konu\u015fan Aksa Enerji Y\u00f6netim Kurulu Ba\u015fkan\u0131 ve CEO&#8217;su Cemil Kazanc\u0131, Aksa Enerji\u2019nin globalle\u015fme yolculu\u011funa ba\u015flad\u0131\u011f\u0131 Afrika k\u0131tas\u0131n\u0131n \u015firketin \u201cS\u00fcrd\u00fcr\u00fclebilir Y\u00fcksek B\u00fcy\u00fcme\u201d ve \u201cGloballe\u015fme\u201d stratejisinin \u00f6nemli bir bile\u015feni oldu\u011funu belirterek, \u201cUluslararas\u0131 ara\u015ft\u0131rmalar 2025 y\u0131l\u0131nda Afrika\u2019n\u0131n n\u00fcfusunun \u00c7in ve Hindistan\u2019\u0131 geride b\u0131rakaca\u011f\u0131n\u0131, 2040 y\u0131l\u0131na kadarki s\u00fcre\u00e7te de d\u00fcnya n\u00fcfusuna eklenecek her iki ki\u015fiden birinin Afrika k\u0131tas\u0131ndan olaca\u011f\u0131n\u0131 g\u00f6steriyor. Biz Aksa Enerji olarak Afrika\u2019n\u0131n enerji arz g\u00fcvenli\u011fi ihtiyac\u0131n\u0131 erken evrede ke\u015ffedip 2017 y\u0131l\u0131nda Gana santralimizle ticari \u00fcretime ba\u015flad\u0131k. Bug\u00fcn Afrika k\u0131tas\u0131nda d\u00f6rt \u00fclkede kurulu 546 MW kapasitemiz bulunuyor. Gana Kumasi ve 2026 y\u0131l\u0131 i\u00e7erisinde ticari \u00fcretime ba\u015flamay\u0131 planlad\u0131\u011f\u0131m\u0131z Senegal Saint Louis yat\u0131r\u0131mlar\u0131m\u0131zla Afrika k\u0131tas\u0131ndaki kurulu g\u00fcc\u00fcm\u00fcz\u00fc iki kat art\u0131rarak 1,151 MW seviyesine \u00e7\u0131karaca\u011f\u0131z. Senegal\u2019de bu \u00f6nemli projeye ba\u015flamaktan ve Senegal devletinin bize duydu\u011fu g\u00fcvenden b\u00fcy\u00fck gurur duyduk. Teknolojimiz, deneyimimiz ve yetkin insan kayna\u011f\u0131m\u0131z ile bu projeyi en iyi \u015fekilde sonu\u00e7land\u0131raca\u011f\u0131m\u0131za inan\u0131yorum\u201d ifadelerinde bulundu. <\/p>\n<p>Aksa Enerji\u2019nin Senegal\u2019in Saint Louis \u015fehrinde kurup, 25 y\u0131l s\u00fcreyle i\u015fletece\u011fi 255 MW kurulu g\u00fcce sahip olacak do\u011fal gaz \u00e7evrim santralinin, \u00fclkenin kendi \u00fcretti\u011fi do\u011fal gaz ile elektrik \u00fcretece\u011fi ilk santral olaca\u011f\u0131n\u0131 belirten Cemil Kazanc\u0131, \u201cAksa Enerji olarak ger\u00e7ekle\u015ftirdi\u011fi yat\u0131r\u0131mlarla enlere ve ilklere imza at\u0131yor, milli kaynaklar\u0131n verimli kullan\u0131m\u0131na verdi\u011fimiz destekle \u00fclkelerin kalk\u0131nmas\u0131na somut katk\u0131 sunman\u0131n hakl\u0131 gururunu ya\u015f\u0131yoruz\u201d dedi.<\/p>\n<p>Santral operasyonlar\u0131n\u0131 s\u00fcrd\u00fcrd\u00fckleri her co\u011frafyada ger\u00e7ekle\u015ftirdikleri yat\u0131r\u0131m ve yerel istihdama verdikleri \u00f6nemle kalk\u0131nmaya destek olduklar\u0131n\u0131n alt\u0131n\u0131 \u00e7izen Cemil Kazanc\u0131, Aksa Enerji olarak faaliyet g\u00f6sterdikleri t\u00fcm co\u011frafyalarda sosyal sorumluluk projeleriyle de insana dokunduklar\u0131n\u0131 belirtti.<\/p>\n<p>Santral kurulum \u00e7al\u0131\u015fmalar\u0131na h\u0131zla ba\u015flayacaklar\u0131n\u0131 ifade eden Kazanc\u0131, k\u00fcresel \u00f6l\u00e7ekte \u00fclkelerin enerji arz g\u00fcvenliklerine ve enerji d\u00f6n\u00fc\u015f\u00fcmlerine katk\u0131 sunabilecek projeleri yak\u0131ndan takip ettiklerinin alt\u0131n\u0131 \u00e7izdi. <\/p>\n","protected":false},"excerpt":{"rendered":"<p>T\u00fcrkiye\u2019nin halka a\u00e7\u0131k en b\u00fcy\u00fck global elektrik \u00fcreticisi Aksa Enerji, Senegal\u2019in Saint Louis \u015fehrinde 255 MW kurulu g\u00fc\u00e7te yeni bir do\u011fal gaz kombine \u00e7evrim santralinin kurulumu i\u00e7in \u00e7al\u0131\u015fmalara ba\u015flad\u0131. 8 \u00fclkedeki 13 santral yat\u0131r\u0131m\u0131yla 2.700 MW\u2019tan fazla kurulu g\u00fcce sahip T\u00fcrkiye\u2019nin halka a\u00e7\u0131k en b\u00fcy\u00fck global elektrik \u00fcreticisi Aksa Enerji, grup \u015firketlerinden Aksa Global Investments [&hellip;]<\/p>\n","protected":false},"author":2,"featured_media":29880,"comment_status":"open","ping_status":"open","sticky":false,"template":"","format":"standard","meta":{"footnotes":""},"categories":[7,11],"tags":[],"class_list":["post-29879","post","type-post","status-publish","format-standard","has-post-thumbnail","hentry","category-dunya","category-teknoloji"],"views":7,"_links":{"self":[{"href":"https:\/\/mersinkadingazetesi.com\/index.php?rest_route=\/wp\/v2\/posts\/29879"}],"collection":[{"href":"https:\/\/mersinkadingazetesi.com\/index.php?rest_route=\/wp\/v2\/posts"}],"about":[{"href":"https:\/\/mersinkadingazetesi.com\/index.php?rest_route=\/wp\/v2\/types\/post"}],"author":[{"embeddable":true,"href":"https:\/\/mersinkadingazetesi.com\/index.php?rest_route=\/wp\/v2\/users\/2"}],"replies":[{"embeddable":true,"href":"https:\/\/mersinkadingazetesi.com\/index.php?rest_route=%2Fwp%2Fv2%2Fcomments&post=29879"}],"version-history":[{"count":0,"href":"https:\/\/mersinkadingazetesi.com\/index.php?rest_route=\/wp\/v2\/posts\/29879\/revisions"}],"wp:featuredmedia":[{"embeddable":true,"href":"https:\/\/mersinkadingazetesi.com\/index.php?rest_route=\/wp\/v2\/media\/29880"}],"wp:attachment":[{"href":"https:\/\/mersinkadingazetesi.com\/index.php?rest_route=%2Fwp%2Fv2%2Fmedia&parent=29879"}],"wp:term":[{"taxonomy":"category","embeddable":true,"href":"https:\/\/mersinkadingazetesi.com\/index.php?rest_route=%2Fwp%2Fv2%2Fcategories&post=29879"},{"taxonomy":"post_tag","embeddable":true,"href":"https:\/\/mersinkadingazetesi.com\/index.php?rest_route=%2Fwp%2Fv2%2Ftags&post=29879"}],"curies":[{"name":"wp","href":"https:\/\/api.w.org\/{rel}","templated":true}]}}