{"id":29888,"date":"2024-01-10T13:22:47","date_gmt":"2024-01-10T10:22:47","guid":{"rendered":"http:\/\/mersinkadingazetesi.com\/?p=29888"},"modified":"2024-01-10T13:22:47","modified_gmt":"2024-01-10T10:22:47","slug":"chp-milletvekili-kis-olasi-bir-depremde-turkiyeyi-buyuk-tehlikeler-bekliyor","status":"publish","type":"post","link":"https:\/\/mersinkadingazetesi.com\/?p=29888","title":{"rendered":"CHP Milletvekili K\u0131\u015f, &#8220;Olas\u0131 Bir Depremde, T\u00fcrkiye&#8217;yi B\u00fcy\u00fck Tehlikeler Bekliyor&#8221;"},"content":{"rendered":"<p>T\u00fcrkiye&#8217;deki binalar\u0131n b\u00fcy\u00fck bir k\u0131sm\u0131n\u0131n deprem sonras\u0131 \u00e7\u0131kacak yang\u0131nlara kar\u015f\u0131 haz\u0131r olmad\u0131\u011f\u0131 uyar\u0131s\u0131 yapan K\u0131\u015f, Hatay&#8217;da prefabrik evde, elektrikten \u00e7\u0131kan yang\u0131nda iki \u00e7ocu\u011fun hayat\u0131n\u0131 kaybetmesinin ard\u0131ndan, ya\u015fanan ihmalleri g\u00fcndeme getirdi.<\/p>\n<p>Deprem b\u00f6lgesinde kurulan prefabrik evler, konteynerler ve \u00e7ad\u0131rlarda mevzuata ayk\u0131r\u0131, \u00f6l\u00fcme davetiye \u00e7\u0131karan, standartlara uymayan elektrik tesisatlar\u0131 oldu\u011funu vurgulayan CHP&#8217;li K\u0131\u015f, konuyu TBMM g\u00fcndemine ta\u015f\u0131d\u0131.<\/p>\n<p>Ge\u00e7en hafta Hatay&#8217;da bir prefabrik evde elektrikten \u00e7\u0131kan yang\u0131nda iki \u00e7ocu\u011fun ya\u015fam\u0131n\u0131 yitirmesinin ard\u0131ndan, uzmanlar taraf\u0131ndan mevzuata ayk\u0131r\u0131, m\u00fchendislik tekni\u011fine uygun yap\u0131lmayan tesisatlar sebebiyle yang\u0131nlar \u00e7\u0131kt\u0131\u011f\u0131n\u0131 dile getiren CHP&#8217;li K\u0131\u015f, konunun acilen ele al\u0131nmas\u0131 gerekti\u011fine dikkat \u00e7ekti.<\/p>\n<p>6 \u015eubat depremlerinin \u00fczerinden 1 sene ge\u00e7mesine ra\u011fmen, bar\u0131nma sorunu ve bir\u00e7ok sorunun \u00e7\u00f6z\u00fclemedi\u011fine vurgu yapan milletvekili K\u0131\u015f, T\u00fcrkiye&#8217;deki binalarda deprem sonras\u0131nda  ya\u015fanacak herhangi bir yang\u0131na kar\u015f\u0131 g\u00fcvenlik \u00f6nlemlerinin yeterli seviyede olmad\u0131\u011f\u0131n\u0131 belirtti.<\/p>\n<p>Deprem b\u00f6lgelerinde kurulan konteyner ve \u00e7ad\u0131rlarda \u0131s\u0131nma amac\u0131yla kullan\u0131lan elektrikli aletlerden kaynakl\u0131 yang\u0131nlar\u0131n \u00e7o\u011fald\u0131\u011f\u0131n\u0131 ve \u00f6l\u00fcmler ger\u00e7ekle\u015fti\u011fine dikkat \u00e7eken K\u0131\u015f, buralara elektrik verilen t\u00fcm tesisatlar\u0131n acilen denetimden ge\u00e7irilmesi gerekti\u011fini ifade etti.<\/p>\n<p>H\u00fck\u00fcmetin sorumlulu\u011funda ki denetim, planlama ve altyap\u0131daki yetersizli\u011fin olas\u0131 bir depremde ac\u0131 sonu\u00e7lar do\u011furaca\u011f\u0131 uyar\u0131s\u0131n\u0131 yapan CHP&#8217;li K\u0131\u015f, h\u00fck\u00fcmeti bu konuda \u00f6nlem almaya davet etti.<\/p>\n<p>K\u0131\u015f, Cumhurba\u015fkan\u0131 Yard\u0131mc\u0131s\u0131 Cevdet Y\u0131lmaz&#8217;a verdi\u011fi yaz\u0131l\u0131 soru \u00f6nergesinde \u015fu ifadelere yer verdi: &#8220;T\u00fcrkiye i\u00e7in s\u0131k s\u0131k b\u00fcy\u00fck deprem uyar\u0131s\u0131 yap\u0131l\u0131rken, olas\u0131 bir afette, mesela \u0130stanbul&#8217;da ya\u015fanacak bir depremde, ya\u015fanacak yang\u0131n ve patlamalar i\u00e7in ne gibi tedbirler al\u0131nd\u0131\u011f\u0131 da bilinmemektedir. Yaln\u0131zca olas\u0131 bir \u0130stanbul depreminde bile, elektrik, do\u011falgaz ile \u0131s\u0131nma ba\u015fta olmak \u00fczere, pi\u015firme ara\u00e7lar\u0131ndan kaynaklanacak \u00e7ok say\u0131da yang\u0131n ve patlama olu\u015faca\u011f\u0131 uzmanlar taraf\u0131ndan g\u00fcndeme getirilmektedir. 6 \u015eubat depremlerinin hemen ard\u0131ndan Elektrik M\u00fchendisleri Odas\u0131, ge\u00e7ici bar\u0131nma alanlar\u0131n\u0131n elektrik ihtiya\u00e7lar\u0131n\u0131n kar\u015f\u0131lanmas\u0131 ad\u0131na, kullan\u0131lacak elektrik tesisat\u0131n\u0131n can ve mal g\u00fcvenli\u011fi a\u00e7\u0131s\u0131ndan ilgili mevzuat ve standartlar do\u011frultusunda tesis edilmesi uyar\u0131s\u0131n\u0131 yapm\u0131\u015f ve konuyla ilgili defalarca detayl\u0131 a\u00e7\u0131klamalarda bulunmu\u015ftur.&#8221;<\/p>\n<p>T\u00fcm tesisat uygulamalar\u0131, binalar, deprem \u00f6ncesi ve sonras\u0131 olmak \u00fczere incelenmeli ve ilgili oda, kurum ve kurulu\u015flar ile acilen i\u015f birli\u011fi yap\u0131lmal\u0131 diyen K\u0131\u015f, Cumhurba\u015fkan\u0131 Yard\u0131mc\u0131s\u0131na \u015fu sorular\u0131 y\u00f6neltti:<\/p>\n<p>Hatay&#8217;da prefabrik evde \u00e7\u0131kan yang\u0131nda ihmali olanlar tespit edilmi\u015f midir? Deprem b\u00f6lgesindeki prefabrik evler, \u00e7ad\u0131rlar, konteynerlerde, elektrik tesisatlar\u0131 kurulurken ilgili mevzuat ve d\u00fczenlemeler dikkate al\u0131nm\u0131\u015f m\u0131d\u0131r?  Y\u00f6netmelik ve standartlara uygun kurulmu\u015f mudur? Gerekli g\u00fcvenlik \u00f6nlemleri sa\u011flanm\u0131\u015f m\u0131d\u0131r?<\/p>\n<p>Konteyner veya \u00e7ad\u0131rlar\u0131n elektrik tesisat\u0131 i\u00e7in ne kadar elektrik y\u00fck\u00fcne ihtiyac\u0131 oldu\u011fu belirlenmi\u015f midir? Bu y\u00fck hesaplanarak, elektrik tesisat\u0131n\u0131n kapasitesi belirlenmi\u015f midir?<\/p>\n<p>Elektrik tesisat\u0131n\u0131n, hava ko\u015fullar\u0131ndan etkilenmesine kar\u015f\u0131, elektrik tesisat\u0131 i\u00e7in uygun koruma y\u00f6ntemleri uygulanm\u0131\u015f m\u0131d\u0131r? Elektrik tesisat\u0131n\u0131n kurulumu, bak\u0131m\u0131 yetkililer, elektrik m\u00fchendisleri taraf\u0131ndan m\u0131 yap\u0131lm\u0131\u015ft\u0131r?<\/p>\n<p>Elektrik M\u00fchendisleri Odas\u0131&#8217;n\u0131n, deprem b\u00f6lgesine kurulacak \u00e7ad\u0131r ve konteyner kentlere g\u00fcvenli bi\u00e7imde elektrik verilebilmesi i\u00e7in g\u00f6reve haz\u0131r\u0131z \u00e7a\u011fr\u0131s\u0131 ve yaz\u0131l\u0131 ba\u015fvurusu dikkate al\u0131nm\u0131\u015f m\u0131d\u0131r?<\/p>\n<p>T\u00fcrkiye&#8217;de ki binalar\u0131n y\u00fczde 95&#8217;inin deprem sonras\u0131 \u00e7\u0131kabilecek yang\u0131nlara kar\u015f\u0131 haz\u0131rl\u0131ks\u0131z oldu\u011fu do\u011fru mudur? Olas\u0131 bir deprem sonras\u0131 binalarda yang\u0131nlardan korunmak i\u00e7in al\u0131nan tedbirler nelerdir?<\/p>\n<p>Olas\u0131 bir \u0130stanbul depremi kamuoyunun g\u00fcndeminde iken, deprem sonras\u0131 al\u0131nacak \u00f6nlemler gere\u011fi, \u0130stanbul&#8217;da ya\u015fanacak yang\u0131n ve patlamalar i\u00e7in herhangi bir \u00f6nlem al\u0131nm\u0131\u015f m\u0131d\u0131r? Do\u011falgaz, elektrik, \u0131s\u0131tma kazanlar\u0131, jenerat\u00f6rler ve gaz tesisatlar\u0131 i\u00e7in erken uyar\u0131c\u0131 ve gaz\/ak\u0131m kesici sistemler uygulanacak m\u0131d\u0131r?<\/p>\n","protected":false},"excerpt":{"rendered":"<p>T\u00fcrkiye&#8217;deki binalar\u0131n b\u00fcy\u00fck bir k\u0131sm\u0131n\u0131n deprem sonras\u0131 \u00e7\u0131kacak yang\u0131nlara kar\u015f\u0131 haz\u0131r olmad\u0131\u011f\u0131 uyar\u0131s\u0131 yapan K\u0131\u015f, Hatay&#8217;da prefabrik evde, elektrikten \u00e7\u0131kan yang\u0131nda iki \u00e7ocu\u011fun hayat\u0131n\u0131 kaybetmesinin ard\u0131ndan, ya\u015fanan ihmalleri g\u00fcndeme getirdi. Deprem b\u00f6lgesinde kurulan prefabrik evler, konteynerler ve \u00e7ad\u0131rlarda mevzuata ayk\u0131r\u0131, \u00f6l\u00fcme davetiye \u00e7\u0131karan, standartlara uymayan elektrik tesisatlar\u0131 oldu\u011funu vurgulayan CHP&#8217;li K\u0131\u015f, konuyu TBMM g\u00fcndemine ta\u015f\u0131d\u0131. [&hellip;]<\/p>\n","protected":false},"author":2,"featured_media":29889,"comment_status":"open","ping_status":"open","sticky":false,"template":"","format":"standard","meta":{"footnotes":""},"categories":[3,6],"tags":[],"class_list":["post-29888","post","type-post","status-publish","format-standard","has-post-thumbnail","hentry","category-manset","category-siyaset-2"],"views":2,"_links":{"self":[{"href":"https:\/\/mersinkadingazetesi.com\/index.php?rest_route=\/wp\/v2\/posts\/29888"}],"collection":[{"href":"https:\/\/mersinkadingazetesi.com\/index.php?rest_route=\/wp\/v2\/posts"}],"about":[{"href":"https:\/\/mersinkadingazetesi.com\/index.php?rest_route=\/wp\/v2\/types\/post"}],"author":[{"embeddable":true,"href":"https:\/\/mersinkadingazetesi.com\/index.php?rest_route=\/wp\/v2\/users\/2"}],"replies":[{"embeddable":true,"href":"https:\/\/mersinkadingazetesi.com\/index.php?rest_route=%2Fwp%2Fv2%2Fcomments&post=29888"}],"version-history":[{"count":0,"href":"https:\/\/mersinkadingazetesi.com\/index.php?rest_route=\/wp\/v2\/posts\/29888\/revisions"}],"wp:featuredmedia":[{"embeddable":true,"href":"https:\/\/mersinkadingazetesi.com\/index.php?rest_route=\/wp\/v2\/media\/29889"}],"wp:attachment":[{"href":"https:\/\/mersinkadingazetesi.com\/index.php?rest_route=%2Fwp%2Fv2%2Fmedia&parent=29888"}],"wp:term":[{"taxonomy":"category","embeddable":true,"href":"https:\/\/mersinkadingazetesi.com\/index.php?rest_route=%2Fwp%2Fv2%2Fcategories&post=29888"},{"taxonomy":"post_tag","embeddable":true,"href":"https:\/\/mersinkadingazetesi.com\/index.php?rest_route=%2Fwp%2Fv2%2Ftags&post=29888"}],"curies":[{"name":"wp","href":"https:\/\/api.w.org\/{rel}","templated":true}]}}