{"id":29910,"date":"2024-01-11T12:55:52","date_gmt":"2024-01-11T09:55:52","guid":{"rendered":"http:\/\/mersinkadingazetesi.com\/?p=29910"},"modified":"2024-01-11T12:55:52","modified_gmt":"2024-01-11T09:55:52","slug":"chpnin-mersin-adayi-yeniden-vahap-secer","status":"publish","type":"post","link":"https:\/\/mersinkadingazetesi.com\/?p=29910","title":{"rendered":"CHP&#8217;N\u0130N MERS\u0130N ADAYI YEN\u0130DEN VAHAP SE\u00c7ER"},"content":{"rendered":"<p>Cumhuriyet Halk Partisi (CHP), 31 Mart 2024 tarihinde yap\u0131lacak olan yerel se\u00e7imler i\u00e7in, Mersin B\u00fcy\u00fck\u015fehir Belediye Ba\u015fkan\u0131 Vahap Se\u00e7er&#8217;in adayl\u0131\u011f\u0131n\u0131 ilan etti.<\/p>\n<p>CHP Parti Meclisi (PM), bug\u00fcn partinin Genel Merkezi&#8217;nde Genel Ba\u015fkan \u00d6zg\u00fcr \u00d6zel ba\u015fkanl\u0131\u011f\u0131nda topland\u0131. Toplant\u0131n\u0131n ard\u0131ndan 31 Mart 2024 tarihinde yap\u0131lacak olan yerel se\u00e7imlerde CHP&#8217;den aday olacak baz\u0131 isimler kamuoyuna duyuruldu.<\/p>\n<p>&#8220;Memnuniyetle hizmet etmeye devam edece\u011fim&#8221;<\/p>\n<p>Mersin B\u00fcy\u00fck\u015fehir Belediye Ba\u015fkan\u0131 Vahap Se\u00e7er de partisi taraf\u0131ndan yeniden Mersin&#8217;e aday g\u00f6sterildi. B\u00fcy\u00fck\u015fehir Belediye Ba\u015fkanl\u0131\u011f\u0131&#8217;na adayl\u0131\u011f\u0131n\u0131n ilan edilmesinin ard\u0131ndan a\u00e7\u0131klama yapan Ba\u015fkan Vahap Se\u00e7er, &#8220;Partimin yetkili kurullar\u0131n\u0131n ald\u0131\u011f\u0131 kararla Mersin B\u00fcy\u00fck\u015fehir Belediye Ba\u015fkan Aday\u0131 g\u00f6sterildim. Memnuniyetini y\u00fcksek sesle dile getiren Mersinli hem\u015fehrilerime, Say\u0131n Genel Ba\u015fkan\u0131ma ve partimin yetkili kurullar\u0131na te\u015fekk\u00fcr ederim&#8221; dedi. Mersin halk\u0131na seslenen Se\u00e7er, &#8220;Siz hem\u015fehrilerimin deste\u011fi ile ikinci d\u00f6nemde de Mersin i\u00e7in memnuniyetle \u00e7al\u0131\u015fmaya devam edece\u011fim. Mersinimize ve \u00fclkemize hay\u0131rl\u0131 olsun&#8221; ifadelerini kulland\u0131.<\/p>\n","protected":false},"excerpt":{"rendered":"<p>Cumhuriyet Halk Partisi (CHP), 31 Mart 2024 tarihinde yap\u0131lacak olan yerel se\u00e7imler i\u00e7in, Mersin B\u00fcy\u00fck\u015fehir Belediye Ba\u015fkan\u0131 Vahap Se\u00e7er&#8217;in adayl\u0131\u011f\u0131n\u0131 ilan etti. CHP Parti Meclisi (PM), bug\u00fcn partinin Genel Merkezi&#8217;nde Genel Ba\u015fkan \u00d6zg\u00fcr \u00d6zel ba\u015fkanl\u0131\u011f\u0131nda topland\u0131. Toplant\u0131n\u0131n ard\u0131ndan 31 Mart 2024 tarihinde yap\u0131lacak olan yerel se\u00e7imlerde CHP&#8217;den aday olacak baz\u0131 isimler kamuoyuna duyuruldu. &#8220;Memnuniyetle hizmet [&hellip;]<\/p>\n","protected":false},"author":2,"featured_media":29911,"comment_status":"open","ping_status":"open","sticky":false,"template":"","format":"standard","meta":{"footnotes":""},"categories":[3,6],"tags":[],"class_list":["post-29910","post","type-post","status-publish","format-standard","has-post-thumbnail","hentry","category-manset","category-siyaset-2"],"views":5,"_links":{"self":[{"href":"https:\/\/mersinkadingazetesi.com\/index.php?rest_route=\/wp\/v2\/posts\/29910"}],"collection":[{"href":"https:\/\/mersinkadingazetesi.com\/index.php?rest_route=\/wp\/v2\/posts"}],"about":[{"href":"https:\/\/mersinkadingazetesi.com\/index.php?rest_route=\/wp\/v2\/types\/post"}],"author":[{"embeddable":true,"href":"https:\/\/mersinkadingazetesi.com\/index.php?rest_route=\/wp\/v2\/users\/2"}],"replies":[{"embeddable":true,"href":"https:\/\/mersinkadingazetesi.com\/index.php?rest_route=%2Fwp%2Fv2%2Fcomments&post=29910"}],"version-history":[{"count":0,"href":"https:\/\/mersinkadingazetesi.com\/index.php?rest_route=\/wp\/v2\/posts\/29910\/revisions"}],"wp:featuredmedia":[{"embeddable":true,"href":"https:\/\/mersinkadingazetesi.com\/index.php?rest_route=\/wp\/v2\/media\/29911"}],"wp:attachment":[{"href":"https:\/\/mersinkadingazetesi.com\/index.php?rest_route=%2Fwp%2Fv2%2Fmedia&parent=29910"}],"wp:term":[{"taxonomy":"category","embeddable":true,"href":"https:\/\/mersinkadingazetesi.com\/index.php?rest_route=%2Fwp%2Fv2%2Fcategories&post=29910"},{"taxonomy":"post_tag","embeddable":true,"href":"https:\/\/mersinkadingazetesi.com\/index.php?rest_route=%2Fwp%2Fv2%2Ftags&post=29910"}],"curies":[{"name":"wp","href":"https:\/\/api.w.org\/{rel}","templated":true}]}}