{"id":29916,"date":"2024-01-11T12:57:51","date_gmt":"2024-01-11T09:57:51","guid":{"rendered":"http:\/\/mersinkadingazetesi.com\/?p=29916"},"modified":"2024-01-11T12:57:51","modified_gmt":"2024-01-11T09:57:51","slug":"deva-partili-ekmen-vatandas-adaylar-ve-projelerle-degil-ekonomik-sorunlarla-mesgul","status":"publish","type":"post","link":"https:\/\/mersinkadingazetesi.com\/?p=29916","title":{"rendered":"DEVA Partili Ekmen: \u201cVatanda\u015f adaylar ve projelerle de\u011fil ekonomik sorunlarla me\u015fgul\u201d"},"content":{"rendered":"<p>DEVA Partisi Genel Ba\u015fkan Yard\u0131mc\u0131s\u0131 ve Mersin Milletvekili Mehmet Emin Ekmen, kat\u0131ld\u0131\u011f\u0131 canl\u0131 yay\u0131n programlar\u0131nda Mahalli \u0130dareler Genel Se\u00e7imlerini de\u011ferlendirirken enflasyon kar\u015f\u0131s\u0131nda ezilen emekli ve dar gelirli vatanda\u015flar\u0131 hat\u0131rlatmaktan geri durmuyor.<\/p>\n<p>\u201cVatanda\u015f aldat\u0131lm\u0131\u015fl\u0131k duygusu i\u00e7erisinde\u201d<\/p>\n<p>Ekmen, genel se\u00e7imlerin ard\u0131ndan artan d\u00f6viz kuru ve akaryak\u0131t fiyatlar\u0131 ve y\u00fcksek enflasyon nedeniyle iktidara destek veren vatanda\u015f\u0131n aldat\u0131lm\u0131\u015fl\u0131k duygusu i\u00e7erisinde olabilece\u011fini belirterek; vatanda\u015f\u0131n tepkisini yerel se\u00e7imlerde sand\u0131\u011fa yans\u0131yaca\u011f\u0131 kanaatinde oldu\u011funu ifade etti.<\/p>\n<p>Genel Ba\u015fkan Ali Babacan\u2019\u0131n dokuz g\u00fcn kesintisiz s\u00fcren bir tur ile \u0130stanbul\u2019dan ba\u015flay\u0131p, Ni\u011fde, Tarsus, Adana, Gaziantep, Kilis, Diyarbak\u0131r il ve il\u00e7elerinde saha \u00e7al\u0131\u015fmas\u0131 y\u00fcr\u00fctt\u00fc\u011f\u00fcn\u00fc belirten Ekmen \u201cilgin\u00e7 bir durum var insanlar adaylar ve projelerle de\u011fil ekonomik sorunlarla me\u015fgul. Genel Ba\u015fkan\u0131m\u0131z\u0131n diyaloglar\u0131n\u0131n %90\u2019\u0131 enflasyon kar\u015f\u0131s\u0131nda hayat\u0131n\u0131n en zor g\u00fcnlerini ya\u015fayan emekliler, asgari \u00fccretliler ve i\u015fsizler\u201d dedi. <\/p>\n<p>Ekmen, vatanda\u015f\u0131n ya\u015fad\u0131\u011f\u0131 bu ekonomik sorunlar\u0131n \u00fclkeyi bir genel se\u00e7im havas\u0131na sokmas\u0131n\u0131n muhtemel oldu\u011funu belirtti. <\/p>\n<p>Sokakta y\u00fcr\u00fcd\u00fc\u011f\u00fcm\u00fczde \u00f6n\u00fcm\u00fcz\u00fc kesen emekli vatanda\u015f\u0131n; \u201c7500 TL \u00fccret ald\u0131\u011f\u0131n\u0131 ve kiray\u0131 \u00f6demedi\u011fi i\u00e7in ev sahibinin kendisini evden \u00e7\u0131karmak i\u00e7in mahkemeye verdi\u011fini\u201d s\u00f6yledi\u011fini, yine bir annenin; \u201c\u00e7ocu\u011funun ayakkab\u0131 istedi\u011fini ve kendisine alamad\u0131\u011f\u0131n\u0131\u201d, gen\u00e7lerin ise \u201ci\u015fsiz olduklar\u0131n\u0131 ve i\u015f bulamad\u0131klar\u0131n\u0131\u201d s\u00f6yledi\u011fini aktaran Ekmen, bunlar ulusal sorunlar ama yerel se\u00e7imler i\u00e7in kampanya yapan b\u00fct\u00fcn siyaset\u00e7ilerin \u00f6n\u00fcne \u00e7\u0131kan meseleler oldu\u011funu belirtti. <\/p>\n<p>Emekli bir vatanda\u015f\u0131n kendisine; \u201cSiz s\u00fcrekli 7500 TL ile en d\u00fc\u015f\u00fck maa\u015f alan emeklilerin sorunlar\u0131n\u0131 g\u00fcndeme getiriyorsunuz ama \u00fc\u00e7 y\u0131l \u00f6nce emekli oldu\u011fumda asgari \u00fccretin 2,3 kat\u0131 maa\u015f al\u0131yordum, \u015fimdi ise 1,3 kat\u0131 maa\u015f al\u0131yorum, dolay\u0131s\u0131yla biz de ma\u011fduruz.\u201d diye mesaj att\u0131\u011f\u0131n\u0131 s\u00f6yleyerek \u00f6nce nassa dayal\u0131 ekonomi politikas\u0131 \u015fimdi de y\u00fcksek faize dayal\u0131 ekonomi politikas\u0131n\u0131n vatanda\u015f\u0131 ezdi\u011fine dikkat \u00e7ekti.<\/p>\n<p>\u201cNe T\u00dc\u0130K ne ENAG, as\u0131l olan Sad\u0131k abinin enflasyonudur\u201d<\/p>\n<p>DEVA Partili Ekmen, Say\u0131n Cumhurba\u015fkan\u0131\u2019na sesleniyorum diyerek; \u201cNe T\u00dc\u0130K ne ENAG as\u0131l olan Sad\u0131k abinin enflasyonudur. Yani Sad\u0131k abi gibi Emekliler peynir, zeytin, ya\u011f, \u015feker ve makarnayla yetiniyor. Aya\u011f\u0131na bir ayakkab\u0131 ve s\u0131rt\u0131na bir \u00e7ul dahi alam\u0131yor. Bu \u00fcr\u00fcnlerin enflasyonu hesaplans\u0131n ve emekliye en az bu kadar enflasyon fark\u0131 verilsin.\u201d dedi. Ekmen, \u201cBu da bir hesaplamaya g\u00f6re %120&#8217;nin alt\u0131nda de\u011fildir.\u201d dedi.<\/p>\n","protected":false},"excerpt":{"rendered":"<p>DEVA Partisi Genel Ba\u015fkan Yard\u0131mc\u0131s\u0131 ve Mersin Milletvekili Mehmet Emin Ekmen, kat\u0131ld\u0131\u011f\u0131 canl\u0131 yay\u0131n programlar\u0131nda Mahalli \u0130dareler Genel Se\u00e7imlerini de\u011ferlendirirken enflasyon kar\u015f\u0131s\u0131nda ezilen emekli ve dar gelirli vatanda\u015flar\u0131 hat\u0131rlatmaktan geri durmuyor. \u201cVatanda\u015f aldat\u0131lm\u0131\u015fl\u0131k duygusu i\u00e7erisinde\u201d Ekmen, genel se\u00e7imlerin ard\u0131ndan artan d\u00f6viz kuru ve akaryak\u0131t fiyatlar\u0131 ve y\u00fcksek enflasyon nedeniyle iktidara destek veren vatanda\u015f\u0131n aldat\u0131lm\u0131\u015fl\u0131k duygusu [&hellip;]<\/p>\n","protected":false},"author":2,"featured_media":29917,"comment_status":"open","ping_status":"open","sticky":false,"template":"","format":"standard","meta":{"footnotes":""},"categories":[8,3],"tags":[],"class_list":["post-29916","post","type-post","status-publish","format-standard","has-post-thumbnail","hentry","category-ekonomi","category-manset"],"views":5,"_links":{"self":[{"href":"https:\/\/mersinkadingazetesi.com\/index.php?rest_route=\/wp\/v2\/posts\/29916"}],"collection":[{"href":"https:\/\/mersinkadingazetesi.com\/index.php?rest_route=\/wp\/v2\/posts"}],"about":[{"href":"https:\/\/mersinkadingazetesi.com\/index.php?rest_route=\/wp\/v2\/types\/post"}],"author":[{"embeddable":true,"href":"https:\/\/mersinkadingazetesi.com\/index.php?rest_route=\/wp\/v2\/users\/2"}],"replies":[{"embeddable":true,"href":"https:\/\/mersinkadingazetesi.com\/index.php?rest_route=%2Fwp%2Fv2%2Fcomments&post=29916"}],"version-history":[{"count":0,"href":"https:\/\/mersinkadingazetesi.com\/index.php?rest_route=\/wp\/v2\/posts\/29916\/revisions"}],"wp:featuredmedia":[{"embeddable":true,"href":"https:\/\/mersinkadingazetesi.com\/index.php?rest_route=\/wp\/v2\/media\/29917"}],"wp:attachment":[{"href":"https:\/\/mersinkadingazetesi.com\/index.php?rest_route=%2Fwp%2Fv2%2Fmedia&parent=29916"}],"wp:term":[{"taxonomy":"category","embeddable":true,"href":"https:\/\/mersinkadingazetesi.com\/index.php?rest_route=%2Fwp%2Fv2%2Fcategories&post=29916"},{"taxonomy":"post_tag","embeddable":true,"href":"https:\/\/mersinkadingazetesi.com\/index.php?rest_route=%2Fwp%2Fv2%2Ftags&post=29916"}],"curies":[{"name":"wp","href":"https:\/\/api.w.org\/{rel}","templated":true}]}}