{"id":29925,"date":"2024-01-11T13:10:01","date_gmt":"2024-01-11T10:10:01","guid":{"rendered":"http:\/\/mersinkadingazetesi.com\/?p=29925"},"modified":"2024-01-11T13:10:01","modified_gmt":"2024-01-11T10:10:01","slug":"iha-1-ticari-pilot-egitimine-katilan-gazeteciler-sertifikalarini-torenle-aldi","status":"publish","type":"post","link":"https:\/\/mersinkadingazetesi.com\/?p=29925","title":{"rendered":"\u0130HA-1 T\u0130CAR\u0130 P\u0130LOT E\u011e\u0130T\u0130M\u0130NE KATILAN GAZETEC\u0130LER SERT\u0130F\u0130KALARINI T\u00d6RENLE ALDI"},"content":{"rendered":"<p>Cumhurba\u015fkanl\u0131\u011f\u0131 \u0130leti\u015fim Ba\u015fkanl\u0131\u011f\u0131 Adana B\u00f6lge M\u00fcd\u00fcrl\u00fc\u011f\u00fc ile Akdeniz Belediyesi i\u015fbirli\u011finde organize edilen \u2018\u0130HA-1 Ticari Pilot Lisans\u0131 E\u011fitimine\u2019 kat\u0131larak sertifika almaya hak kazanan gazeteciler t\u00f6renle sertifikalar\u0131n\u0131 ald\u0131.<br \/>\nBir otelin salonunda d\u00fczenlenen t\u00f6rene, Akdeniz Belediye Ba\u015fkan\u0131 M. Mustafa G\u00fcltak, Cumhurba\u015fkanl\u0131\u011f\u0131 \u0130leti\u015fim Ba\u015fkanl\u0131\u011f\u0131 Adana M\u00fcd\u00fcr\u00fc Mustafa Yal\u0131n\u0131z, Mersin Gazeteciler Cemiyeti Ba\u015fkan\u0131 R. Kaya Tepe ile sertifika almaya hak kazananlar gazeteciler kat\u0131ld\u0131. T\u00f6renin a\u00e7\u0131l\u0131\u015f\u0131nda konu\u015fan Ba\u015fkan G\u00fcltak, Mersin\u2019de 5 y\u0131lda bir\u00e7ok ilke ve yenili\u011fe imza att\u0131klar\u0131n\u0131n alt\u0131n\u0131 \u00e7izdi.<br \/>\n\u201cVerdi\u011fimiz drone e\u011fitimi de bir ilk\u201d<br \/>\n\u0130leti\u015fim Ba\u015fkanl\u0131\u011f\u0131 Adana B\u00f6lge M\u00fcd\u00fcrl\u00fc\u011f\u00fc ile verdikleri \u0130HA-1 Ticari Pilot Lisans\u0131 E\u011fitiminin de Mersin\u2019de yine bir ilk oldu\u011funu vurgulayan Ba\u015fkan G\u00fcltak; \u201cTeknoloji ve yapay zek\u00e2 \u00e7a\u011f\u0131nday\u0131z. Her t\u00fcrl\u00fc imk\u00e2n\u0131 kullanmak laz\u0131m. Gazeteciler olarak elinizde kaliteli makine ve objektifler olabilir ama drone art\u0131k ba\u015fka bir \u015fey\u2026  \u00c7\u00fcnk\u00fc drone ile istedi\u011finiz yerden ve a\u00e7\u0131dan foto\u011fraf ve video \u00e7ekebiliyorsunuz. Drone, m\u00fcmk\u00fcn olmayan noktalara kadar ula\u015f\u0131p istedi\u011finiz g\u00f6r\u00fcnt\u00fcleri alma imk\u00e2n\u0131 veren bir cihaz\u201d dedi.<br \/>\n\u201cYerel gazetecilerimize kal\u0131c\u0131 bir mek\u00e2n tahsis ettik\u201d<br \/>\nBa\u015fkan G\u00fcltak, hem il ba\u015fkanl\u0131\u011f\u0131, hem milletvekilli\u011fi hem de belediye ba\u015fkan\u0131 olarak yerel bas\u0131nla daima i\u00e7 i\u00e7e oldu\u011funu dile getirdi. \u201cBen sonu\u00e7 odakl\u0131 \u00e7al\u0131\u015f\u0131yorum\u201d diyen Ba\u015fkan G\u00fcltak, \u201cBu nedenle Gazeteciler Cemiyetimizin yerle\u015febilece\u011fi, gazetecilerimizin yaz k\u0131\u015f kalabilece\u011fi, siyasileri ve STK\u2019lar\u0131 a\u011f\u0131rlayabilece\u011fi, hizmet i\u00e7i programlar\u0131n\u0131 yapabilecekleri bir mek\u00e2n sa\u011flad\u0131k. Kimler geldi, kimler ge\u00e7ti\u2026 Fakat biz sonu\u00e7 odakl\u0131y\u0131z. Bundan daha iyisine lay\u0131ks\u0131n\u0131z \u00e7\u00fcnk\u00fc zor bir i\u015f yap\u0131yorsunuz. Yaz\u0131, k\u0131\u015f\u0131 var, ekonomik s\u0131k\u0131nt\u0131s\u0131 var, bir\u00e7ok \u015feyle u\u011fra\u015f\u0131yorsunuz. \u015eu an Filistin\u2019de, Gazze\u2019de y\u00fczlerce bas\u0131n mensubu \u015fehit edildi. Ger\u00e7ekten kutsal bir i\u015f yap\u0131yorsunuz. Zira Bas\u0131n, demokrasi ve siyasetin olmazsa olmaz ayaklar\u0131ndan bir tanesi\u201d \u015feklinde konu\u015ftu<br \/>\n\u201cGen\u00e7lerin ve kad\u0131nlar\u0131n\u0131n elinden tutarak ufuklar\u0131n\u0131 a\u00e7t\u0131k\u201d<br \/>\nAkdeniz\u2019e ilk kez kazand\u0131rd\u0131klar\u0131 Et\u00fct Merkezi ile ve gen\u00e7leri \u00fcniversite s\u0131nav\u0131na haz\u0131rlad\u0131klar\u0131n\u0131, k\u00fclt\u00fcr ve sanat evlerinde de kad\u0131nlara ve gen\u00e7lere meslek ve beceri kazand\u0131rd\u0131klar\u0131n\u0131 anlatan Ba\u015fkan G\u00fcltak; \u201cAmac\u0131m\u0131z, Gazi Mustafa Kemal Atat\u00fcrk\u2019\u00fcn kurdu\u011fu Cumhuriyetin muas\u0131r medeniyetler do\u011frultusunda kal\u0131c\u0131 olmas\u0131n\u0131 sa\u011flamak. Buna da sadece s\u00f6ylemekle olmuyor. \u0130craatla, e\u011fitimle ve bilimsel \u00e7al\u0131\u015fmalarla oluyor.<br \/>\nAkdeniz\u2019de bar\u0131\u015f\u0131, karde\u015fli\u011fi ve huzuru sa\u011flad\u0131k. Akdeniz\u2019in gen\u00e7leri ve kad\u0131nlar\u0131n\u0131n elinden tutarak onlar\u0131n ufkunu a\u00e7t\u0131k. Ge\u00e7en sene say\u0131sal T\u00fcrkiye 496\u2019nc\u0131s\u0131 Akdeniz\u2019den \u00e7\u0131kt\u0131. Bu sene LGS b\u00f6lge birincisi Akdeniz\u2019den \u00e7\u0131kt\u0131. 72 ya\u015f\u0131ndaki ablam\u0131z k\u00fclt\u00fcr evimizde okuma yazma \u00f6\u011frendi. Akdeniz\u2019de bunun gibi daha bir\u00e7ok hayat hik\u00e2yesi var\u201d ifadelerini kulland\u0131.<br \/>\n\u201cYeniden kazanaca\u011f\u0131mdan \u015f\u00fcphem yok\u201d<br \/>\nNe Mersin\u2019in ne de halen Akdeniz\u2019in lay\u0131k oldu\u011fu yerde olmad\u0131\u011f\u0131n\u0131 s\u00f6zlerine ekleyen Ba\u015fkan G\u00fcltak; Cumhur \u0130ttifak\u0131 olarak Mart ay\u0131nda yap\u0131lacak yerel se\u00e7imler sonucunda hem Mersin hem Akdeniz\u2019i kazanacaklar\u0131na inand\u0131klar\u0131n\u0131 da vurgulad\u0131; \u201c\u00d6nce Akdeniz\u2019i daha iyi yerlere getirece\u011fiz. Sonras\u0131nda da in\u015fallah B\u00fcy\u00fck\u015fehir\u2019i de kazanarak Mersin\u2019in kaderini de\u011fi\u015ftirece\u011fiz\u201d diye konu\u015ftu.<br \/>\nT\u00fcrkiye\u2019nin deprem ger\u00e7e\u011fine de i\u015faret etti\u011fi konu\u015fmas\u0131nda Ba\u015fkan G\u00fcltak, kentsel d\u00f6n\u00fc\u015f\u00fcm\u00fcn \u00f6nemine de\u011findi; \u201c\u00c7ay Mahallesi\u2019nde 500 konutluk projeyi bitirdik, insanlar\u0131m\u0131z g\u00fcvenli ve modern evlerinde oturuyor. Bar\u0131\u015f Mahallesi\u2019nde Haziran-Temmuz gibi 500 konut bitiyor. \u015eu an hem aday aday\u0131y\u0131m ayn\u0131 zamanda Akdeniz Belediyesi Ba\u015fkan\u0131 olarak konu\u015fuyorum.  Se\u00e7imi alaca\u011f\u0131mdan da hi\u00e7bir \u015f\u00fcphem yok. Turgut Reis, Bar\u0131\u015f, Bah\u00e7e ve \u00c7ay Mahallesi TOK\u0130 m\u00fcjdelerini de vermek istiyorum. Uygulama projelerinin \u00e7o\u011funu TOK\u0130\u2019ye verdik ve kabul edildi. \u0130n\u015fallah se\u00e7ildikten sonra bu projeleri uygulayaca\u011f\u0131z. Mersin ve Akdeniz\u2019in en b\u00fcy\u00fck sorunlar\u0131ndan biri ka\u00e7ak yap\u0131d\u0131r. \u0130nsanlar\u0131 ma\u011fdur etmeden \u015fehrimizi yerinde d\u00f6n\u00fc\u015ft\u00fcrmezsek, Mersin\u2019e yeni ye\u015fil alanlar, yeni yollar yapamay\u0131z, otopark sorununu \u00e7\u00f6zemeyiz. Kimse kimseyi kand\u0131rmas\u0131n\u201d \u015feklinde konu\u015ftu.<br \/>\n\u201cHer t\u00fcrl\u00fc teknolojiden faydalanmam\u0131z laz\u0131m\u201d<br \/>\nGazetecilerin ald\u0131\u011f\u0131 e\u011fitimin \u00e7ok \u00f6nemli oldu\u011funu belirten MGC Ba\u015fkan\u0131 R. Kaya Tepe ise, Ba\u015fkan G\u00fcltak ve B\u00f6lge M\u00fcd\u00fcr\u00fc Yal\u0131n\u0131z\u2019a te\u015fekk\u00fcr ederek;  \u201cMesle\u011fimiz itibariyle \u00f6zellikle son teknolojiden mutlaka faydalanmam\u0131z gerekiyor. \u0130\u00e7eri\u011fimizin, foto\u011fraf, video ve g\u00f6rselimizin iyi olmas\u0131 anlam\u0131nda her t\u00fcrl\u00fc teknolojik imk\u00e2nlar\u0131 kullanmam\u0131z gerekiyor. bu bizim daha \u00e7ok kitleye ula\u015fmam\u0131z\u0131 da sa\u011fl\u0131yor\u201d dedi.<br \/>\n\u201cDrone teknolojisi mesleki geli\u015fime de katk\u0131 sa\u011flayacak\u201d<br \/>\n\u0130leti\u015fim Ba\u015fkanl\u0131\u011f\u0131 Adana B\u00f6lge M\u00fcd\u00fcr\u00fc Mustafa Yal\u0131n\u0131z ise projeyi hayata ge\u00e7iren Ba\u015fkan G\u00fcltak\u2019a te\u015fekk\u00fcr ederek; \u201cHayat\u0131n her alan\u0131nda \u00f6nemi giderek artan drone teknolojisi kullanmaya y\u00f6nelik ald\u0131\u011f\u0131n\u0131z e\u011fitimin mesleki geli\u015fiminize katk\u0131 sunmas\u0131n\u0131 dilerim. Yerel bas\u0131n\u0131m\u0131z\u0131n g\u00fc\u00e7lenmesi amac\u0131yla ger\u00e7ekle\u015ftirilen organizasyonda eme\u011fi ge\u00e7en herkese te\u015fekk\u00fcr ediyorum\u201d diye konu\u015ftu.<br \/>\n\u00d6te yandan; \u0130HA-1 Ticari Pilot Lisans\u0131 e\u011fitimini al\u0131p sertifika almaya hak kazanan gazeteciler de memnuniyetlerini dile getirip, Akdeniz Belediye Ba\u015fkan\u0131 G\u00fcltak ve \u0130leti\u015fim Ba\u015fkanl\u0131\u011f\u0131 B\u00f6lge M\u00fcd\u00fcr\u00fc Yal\u0131n\u0131z\u2019a te\u015fekk\u00fcr etti. <\/p>\n","protected":false},"excerpt":{"rendered":"<p>Cumhurba\u015fkanl\u0131\u011f\u0131 \u0130leti\u015fim Ba\u015fkanl\u0131\u011f\u0131 Adana B\u00f6lge M\u00fcd\u00fcrl\u00fc\u011f\u00fc ile Akdeniz Belediyesi i\u015fbirli\u011finde organize edilen \u2018\u0130HA-1 Ticari Pilot Lisans\u0131 E\u011fitimine\u2019 kat\u0131larak sertifika almaya hak kazanan gazeteciler t\u00f6renle sertifikalar\u0131n\u0131 ald\u0131. Bir otelin salonunda d\u00fczenlenen t\u00f6rene, Akdeniz Belediye Ba\u015fkan\u0131 M. Mustafa G\u00fcltak, Cumhurba\u015fkanl\u0131\u011f\u0131 \u0130leti\u015fim Ba\u015fkanl\u0131\u011f\u0131 Adana M\u00fcd\u00fcr\u00fc Mustafa Yal\u0131n\u0131z, Mersin Gazeteciler Cemiyeti Ba\u015fkan\u0131 R. Kaya Tepe ile sertifika almaya hak [&hellip;]<\/p>\n","protected":false},"author":2,"featured_media":29926,"comment_status":"open","ping_status":"open","sticky":false,"template":"","format":"standard","meta":{"footnotes":""},"categories":[3],"tags":[],"class_list":["post-29925","post","type-post","status-publish","format-standard","has-post-thumbnail","hentry","category-manset"],"views":1,"_links":{"self":[{"href":"https:\/\/mersinkadingazetesi.com\/index.php?rest_route=\/wp\/v2\/posts\/29925"}],"collection":[{"href":"https:\/\/mersinkadingazetesi.com\/index.php?rest_route=\/wp\/v2\/posts"}],"about":[{"href":"https:\/\/mersinkadingazetesi.com\/index.php?rest_route=\/wp\/v2\/types\/post"}],"author":[{"embeddable":true,"href":"https:\/\/mersinkadingazetesi.com\/index.php?rest_route=\/wp\/v2\/users\/2"}],"replies":[{"embeddable":true,"href":"https:\/\/mersinkadingazetesi.com\/index.php?rest_route=%2Fwp%2Fv2%2Fcomments&post=29925"}],"version-history":[{"count":0,"href":"https:\/\/mersinkadingazetesi.com\/index.php?rest_route=\/wp\/v2\/posts\/29925\/revisions"}],"wp:featuredmedia":[{"embeddable":true,"href":"https:\/\/mersinkadingazetesi.com\/index.php?rest_route=\/wp\/v2\/media\/29926"}],"wp:attachment":[{"href":"https:\/\/mersinkadingazetesi.com\/index.php?rest_route=%2Fwp%2Fv2%2Fmedia&parent=29925"}],"wp:term":[{"taxonomy":"category","embeddable":true,"href":"https:\/\/mersinkadingazetesi.com\/index.php?rest_route=%2Fwp%2Fv2%2Fcategories&post=29925"},{"taxonomy":"post_tag","embeddable":true,"href":"https:\/\/mersinkadingazetesi.com\/index.php?rest_route=%2Fwp%2Fv2%2Ftags&post=29925"}],"curies":[{"name":"wp","href":"https:\/\/api.w.org\/{rel}","templated":true}]}}