{"id":29932,"date":"2024-01-12T13:08:23","date_gmt":"2024-01-12T10:08:23","guid":{"rendered":"http:\/\/mersinkadingazetesi.com\/?p=29932"},"modified":"2024-01-12T13:08:23","modified_gmt":"2024-01-12T10:08:23","slug":"mhp-mersin-milletvekili-dr-levent-uysal-gonul-ve-guven-belediyeciligini-mersinlilerle-bulusturacagiz","status":"publish","type":"post","link":"https:\/\/mersinkadingazetesi.com\/?p=29932","title":{"rendered":"MHP MERS\u0130N M\u0130LLETVEK\u0130L\u0130 DR. LEVENT UYSAL: G\u00d6N\u00dcL VE G\u00dcVEN BELED\u0130YEC\u0130L\u0130\u011e\u0130N\u0130 MERS\u0130NL\u0130LERLE BULU\u015eTURACA\u011eIZ"},"content":{"rendered":"<p>Milliyet\u00e7i Hareket Partisi Mersin Milletvekili Dr. Levent Uysal, Haber Global ekranlar\u0131nda 31 Mart\u2019ta yap\u0131lacak mahalli idareler se\u00e7imlerine ili\u015fkin a\u00e7\u0131klamalarda bulundu. Uysal \u201cCumhuriyetin yeni y\u00fczy\u0131l\u0131nda, T\u00fcrk ve T\u00fcrkiye Y\u00fczy\u0131l\u0131 hedeflerine ula\u015fabilmek i\u00e7in Cumhur \u0130ttifak\u0131\u2019n\u0131n 14 ve 28 May\u0131s 2023 tarihlerinde elde etti\u011fi ba\u015far\u0131s\u0131na 31 Mart\u2019ta yeni bir halka eklemek istiyoruz. Merkezi y\u00f6netimle yerel y\u00f6netimler aras\u0131nda denge ve uyum olmas\u0131n\u0131 ama\u00e7l\u0131yoruz. MHP ve Cumhur \u0130ttifak\u0131 Mersin B\u00fcy\u00fck\u015fehir Belediye Ba\u015fkan Aday\u0131m\u0131z Serdar Soydan ba\u015fta olmak \u00fczere ittifak\u0131m\u0131z\u0131n t\u00fcm adaylar\u0131na ba\u015far\u0131lar diliyorum.\u201d dedi.<br \/>\nMilliyet\u00e7i Hareket Partisi 31 Mart\u2019ta yap\u0131lacak yerel se\u00e7imlerde 2 b\u00fcy\u00fck\u015fehir, 12 il ve 41 b\u00fcy\u00fck\u015fehir il\u00e7e belediye ba\u015fkan aday\u0131n\u0131 a\u00e7\u0131klad\u0131. MHP\u2019nin Mersin B\u00fcy\u00fck\u015fehir Belediye Ba\u015fkan Aday\u0131 Serdar Soydan oldu. Haber Global ekranlar\u0131na konuk olan MHP Mersin Milletvekili Dr. Levent Uysal, yerel se\u00e7imler ile ilgili \u00f6nemli mesajlar verdi.<br \/>\nCumhur \u0130ttifak\u0131 olarak ama\u00e7lar\u0131n\u0131n T\u00fcrkiye\u2019nin d\u00f6rt bir yan\u0131nda g\u00f6n\u00fcl ve g\u00fcven belediyecili\u011fini daha iyi yerlere ta\u015f\u0131mak oldu\u011funu vurgulayan Uysal \u201cCumhur \u0130ttifak\u0131 olarak yapm\u0131\u015f oldu\u011fumuz g\u00f6r\u00fc\u015fmeler ve ortak \u00e7al\u0131\u015fmalarla belediye ba\u015fkan adaylar\u0131m\u0131z netle\u015fiyor. Say\u0131n Cumhurba\u015fkan\u0131m\u0131z ve Say\u0131n Genel Ba\u015fkan\u0131m\u0131z, haz\u0131rl\u0131klar\u0131 tamamlanan b\u00fcy\u00fck\u015fehir, il ve il\u00e7e belediye ba\u015fkanlar\u0131n\u0131 a\u00e7\u0131klamaya ba\u015flad\u0131. Milliyet\u00e7i Hareket Partisi\u2019nde adayl\u0131\u011f\u0131 kesinle\u015fen 55 ve AK Parti\u2019de adayl\u0131\u011f\u0131 kesinle\u015fen 26 belediye ba\u015fkan aday\u0131 a\u00e7\u0131klanm\u0131\u015f oldu. Bu kapsamda Milliyet\u00e7i Hareket Partisi olarak adayl\u0131klar\u0131 kesinle\u015fen 2 b\u00fcy\u00fck\u015fehir, 12 il ve 41 il\u00e7e belediye ba\u015fkan aday\u0131m\u0131z olmak \u00fczere toplam 55 aday\u0131m\u0131z a\u00e7\u0131kland\u0131. Adaylar kesinle\u015ftik\u00e7e a\u00e7\u0131klamalar devam edecektir. Cumhur \u0130ttifak\u0131 olarak temel amac\u0131m\u0131z \u00fclkemizin d\u00f6rt bir yan\u0131nda g\u00f6n\u00fcl ve g\u00fcven belediyecili\u011fini \u00e7ok daha iyi yerlere ta\u015f\u0131mak. Cumhuriyetin yeni y\u00fczy\u0131l\u0131nda, T\u00fcrk ve T\u00fcrkiye Y\u00fczy\u0131l\u0131 hedeflerine ula\u015fabilmek i\u00e7in Cumhur \u0130ttifak\u0131\u2019n\u0131n 14 ve 28 May\u0131s 2023 tarihlerinde elde etti\u011fi ba\u015far\u0131s\u0131na 31 Mart\u2019ta yeni bir halka eklemek istiyoruz. Merkezi y\u00f6netimle yerel y\u00f6netimler aras\u0131nda denge ve uyum olmas\u0131n\u0131 ama\u00e7l\u0131yoruz.\u201d \u015feklinde konu\u015ftu.<br \/>\nMHP\u2019nin ger\u00e7ekle\u015ftirdi\u011fi geni\u015fletilmi\u015f b\u00f6lge toplant\u0131lar\u0131nda, ay\u0131rmadan ve ayr\u0131\u015fmadan t\u00fcm T\u00fcrkiye i\u00e7in \u00e7al\u0131\u015facaklar\u0131n\u0131 dile getirdiklerini an\u0131msatan MHP Mersin Milletvekili Dr. Levent Uysal \u201cMilliyet\u00e7i Hareket Partisi olarak genel se\u00e7imlerin tamamlanmas\u0131n\u0131n hemen ard\u0131ndan yerel se\u00e7im \u00e7al\u0131\u015fmalar\u0131m\u0131za start verdik. Diyar Diyar Anadolu temal\u0131 projemiz ile \u00fclkemizdeki t\u00fcm il ve il\u00e7elerde ziyaretler, toplant\u0131lar, \u00e7al\u0131\u015ftaylar d\u00fczenleyerek b\u00f6lge halk\u0131 ile bir araya geldik. Her ortamda yerel se\u00e7imlerin \u00f6nemini vurgulayarak ay\u0131rmadan, ayr\u0131\u015fmadan var g\u00fcc\u00fcm\u00fczle \u00e7al\u0131\u015fmam\u0131z gerekti\u011fini dile getirdik. \u00d6zellikle Ekim ve Kas\u0131m aylar\u0131nda t\u00fcm il ve il\u00e7elerimizin kat\u0131l\u0131m\u0131yla b\u00f6lge toplant\u0131lar\u0131m\u0131z\u0131 ger\u00e7ekle\u015ftirerek Genel Ba\u015fkan\u0131m\u0131z Say\u0131n Devlet Bah\u00e7eli beyefendinin se\u00e7im s\u00fcrecine verdi\u011fi \u00f6nemi kat\u0131l\u0131mc\u0131lara aktard\u0131k. Cumhur \u0130ttifak\u0131 ile el ele verip \u00e7al\u0131\u015faca\u011f\u0131z kazanaca\u011f\u0131z.\u201d ifadelerine yer verdi.<br \/>\nMersin\u2019de g\u00f6n\u00fclleri kazanarak g\u00fcven veren belediyecili\u011fi vatanda\u015flarla bulu\u015fturacaklar\u0131n\u0131 da s\u00f6zlerine ekleyen MHP\u2019li Uysal \u201cMilliyet\u00e7i Hareket Partisi ve Cumhur \u0130ttifak\u0131 Mersin B\u00fcy\u00fck\u015fehir Belediye Ba\u015fkan aday\u0131m\u0131z Serdar Soydan\u2019a ve t\u00fcm il\u00e7e belediye ba\u015fkan adaylar\u0131m\u0131za ba\u015far\u0131lar diliyorum. Serdar Soydan ba\u015fkan\u0131m\u0131z Mersin\u2019e, Milliyet\u00e7i Hareket Partimize emek veren dava adam\u0131. Allah\u2019\u0131n izni ve hem\u015fehrilerimizin deste\u011fi ile B\u00fcy\u00fck\u015fehir Belediyesi\u2019nde \u00fc\u00e7 hilal bayra\u011f\u0131m\u0131z\u0131 dalgaland\u0131raca\u011f\u0131z. Mersin, sahip oldu\u011fu avantajlar ile \u00fclkemizde \u00f6nemli bir kenttir. Mersin\u2019i projeler ile y\u00f6netmek istiyoruz. Bu anlamda Mersin\u2019de her bir kesimi Dinliyoruz, \u00d6\u011freniyoruz ve Ortak Ak\u0131l ile proje geli\u015ftiriyoruz. Mersin\u2019de tar\u0131m, sanayi, turizm ve lojistik ba\u015fta olmak \u00fczere \u00e7ok say\u0131da sekt\u00f6rel \u00e7al\u0131\u015ftaylar d\u00fczenledik. Bu \u00e7al\u0131\u015ftaylarda sekt\u00f6rlerin ihtiya\u00e7lar\u0131n\u0131 \u00f6\u011frenerek Mersin\u2019in kalk\u0131nmas\u0131n\u0131 h\u0131zland\u0131rmak ve daha \u00e7ok Mersinliye i\u015f imkan\u0131 sa\u011flamak i\u00e7in Master Planlar\u0131 haz\u0131rlamaya ba\u015flad\u0131k. T\u00fcm projelerimizde dijitalle\u015fmeyi, mavi ekonomiyi ve daha da \u00f6nemlisi ye\u015fil enerjiyi \u00f6n planda tutuyoruz. Bu \u00e7al\u0131\u015fmalarla hem Mersinimiz hem de \u00fclkemiz b\u00fcy\u00fck fayda sa\u011flayacak.<br \/>\nBuradaki hedefimiz yerel se\u00e7imler ile t\u00fcm belediye ba\u015fkanl\u0131klar\u0131n\u0131 Cumhur \u0130ttifak\u0131 \u00e7at\u0131s\u0131 alt\u0131nda bir araya getirmek. Bunun i\u00e7in G\u00fcl\u00fcmseyen Mersin projemiz kapsam\u0131nda t\u00fcm te\u015fkilatlar\u0131m\u0131zla sahada olup, \u00e7al\u0131\u015fmalar\u0131m\u0131z\u0131 aral\u0131ks\u0131z s\u00fcrd\u00fcrece\u011fiz. Hepimizin yolu a\u00e7\u0131k olsun.\u201d a\u00e7\u0131klamas\u0131nda bulundu.<\/p>\n","protected":false},"excerpt":{"rendered":"<p>Milliyet\u00e7i Hareket Partisi Mersin Milletvekili Dr. Levent Uysal, Haber Global ekranlar\u0131nda 31 Mart\u2019ta yap\u0131lacak mahalli idareler se\u00e7imlerine ili\u015fkin a\u00e7\u0131klamalarda bulundu. Uysal \u201cCumhuriyetin yeni y\u00fczy\u0131l\u0131nda, T\u00fcrk ve T\u00fcrkiye Y\u00fczy\u0131l\u0131 hedeflerine ula\u015fabilmek i\u00e7in Cumhur \u0130ttifak\u0131\u2019n\u0131n 14 ve 28 May\u0131s 2023 tarihlerinde elde etti\u011fi ba\u015far\u0131s\u0131na 31 Mart\u2019ta yeni bir halka eklemek istiyoruz. Merkezi y\u00f6netimle yerel y\u00f6netimler aras\u0131nda denge [&hellip;]<\/p>\n","protected":false},"author":2,"featured_media":29933,"comment_status":"open","ping_status":"open","sticky":false,"template":"","format":"standard","meta":{"footnotes":""},"categories":[2,3,6],"tags":[],"class_list":["post-29932","post","type-post","status-publish","format-standard","has-post-thumbnail","hentry","category-gundem","category-manset","category-siyaset-2"],"views":1,"_links":{"self":[{"href":"https:\/\/mersinkadingazetesi.com\/index.php?rest_route=\/wp\/v2\/posts\/29932"}],"collection":[{"href":"https:\/\/mersinkadingazetesi.com\/index.php?rest_route=\/wp\/v2\/posts"}],"about":[{"href":"https:\/\/mersinkadingazetesi.com\/index.php?rest_route=\/wp\/v2\/types\/post"}],"author":[{"embeddable":true,"href":"https:\/\/mersinkadingazetesi.com\/index.php?rest_route=\/wp\/v2\/users\/2"}],"replies":[{"embeddable":true,"href":"https:\/\/mersinkadingazetesi.com\/index.php?rest_route=%2Fwp%2Fv2%2Fcomments&post=29932"}],"version-history":[{"count":0,"href":"https:\/\/mersinkadingazetesi.com\/index.php?rest_route=\/wp\/v2\/posts\/29932\/revisions"}],"wp:featuredmedia":[{"embeddable":true,"href":"https:\/\/mersinkadingazetesi.com\/index.php?rest_route=\/wp\/v2\/media\/29933"}],"wp:attachment":[{"href":"https:\/\/mersinkadingazetesi.com\/index.php?rest_route=%2Fwp%2Fv2%2Fmedia&parent=29932"}],"wp:term":[{"taxonomy":"category","embeddable":true,"href":"https:\/\/mersinkadingazetesi.com\/index.php?rest_route=%2Fwp%2Fv2%2Fcategories&post=29932"},{"taxonomy":"post_tag","embeddable":true,"href":"https:\/\/mersinkadingazetesi.com\/index.php?rest_route=%2Fwp%2Fv2%2Ftags&post=29932"}],"curies":[{"name":"wp","href":"https:\/\/api.w.org\/{rel}","templated":true}]}}