{"id":29935,"date":"2024-01-12T13:09:07","date_gmt":"2024-01-12T10:09:07","guid":{"rendered":"http:\/\/mersinkadingazetesi.com\/?p=29935"},"modified":"2024-01-12T13:09:07","modified_gmt":"2024-01-12T10:09:07","slug":"2-uluslararasi-mersin-edebiyat-festivali-dolu-dolu-programi-ile-basladi","status":"publish","type":"post","link":"https:\/\/mersinkadingazetesi.com\/?p=29935","title":{"rendered":"2. ULUSLARARASI MERS\u0130N EDEB\u0130YAT FEST\u0130VAL\u0130 DOLU DOLU PROGRAMI \u0130LE BA\u015eLADI"},"content":{"rendered":"<p>Bu y\u0131l &#8216;Yenile\u015fmeler&#8217; temas\u0131yla ikincisi d\u00fczenlenen ve konuk \u00fclkenin Fransa oldu\u011fu Uluslararas\u0131 Edebiyat Festivali ile Mersinlileri edebiyat dolu g\u00fcnler bekliyor. Kongre ve Sergi Saray\u0131&#8217;nda &#8216;Edebiyat\u0131n Kimli\u011fi&#8217; konu ba\u015fl\u0131\u011f\u0131 ile ba\u015flayan Edebiyat Festivali&#8217;nin ilk g\u00fcn\u00fcnde, edebiyat alan\u0131nda birbirinden \u00f6nemli yazar ve \u015fairler Mersinlilerle bulu\u015ftu.<\/p>\n<p>Mersin B\u00fcy\u00fck\u015fehir Belediyesi K\u00fclt\u00fcr ve Sosyal \u0130\u015fler Dairesi Ba\u015fkanl\u0131\u011f\u0131 taraf\u0131ndan Kongre ve Sergi Saray\u0131&#8217;nda ger\u00e7ekle\u015ftirilen festivalin a\u00e7\u0131l\u0131\u015f konu\u015fmalar\u0131 K\u00fclt\u00fcr ve Sosyal \u0130\u015fleri Dairesi Koordinat\u00f6r\u00fc, Opera Sanat\u00e7\u0131s\u0131 Bengi \u0130spir \u00d6zd\u00fclger ve Festival Direkt\u00f6r\u00fc Cemal Sakall\u0131 ve taraf\u0131ndan yap\u0131ld\u0131.<\/p>\n<p>\u00d6zd\u00fclger: &#8220;Yapt\u0131\u011f\u0131m\u0131z \u00e7al\u0131\u015fmalarda her zaman sanat\u0131n ve sanat\u00e7\u0131n\u0131n destek\u00e7isi olduk&#8221;<\/p>\n<p>K\u00fclt\u00fcr ve Sosyal \u0130\u015fleri Dairesi Koordinat\u00f6r\u00fc, Opera Sanat\u00e7\u0131s\u0131 Bengi \u0130spir \u00d6zd\u00fclger ger\u00e7ekle\u015ftirdi\u011fi a\u00e7\u0131l\u0131\u015f konu\u015fmas\u0131nda, Mersin B\u00fcy\u00fck\u015fehir Belediyesi olarak k\u00fclt\u00fcrel ve sanatsal \u00e7al\u0131\u015fmalar\u0131n ne kadar \u00f6nem ta\u015f\u0131d\u0131\u011f\u0131n\u0131n ve bu \u00e7al\u0131\u015fmalar\u0131n halka her \u015fekilde yay\u0131lmas\u0131 gerekti\u011finin bilincinde olduklar\u0131n\u0131 vurgulad\u0131. \u00d6zd\u00fclger, &#8220;Sanat bizim vazge\u00e7ilmezimiz. Yapt\u0131\u011f\u0131m\u0131z \u00e7al\u0131\u015fmalarda her zaman sanat\u0131n ve sanat\u00e7\u0131n\u0131n destek\u00e7isi olduk, olmaya da devam edece\u011fiz. Sanat\u0131n en \u00f6nemli dinamiklerinden ve disiplinlerinden bir tanesi olan edebiyatla bir araya gelmi\u015f olman\u0131n ayr\u0131 co\u015fku ve heyecan\u0131n\u0131 duyuyoruz. Uluslararas\u0131 Mersin Edebiyat Festivali bizim \u00e7ok \u00f6nemsedi\u011fimiz bir \u00e7al\u0131\u015fma&#8221; dedi. Mersin&#8217;in k\u00fclt\u00fcr ve sanat dolu bir \u015fehir oldu\u011funa i\u015faret eden \u00d6zd\u00fclger, &#8220;Mersinimiz; sanatsal de\u011ferler anlam\u0131nda ger\u00e7ekten \u00e7ok zengin, \u00e7ok de\u011ferli sanat\u00e7\u0131lara ev sahipli\u011fi yapan, bu topraklarda b\u00fcy\u00fcyen bir\u00e7ok \u00f6nemli \u015fair ve yazar\u0131 yeti\u015ftirmi\u015f bir \u015fehir. Bu bak\u0131mdan \u015fansl\u0131 \u015fehirlerden biriyiz. B\u00f6yle bir festivali \u015fehrimize kazand\u0131rman\u0131n da gurur ve mutlulu\u011funu ya\u015f\u0131yoruz&#8221; ifadelerine yer verdi.<\/p>\n<p>Sakall\u0131: Biz bu festivalle ar\u0131nmay\u0131, yenile\u015fmeyi murat ettik&#8221;<\/p>\n<p>A\u00e7\u0131l\u0131\u015fta konu\u015fan Festival Direkt\u00f6r\u00fc Cemal Sakall\u0131, &#8220;Bu festivalle edebiyat\u0131m\u0131zda yeni olan\u0131n ne oldu\u011funu ya da olup olmad\u0131\u011f\u0131n\u0131 anlamaya \u00e7al\u0131\u015faca\u011f\u0131z. Konu\u015fulanlar, s\u00f6ylenenler \u00fczerine d\u00fc\u015f\u00fcnece\u011fiz. \u00c7\u00fcnk\u00fc anlat\u0131lar bir d\u00fc\u015f\u00fcnme ortam\u0131 yarat\u0131r. Yazarlar\u0131m\u0131z, buradaki s\u00f6zleriyle bize d\u00fc\u015f\u00fcnme f\u0131rsat\u0131 verecekler. Onlar\u0131n s\u00f6yledikleri \u00fczerine d\u00fc\u015f\u00fcnece\u011fiz. Festivalimize kat\u0131larak hayat\u0131m\u0131za \u0131\u015f\u0131k d\u00fc\u015f\u00fcren, zihnimize zindelik katan, bak\u0131\u015f\u0131m\u0131z\u0131, g\u00f6r\u00fc\u015f\u00fcm\u00fcz\u00fc \u00e7o\u011faltan yazarlar\u0131m\u0131za \u015f\u00fckran duygular\u0131m\u0131 sunuyorum. Davetimizi \u00e7ekincesiz kabul eden, yaz\u0131 masalar\u0131ndan kalk\u0131p bize gelen yazar dostlar\u0131m\u0131za \u00e7ok te\u015fekk\u00fcr ediyorum. Edebiyat ve sanat bir ar\u0131nmad\u0131r. Biz bu festivalle ar\u0131nmay\u0131, yenile\u015fmeyi murat ettik&#8221; diye konu\u015ftu.<\/p>\n<p>Festivalde; Frans\u0131z \u015fair ve yazar Michel Cassir &#8216;\u015eiir; K\u00f6klerden S\u0131radan Y\u00fcceli\u011fe&#8217; konu ba\u015fl\u0131kl\u0131 konferans\u0131 ile de\u011ferli bilgiler payla\u015ft\u0131. Ard\u0131ndan yazar Sema Kaygusuz ise &#8216;Tekneyi S\u0131rtlanmak&#8217; konu ba\u015fl\u0131kl\u0131 konferans\u0131 ile edebiyatseverlere k\u0131ymetli bilgiler sundu.<\/p>\n<p>Festival, keyifli ve bilgi dolu s\u00f6yle\u015filerle ba\u015flad\u0131<\/p>\n<p>&#8216;Edebiyat\u0131n Kimli\u011fi&#8217; konu ba\u015fl\u0131\u011f\u0131 alt\u0131nda ger\u00e7ekle\u015ftirilen ilk s\u00f6yle\u015fi yazar ve \u015fair Celal Soycan&#8217;\u0131n &#8216;Edebiyat ve Dil \u00dczerine Poetik Notlar&#8217; oldu. &#8216;Bir Kalemin Topografyas\u0131&#8217; konu ba\u015fl\u0131\u011f\u0131nda s\u00f6yle\u015fi ger\u00e7ekle\u015ftiren bir di\u011fer yazar da Mesut Varl\u0131k&#8217;t\u0131. Ard\u0131ndan \u00e7evirmen, ara\u015ft\u0131rmac\u0131 yazar Tuncay Birkan, &#8216;T\u00fcrk Yazar\u0131n\u0131n Muhalifli\u011fi \u00d6\u011frenmesi&#8217; konu ba\u015fl\u0131\u011f\u0131nda ger\u00e7ekle\u015ftirdi\u011fi keyifli sohbetle kat\u0131l\u0131mc\u0131lardan tam not ald\u0131.<\/p>\n<p>Festivalin; &#8216;Mersin&#8217;den Poetikalar ve \u015eiirler&#8217; ba\u015fl\u0131\u011f\u0131yla ger\u00e7ekle\u015fen &#8216;Okumalar&#8217; b\u00f6l\u00fcm\u00fc de birbirinden de\u011ferli \u015fairlerin \u015fiirlerini okumas\u0131yla s\u00fcrd\u00fc. \u015eair Yonca Ya\u015far&#8217;\u0131n moderat\u00f6rl\u00fck yapt\u0131\u011f\u0131; \u015fair Aydan Yal\u00e7\u0131n, Sad\u0131k Ya\u015far, Mitat \u00c7elik ve Yonca Ya\u015far&#8217;\u0131n \u015fiirlerini okudu\u011fu bu b\u00f6l\u00fcm\u00fc de kat\u0131l\u0131mc\u0131lar ilgiyle dinledi. S\u00f6yle\u015finin ard\u0131ndan ger\u00e7ekle\u015ftirilen &#8216;Mersin: Sanat\u0131n ve Sanat\u00e7\u0131n\u0131n Kenti&#8217; sergisinde de Mersinli \u015fair ve yazarlar\u0131n eserlerinin yer ald\u0131\u011f\u0131 foto\u011fraflar sunuldu. Festivalin ilk g\u00fcn\u00fc ger\u00e7ekle\u015ftirilen piyano dinletisi ile s\u00fcrd\u00fc. Festivalde kat\u0131l\u0131mc\u0131lara plaket ve \u00e7i\u00e7ek taktimi yap\u0131ld\u0131.<\/p>\n<p>Cassir: &#8220;Buran\u0131n bir par\u00e7as\u0131 gibi hissediyorum&#8221;<\/p>\n<p>M\u0131s\u0131r&#8217;da do\u011fdu\u011fu i\u00e7in Mersin&#8217;de kendi evine d\u00f6nm\u00fc\u015f gibi hissetti\u011fini s\u00f6yleyen Frans\u0131z \u015fair ve yazar Michel Cassir, &#8220;Mersin&#8217;in kozmopolit bir \u015fehir oldu\u011funu hissedebiliyorum ama ayn\u0131 zamanda kendimi evimde hissediyorum. T\u00fcrkiye&#8217;nin bir\u00e7ok yerinde bulundum ama Mersin&#8217;e ilk defa geliyorum. Dolay\u0131s\u0131yla ben kendimi T\u00fcrkiye&#8217;den gibi hissediyorum. Buran\u0131n bir par\u00e7as\u0131 gibi hissediyorum&#8221; dedi. Bu tarz festivallerin hem yazarlar\u0131 hem de okurlar\u0131 bulu\u015fturdu\u011funu s\u00f6yleyen Cassir, &#8220;Bu y\u00fczden bu tarz \u015feylerin ortak k\u00fclt\u00fcr yaratma ve farklar\u0131 kald\u0131rma ad\u0131na \u00e7ok \u00f6nemli oldu\u011funu d\u00fc\u015f\u00fcn\u00fcyorum&#8221; ifadelerine yer verdi.<\/p>\n<p>Kaygusuz: &#8220;Bir \u015fehri \u015fehir yapan sanat, etkinlik, kitap konu\u015fulmas\u0131d\u0131r&#8221;<\/p>\n<p>Festivalde &#8216;Tekneyi S\u0131rtlanmak&#8217; konulu konferans\u0131yla yer alan yazar Sema Kaygusuz ise, &#8220;\u015eehirlerde edebiyat en ba\u015fta olmak \u00fczere k\u00fclt\u00fcr sanat \u00fczerine hi\u00e7bir etkinlik yoktur ki bo\u015fa gitsin. Bir an gelir bir ki\u015fi i\u00e7in konu\u015fursunuz, bir an gelir yepyeni bir okur d\u00fcnyas\u0131yla tan\u0131\u015f\u0131rs\u0131n\u0131z&#8221; dedi. Bu t\u00fcr festivallerin sadece gelen seyirciler i\u00e7in de\u011fil kat\u0131lan yazarlar i\u00e7in de \u00f6nemli bir deneyim oldu\u011funa dikkat \u00e7eken Kaygusuz. &#8220;Ben her seferinde heyecan duyuyorum. Kat\u0131l\u0131m gayet g\u00fczel, \u00e7ok kalabal\u0131k. Bir \u015fehri \u015fehir yapan sanat, etkinlik, kitap konu\u015fulmas\u0131d\u0131r. Ka\u00e7\u0131rmas\u0131nlar, kendi \u015fehirlerinde \u00e7ok uzak yerlerden gelen insanlar bir araya geliyorlar. Bu \u00e7ok g\u00fczel bir kar\u015f\u0131la\u015fma f\u0131rsat\u0131. Herkesi yeniden \u015fekillendirecek deneyimleri ka\u00e7\u0131rmamak laz\u0131m&#8221; ifadelerine yer verdi.<\/p>\n<p>Soycan: &#8220;Umar\u0131m enerjimiz, hevesimiz ve arzumuz azalmadan s\u00fcrer&#8221;<\/p>\n<p>Mersin i\u00e7in \u00e7ok k\u0131ymetli bir etkinlik oldu\u011funu kaydeden yazar ve \u015fair Celal Soycan, &#8220;Edebiyat gibi yayg\u0131n olmayan konuyu sahiplenip T\u00fcrkiye \u00f6l\u00e7e\u011finde hatta uluslararas\u0131 \u00f6l\u00e7ekte bir organizasyona d\u00f6n\u00fc\u015ft\u00fcrmek hem bir cesaret, hem bir vizyon i\u015fi&#8221; s\u00f6zlerine yer verdi. Mersin B\u00fcy\u00fck\u015fehir Belediyesi&#8217;nin b\u00f6yle bir etkinli\u011fe sahip \u00e7\u0131kma cesaretini g\u00f6sterdi\u011fi i\u00e7in \u00f6zel bir te\u015fekk\u00fcr\u00fc hak etti\u011fini vurgulayan Soycan, &#8220;Vahap Bey&#8217;in yapt\u0131\u011f\u0131 \u00e7ok \u015fey oldu kente. Bu ba\u011flamda bu etkinli\u011fin s\u00fcrd\u00fcr\u00fclebilir bir etkinlik olarak ayr\u0131ca \u00e7ok k\u0131ymeti var. Ba\u015fta Say\u0131n Ba\u015fkan Vahap Se\u00e7er olmak \u00fczere belediyedeki eme\u011fi ge\u00e7en herkesi tek tek kutluyorum. \u00c7ok k\u0131ymetli bir s\u00fcre\u00e7 ya\u015fan\u0131yor. Umar\u0131m enerjimiz, hevesimiz ve arzumuz azalmadan s\u00fcrer&#8221; diye konu\u015ftu.<\/p>\n<p>Birkan: &#8220;Ben bu kadar kalabal\u0131k beklemiyordum&#8221;<\/p>\n<p>Festivalde &#8216;T\u00fcrk Yazar\u0131n\u0131n Muhalifli\u011fi \u00d6\u011frenmesi&#8217; s\u00f6yle\u015fisiyle Yazar Tuncay Birkan, festivale g\u00fc\u00e7l\u00fc bir kat\u0131l\u0131 oldu\u011funu ve bundan duydu\u011fu memnuniyeti dile getirerek, &#8220;Ben bu kadar kalabal\u0131k beklemiyordum. \u00c7ok ho\u015f bir s\u00fcrpriz oldu benim ad\u0131ma. Mersin&#8217;de edebiyat ortam\u0131n\u0131n sand\u0131\u011f\u0131mdan ve uzaktan anla\u015f\u0131landan \u00e7ok daha canl\u0131 oldu\u011funu g\u00f6zle g\u00f6r\u00fcl\u00fcr kan\u0131t\u0131 oldu buras\u0131. \u00c7ok da iyi bir program haz\u0131rlanm\u0131\u015f. Program\u0131 haz\u0131rlayan herkesin ellerine sa\u011fl\u0131k. Ke\u015fke ben de kal\u0131p tamam\u0131n izleyebilseydim. D\u00f6nmek zorunday\u0131m. B\u00fct\u00fcn Mersin halk\u0131n\u0131 festivale ilgi g\u00f6stermeye ve kat\u0131lmaya davet ediyorum&#8221; ifadelerine yer verdi.<\/p>\n<p>Varl\u0131k: &#8220;\u0130stanbul&#8217;da bile ger\u00e7ekten bu yo\u011funlukta edebiyat festivali d\u00fczenlemek kolay olmuyor&#8221;<\/p>\n<p>B\u00fcy\u00fck\u015fehir Belediyesi&#8217;ne dolu dolu bir festival d\u00fczenledi\u011fi i\u00e7in te\u015fekk\u00fcr eden yazar Mesut Varl\u0131k, &#8220;\u0130stanbul&#8217;da bile ger\u00e7ekten bu yo\u011funlukta bu dolulukta edebiyat festivallerini d\u00fczenlemek o kadar da kolay olmuyor. Umar\u0131m bundan sonra da bu edebiyat festivali devam edecektir. \u00dcstelik daha da artarak, daha \u00e7e\u015fitlenerek, belki daha tematik olarak farkl\u0131 oturumlar ger\u00e7ekle\u015fecektir. Uluslararas\u0131 bir organizasyonun ger\u00e7ekle\u015ftirilmi\u015f olmas\u0131 Mersin&#8217;in bir ta\u015fra de\u011fil T\u00fcrkiye&#8217;deki edebiyat\u0131n merkez \u015fehirlerinden biri olmaya soyundu\u011funu g\u00f6steriyor&#8221; ifadelerine yer verdi.<\/p>\n<p>Ertu\u011frul: &#8220;Cehalet denen enkaz\u0131n alt\u0131ndan ancak kitap okuyarak kalkaca\u011f\u0131m\u0131za inan\u0131yoruz&#8221;<\/p>\n<p>\u00dclkem Okuyor Derne\u011fi Ba\u015fkan\u0131 Havva Aydanur Ertu\u011frul, dernek olarak edebiyat\u0131n \u00fclkede ve insanlar\u0131n hayatlar\u0131nda \u00e7ok \u00f6nemli bir yer kaplamas\u0131n\u0131 isteyen bir dernek olduklar\u0131n\u0131 vurgulayarak, &#8220;Biz Konya&#8217;dan geliyoruz. Festivali duydu\u011fumuz zaman b\u00fct\u00fcn y\u00f6netim ve \u00fcyelerimizle birlikte; &#8216;Bu festivalde olmal\u0131y\u0131z. Bu yazarlarla sohbet etmeliyiz&#8217; dedik ve geldik.  Geldi\u011fimizden beri \u00f6zellikle 3 s\u00f6yle\u015fiye kat\u0131ld\u0131k ve 3&#8217;\u00fcn\u00fc de \u00e7ok be\u011fendik. \u00c7ok donan\u0131ml\u0131 ve haz\u0131rl\u0131kl\u0131 yap\u0131lm\u0131\u015f. \u00d6zellikle planlama, programlama \u00e7ok ho\u015fuma gitti. Sistem tam d\u00fczenlenmi\u015f. Ke\u015fke bu \u015fekilde nitelikli festivaller i\u00e7in il de\u011fi\u015ftirmek zorunda kalmasak ve her yerde olsa. \u00c7ok g\u00fczeldi, \u00e7ok be\u011fendim. \u00dclkem Okuyor Derne\u011fi olarak bu cehalet denen enkaz\u0131n alt\u0131ndan ancak kitap okuyarak kalkaca\u011f\u0131m\u0131za inan\u0131yoruz. Nitelikli kitaplarla dolu g\u00fcnler diliyoruz&#8221; ifadelerini kulland\u0131.<\/p>\n<p>Festivalin ilk g\u00fcn\u00fc kat\u0131l\u0131mc\u0131lar i\u00e7in dolu dolu ge\u00e7ti<\/p>\n<p>Festivale kat\u0131lan vatanda\u015flardan Eczac\u0131 Mine Yal\u00e7\u0131n, festivalin g\u00fczel ba\u015flad\u0131\u011f\u0131ndan s\u00f6z ederek, &#8220;Ge\u00e7en y\u0131l da kat\u0131lm\u0131\u015ft\u0131m. Benim i\u00e7in ufuk, zihin ve ruhumu a\u00e7\u0131c\u0131 bir etkinlik oluyor. Bu y\u0131l da in\u015fallah \u00f6yle olacak. Bu y\u0131l bir de yabanc\u0131 konu\u011fumuz varm\u0131\u015f. \u0130n\u015fallah hepsine kat\u0131lmaya \u00e7al\u0131\u015faca\u011f\u0131m. Ba\u015flang\u0131\u00e7 \u00e7ok iyiydi, hepsi de \u00f6yle olur diye d\u00fc\u015f\u00fcn\u00fcyorum&#8221; dedi. Kat\u0131l\u0131mc\u0131lardan \u0130brahim \u00c7elik, &#8220;&#8216;Sanat b\u00fct\u00fcnle\u015ftirir&#8217; diye bir s\u00f6z var. Sanat\u0131n olmad\u0131\u011f\u0131 yerde hi\u00e7bir \u015fey olmaz. Festivali \u00e7ok be\u011fendim ve \u00f6nemsiyorum da. Bu t\u00fcr festivallerin bize \u00e7ok farkl\u0131 de\u011ferler kazand\u0131raca\u011f\u0131n\u0131 d\u00fc\u015f\u00fcn\u00fcyorum. Mersin denilince akla bence sanat\u0131n gelmesi gerekiyor, Akdeniz \u015fehri neticede. Sanat festivallerimiz ile tan\u0131nal\u0131m. D\u00fcnya \u00e7ap\u0131nda insanlar gelsin. Onlardan bir \u015feyler \u00f6\u011frenelim. \u00d6\u011frenmenin ya\u015f\u0131 yok&#8221; diye konu\u015ftu. Festivale kat\u0131lan Meral Oronom, &#8220;\u00c7ok g\u00fczel. Belediyemizin b\u00f6yle bir etkinlik yapmas\u0131ndan olduk\u00e7a mutluyuz. Edebiyata doyacak bir d\u00f6rt g\u00fcn. Program olduk\u00e7a g\u00fczel. Memnunuz&#8221; dedi.<\/p>\n","protected":false},"excerpt":{"rendered":"<p>Bu y\u0131l &#8216;Yenile\u015fmeler&#8217; temas\u0131yla ikincisi d\u00fczenlenen ve konuk \u00fclkenin Fransa oldu\u011fu Uluslararas\u0131 Edebiyat Festivali ile Mersinlileri edebiyat dolu g\u00fcnler bekliyor. Kongre ve Sergi Saray\u0131&#8217;nda &#8216;Edebiyat\u0131n Kimli\u011fi&#8217; konu ba\u015fl\u0131\u011f\u0131 ile ba\u015flayan Edebiyat Festivali&#8217;nin ilk g\u00fcn\u00fcnde, edebiyat alan\u0131nda birbirinden \u00f6nemli yazar ve \u015fairler Mersinlilerle bulu\u015ftu. Mersin B\u00fcy\u00fck\u015fehir Belediyesi K\u00fclt\u00fcr ve Sosyal \u0130\u015fler Dairesi Ba\u015fkanl\u0131\u011f\u0131 taraf\u0131ndan Kongre ve [&hellip;]<\/p>\n","protected":false},"author":2,"featured_media":29936,"comment_status":"open","ping_status":"open","sticky":false,"template":"","format":"standard","meta":{"footnotes":""},"categories":[3],"tags":[],"class_list":["post-29935","post","type-post","status-publish","format-standard","has-post-thumbnail","hentry","category-manset"],"views":1,"_links":{"self":[{"href":"https:\/\/mersinkadingazetesi.com\/index.php?rest_route=\/wp\/v2\/posts\/29935"}],"collection":[{"href":"https:\/\/mersinkadingazetesi.com\/index.php?rest_route=\/wp\/v2\/posts"}],"about":[{"href":"https:\/\/mersinkadingazetesi.com\/index.php?rest_route=\/wp\/v2\/types\/post"}],"author":[{"embeddable":true,"href":"https:\/\/mersinkadingazetesi.com\/index.php?rest_route=\/wp\/v2\/users\/2"}],"replies":[{"embeddable":true,"href":"https:\/\/mersinkadingazetesi.com\/index.php?rest_route=%2Fwp%2Fv2%2Fcomments&post=29935"}],"version-history":[{"count":0,"href":"https:\/\/mersinkadingazetesi.com\/index.php?rest_route=\/wp\/v2\/posts\/29935\/revisions"}],"wp:featuredmedia":[{"embeddable":true,"href":"https:\/\/mersinkadingazetesi.com\/index.php?rest_route=\/wp\/v2\/media\/29936"}],"wp:attachment":[{"href":"https:\/\/mersinkadingazetesi.com\/index.php?rest_route=%2Fwp%2Fv2%2Fmedia&parent=29935"}],"wp:term":[{"taxonomy":"category","embeddable":true,"href":"https:\/\/mersinkadingazetesi.com\/index.php?rest_route=%2Fwp%2Fv2%2Fcategories&post=29935"},{"taxonomy":"post_tag","embeddable":true,"href":"https:\/\/mersinkadingazetesi.com\/index.php?rest_route=%2Fwp%2Fv2%2Ftags&post=29935"}],"curies":[{"name":"wp","href":"https:\/\/api.w.org\/{rel}","templated":true}]}}