{"id":29942,"date":"2024-01-14T11:12:14","date_gmt":"2024-01-14T08:12:14","guid":{"rendered":"http:\/\/mersinkadingazetesi.com\/?p=29942"},"modified":"2024-01-14T11:12:14","modified_gmt":"2024-01-14T08:12:14","slug":"mutta-calismalari-yerinde-incelendi","status":"publish","type":"post","link":"https:\/\/mersinkadingazetesi.com\/?p=29942","title":{"rendered":"Mut\u2019ta \u00c7al\u0131\u015fmalar\u0131 Yerinde \u0130ncelendi"},"content":{"rendered":"<p>Mersin Orman B\u00f6lge M\u00fcd\u00fcrl\u00fc\u011f\u00fcm\u00fcze ba\u011fl\u0131, Mut Orman \u0130\u015fletme M\u00fcd\u00fcrl\u00fc\u011f\u00fc, Merkez \u0130\u015fletme \u015eefli\u011fi s\u0131n\u0131rlar\u0131 i\u00e7erinde bulunan sahalarda f\u0131st\u0131k\u00e7am\u0131 budama tatbikat\u0131 yap\u0131ld\u0131. Tatbikata Mersin Orman B\u00f6lge M\u00fcd\u00fcr\u00fc Mustafa Yal\u00e7\u0131n, Mut Orman \u0130\u015fletme M\u00fcd\u00fcr\u00fc Utku Dan\u0131\u015f, \u0130\u015fletme \u015eefleri ve \u0130\u015fletme Personelleri kat\u0131ld\u0131.<br \/>\nTatbikat sonras\u0131nda B\u00f6lge M\u00fcd\u00fcr\u00fc Yal\u00e7\u0131n, Mut Orman \u0130\u015fletme M\u00fcd\u00fcrl\u00fc\u011f\u00fc personelleri, Selaml\u0131 mahalle muhtar\u0131 ve vatanda\u015flarla bir araya gelerek, Selaml\u0131 Mahallesi s\u0131n\u0131rlar\u0131 i\u00e7erisinde yer alan 120 ha. alanda gelir getirici t\u00fcr kapsam\u0131nda sahada mevcut bulunan delice zeytin a\u011fa\u00e7lar\u0131n\u0131n a\u015f\u0131lanmas\u0131, bo\u015f olan alanlar\u0131n  tamam\u0131na dikimlerin yap\u0131lmas\u0131, sahan\u0131n blok halinde zeytin bah\u00e7esine d\u00f6n\u00fc\u015ft\u00fcr\u00fcl\u00fcp k\u00f6yl\u00fclerimize da\u011f\u0131t\u0131larak faydalanmalar\u0131na sunulmas\u0131 talimat\u0131n\u0131 verdi.<br \/>\nYap\u0131lan incelemeler sonras\u0131nda, 11 Kas\u0131m Milli A\u011fa\u00e7land\u0131rma G\u00fcn\u00fc kapsam\u0131nda, Mut\u2019ta 2,023 hektarl\u0131k dikim alan\u0131nda, 2023 adet fidan kullan\u0131larak Cumhuriyetimizin 100. y\u0131l\u0131n\u0131 temsilen hilal ve y\u0131ld\u0131z motifi ile olu\u015fturulan T\u00fcrk Bayra\u011f\u0131m\u0131z\u0131n oldu\u011fu sahada yap\u0131lan incelemeler sonras\u0131nda B\u00f6lge M\u00fcd\u00fcr\u00fc Yal\u00e7\u0131n, eme\u011fi ge\u00e7en herkese te\u015fekk\u00fcr ederek, ba\u015far\u0131lar diledi.<\/p>\n","protected":false},"excerpt":{"rendered":"<p>Mersin Orman B\u00f6lge M\u00fcd\u00fcrl\u00fc\u011f\u00fcm\u00fcze ba\u011fl\u0131, Mut Orman \u0130\u015fletme M\u00fcd\u00fcrl\u00fc\u011f\u00fc, Merkez \u0130\u015fletme \u015eefli\u011fi s\u0131n\u0131rlar\u0131 i\u00e7erinde bulunan sahalarda f\u0131st\u0131k\u00e7am\u0131 budama tatbikat\u0131 yap\u0131ld\u0131. Tatbikata Mersin Orman B\u00f6lge M\u00fcd\u00fcr\u00fc Mustafa Yal\u00e7\u0131n, Mut Orman \u0130\u015fletme M\u00fcd\u00fcr\u00fc Utku Dan\u0131\u015f, \u0130\u015fletme \u015eefleri ve \u0130\u015fletme Personelleri kat\u0131ld\u0131. Tatbikat sonras\u0131nda B\u00f6lge M\u00fcd\u00fcr\u00fc Yal\u00e7\u0131n, Mut Orman \u0130\u015fletme M\u00fcd\u00fcrl\u00fc\u011f\u00fc personelleri, Selaml\u0131 mahalle muhtar\u0131 ve vatanda\u015flarla bir [&hellip;]<\/p>\n","protected":false},"author":2,"featured_media":29943,"comment_status":"open","ping_status":"open","sticky":false,"template":"","format":"standard","meta":{"footnotes":""},"categories":[3],"tags":[],"class_list":["post-29942","post","type-post","status-publish","format-standard","has-post-thumbnail","hentry","category-manset"],"views":0,"_links":{"self":[{"href":"https:\/\/mersinkadingazetesi.com\/index.php?rest_route=\/wp\/v2\/posts\/29942"}],"collection":[{"href":"https:\/\/mersinkadingazetesi.com\/index.php?rest_route=\/wp\/v2\/posts"}],"about":[{"href":"https:\/\/mersinkadingazetesi.com\/index.php?rest_route=\/wp\/v2\/types\/post"}],"author":[{"embeddable":true,"href":"https:\/\/mersinkadingazetesi.com\/index.php?rest_route=\/wp\/v2\/users\/2"}],"replies":[{"embeddable":true,"href":"https:\/\/mersinkadingazetesi.com\/index.php?rest_route=%2Fwp%2Fv2%2Fcomments&post=29942"}],"version-history":[{"count":0,"href":"https:\/\/mersinkadingazetesi.com\/index.php?rest_route=\/wp\/v2\/posts\/29942\/revisions"}],"wp:featuredmedia":[{"embeddable":true,"href":"https:\/\/mersinkadingazetesi.com\/index.php?rest_route=\/wp\/v2\/media\/29943"}],"wp:attachment":[{"href":"https:\/\/mersinkadingazetesi.com\/index.php?rest_route=%2Fwp%2Fv2%2Fmedia&parent=29942"}],"wp:term":[{"taxonomy":"category","embeddable":true,"href":"https:\/\/mersinkadingazetesi.com\/index.php?rest_route=%2Fwp%2Fv2%2Fcategories&post=29942"},{"taxonomy":"post_tag","embeddable":true,"href":"https:\/\/mersinkadingazetesi.com\/index.php?rest_route=%2Fwp%2Fv2%2Ftags&post=29942"}],"curies":[{"name":"wp","href":"https:\/\/api.w.org\/{rel}","templated":true}]}}