{"id":29945,"date":"2024-01-14T11:13:33","date_gmt":"2024-01-14T08:13:33","guid":{"rendered":"http:\/\/mersinkadingazetesi.com\/?p=29945"},"modified":"2024-01-14T11:13:33","modified_gmt":"2024-01-14T08:13:33","slug":"5-yilda-mevcut-imkanlari-en-iyi-sekilde-kullandik","status":"publish","type":"post","link":"https:\/\/mersinkadingazetesi.com\/?p=29945","title":{"rendered":"&#8220;5 YILDA MEVCUT \u0130MKANLARI EN \u0130Y\u0130 \u015eEK\u0130LDE KULLANDIK&#8221;"},"content":{"rendered":"<p>Mersin B\u00fcy\u00fck\u015fehir Belediye Ba\u015fkan\u0131 Vahap Se\u00e7er, Mersin Sanayicileri ve \u0130\u015f \u0130nsanlar\u0131 Derne\u011fi (MES\u0130AD) taraf\u0131ndan d\u00fczenlenen &#8217;13. Y\u0131l\u0131n \u0130\u015f \u0130nsanlar\u0131 \u00d6d\u00fcl T\u00f6reni&#8217;ne kat\u0131ld\u0131. T\u00f6rende Se\u00e7er&#8217;e &#8216;Y\u0131l\u0131n Sosyal Belediyecilik \u00d6d\u00fcl\u00fc&#8217; takdim edildi.<\/p>\n<p>Yeni\u015fehir Atat\u00fcrk K\u00fclt\u00fcr Merkezi&#8217;nde d\u00fczenlenen t\u00f6rene, Ba\u015fkan Se\u00e7er&#8217;in yan\u0131 s\u0131ra Cumhuriyet Halk Partisi (CHP) Mersin Milletvekilleri G\u00fclcan K\u0131\u015f, Talat Din\u00e7er ve Hasan Ufuk \u00c7ak\u0131r, Yeni\u015fehir Belediye Ba\u015fkan\u0131 Abdullah \u00d6zyi\u011fit, Mersin Ticaret ve Sanayi Odas\u0131 (MTSO) Ba\u015fkan\u0131 Hakan Sefa \u00c7ak\u0131r, MTSO Meclis Ba\u015fkan\u0131 Hamit \u0130zol, MES\u0130AD Ba\u015fkan\u0131 Hasan Engin, Mersin Tarsus Organize Sanayi B\u00f6lgesi (MTOSB) Ba\u015fkan\u0131 Sabri Tekli, milletvekilleri, siyasi partilerin temsilcileri, i\u015f insanlar\u0131 ve kent protokol\u00fc kat\u0131ld\u0131.<\/p>\n<p>T\u00f6rende ilk olarak MES\u0130AD tan\u0131t\u0131m filmi ve sponsor firmalara dair video g\u00f6sterimleri ger\u00e7ekle\u015ftirildi ve ard\u0131ndan konu\u015fmalara ge\u00e7ildi.<\/p>\n<p>Se\u00e7er: &#8220;Mersin T\u00fcrkiye&#8217;nin bir \u00f6zeti&#8221;<\/p>\n<p>T\u00f6rende konu\u015fan Ba\u015fkan Vahap Se\u00e7er, MES\u0130AD&#8217;\u0131n yapt\u0131\u011f\u0131 de\u011ferlendirmeler sonucu kendisini \u00f6d\u00fcle lay\u0131k g\u00f6rmesini mutlulukla kar\u015f\u0131lad\u0131\u011f\u0131n\u0131 s\u00f6yledi. 2024 se\u00e7imlerinde yeniden B\u00fcy\u00fck\u015fehir Belediye Ba\u015fkanl\u0131\u011f\u0131&#8217;na aday oldu\u011funu hat\u0131rlatan Se\u00e7er, &#8220;Mersin T\u00fcrkiye&#8217;nin bir \u00f6zeti. Uzun y\u0131llard\u0131r yeni bir istikbal aray\u0131\u015f\u0131yla b\u00f6lgeye do\u011fudan, bat\u0131dan, kuzeyden, Orta Anadolu&#8217;dan gelen insanlar\u0131m\u0131z\u0131n olu\u015fturdu\u011fu enerji y\u00fckl\u00fc, daima f\u0131rsatlar sunan, imk\u00e2nlar\u0131n\u0131, bereketli topraklar\u0131n\u0131, g\u00fczel iklimini, g\u00fczel lokasyonunu; asl\u0131nda d\u00f6n\u00fc\u015ft\u00fcr\u00fclebilecek ne imkan\u0131 varsa burada kentte ya\u015fayanlar\u0131n emrine amade eden bir kentte ya\u015f\u0131yoruz&#8221; dedi.<\/p>\n<p>Resmi rakamlara g\u00f6re 2 milyon ancak resmi olmayan rakamlara g\u00f6re ise 2,5 milyon insan\u0131n Mersin&#8217;de ya\u015fad\u0131\u011f\u0131n\u0131 belirten Se\u00e7er, &#8220;Muazzam bir enerjisi var, s\u00fcrekli geli\u015fiyor, \u00fcretiyor, zengin bir kent. Vergi rekortmenleri aras\u0131nda bir kent oldu\u011fundan bahsedildi. Demek ki burada ticaret var, ondan kaynakl\u0131 vergi var. De\u011fi\u015fik vergi kalemlerinin y\u00fcksek tahsilat\u0131n\u0131n oldu\u011fu bir b\u00f6lge ve bu da bize yat\u0131r\u0131m olarak yans\u0131yor. En az\u0131ndan belediyelerimiz genel b\u00fct\u00e7e pay\u0131ndan, vergi gelirlerinden kendini ya\u015fat\u0131yor. Bug\u00fcn T\u00fcrkiye Cumhuriyeti kasas\u0131na gelen her 100 liran\u0131n 85&#8217;i bu \u00fclkede toplanan vergidir&#8221; diyerek, T\u00fcrkiye&#8217;de insanlar\u0131n \u00e7al\u0131\u015fmak ve \u00fcretmek zorunda oldu\u011funun alt\u0131n\u0131 \u00e7izdi.<\/p>\n<p>&#8220;Vizyonlu y\u00f6neticilerle y\u00f6netilmek zorunday\u0131z&#8221;<\/p>\n<p>Yenili\u011fin pe\u015finde ko\u015ftu\u011funu da belirten Se\u00e7er, &#8220;Vizyonlu y\u00f6neticilerle y\u00f6netilmek zorunday\u0131z. Vizyonlu i\u015f insanlar\u0131n\u0131n uluslararas\u0131 piyasalarda rekabet etti\u011fi, emek verdi\u011fi, mesai harcad\u0131\u011f\u0131 bir toplum ve \u00fclke olmak zorunday\u0131z. Yerinizde durdu\u011funuz anda geride kal\u0131yorsunuz&#8221; diye konu\u015ftu. Kent y\u00f6netiminin de \u00f6yle oldu\u011funu s\u00f6yleyen Se\u00e7er, &#8220;5 y\u0131ll\u0131k g\u00f6rev s\u00fcremizde mevcut imkanlar\u0131 en iyi \u015fekilde de\u011ferlendirmeye \u00e7al\u0131\u015ft\u0131k. Kamu y\u00f6netimi, \u00f6zellikle belediyecilik 2 temel halka \u00fczerinde \u015fekillenir; kaliteli insan kayna\u011f\u0131 ve g\u00fc\u00e7l\u00fc bir finansal yap\u0131. Bu ikisini buldu\u011funuz zaman vizyon da ortaya koyabiliyorsan\u0131z, \u00fcreten bir akl\u0131n\u0131z, geli\u015fen ve geli\u015ftiren bir ferasetiniz varsa o kent sizden \u00e7ok \u015feyler kazan\u0131r. Biz bu anlay\u0131\u015fla 5 y\u0131l\u0131m\u0131z\u0131 tamamlad\u0131k&#8221; s\u00f6zlerine yer verdi.<\/p>\n<p>&#8220;\u0130sti\u015fare etti\u011fimiz her konuda ortakla\u015f\u0131yorsak ba\u015far\u0131l\u0131 olduk&#8221;<\/p>\n<p>Sivil toplumun g\u00fcc\u00fcn\u00fcn \u00f6nemli oldu\u011funa dikkat \u00e7eken Se\u00e7er, &#8220;B\u00fct\u00fcn sivil toplum \u00f6rg\u00fctleri kendince g\u00fc\u00e7l\u00fcd\u00fcr. De\u011fi\u015fik alanlarda herkesin bu \u00fclkeye katk\u0131s\u0131 b\u00fcy\u00fckt\u00fcr. Herkesle isti\u015fare ettik, herkesin fikirlerini ald\u0131k. \u0130sti\u015fare etti\u011fimiz, m\u00fczakere etti\u011fimiz her konuda e\u011fer karar\u0131m\u0131zda ortakla\u015f\u0131yorsak bu i\u015fte ba\u015far\u0131l\u0131 olduk. Bug\u00fcne kadar oldu\u011fu gibi de bundan sonra da b\u00f6yle devam edece\u011fiz&#8221; ifadelerini kulland\u0131.<\/p>\n<p>&#8220;Sivil toplum demokratik toplumun temel unsurlar\u0131ndand\u0131r&#8221;<\/p>\n<p>Sivil toplumun demokratik toplumun temel unsurlar\u0131ndan biri oldu\u011funun alt\u0131n\u0131 \u00e7izen Se\u00e7er, T\u00fcrkiye&#8217;de bir demokrasi sorunu ya\u015fan\u0131yor ve bunu a\u015fmak istiyorlarsa birlikte y\u00fcr\u00fcnecek en \u00f6nemli yap\u0131n\u0131n sivil toplum oldu\u011funa i\u015faret etti. Mersin&#8217;de her insana ekmek sa\u011flamak i\u00e7in risk al\u0131p, yat\u0131r\u0131m yapan i\u015f insanlar\u0131na sayg\u0131 duydu\u011funu da ifade eden Se\u00e7er, &#8220;Bir yerel y\u00f6netici olarak her zaman i\u00e7in onlar\u0131n \u00f6n\u00fcn\u00fcn a\u00e7\u0131lmas\u0131 i\u00e7in bug\u00fcne kadar katk\u0131 sunmaya \u00e7al\u0131\u015ft\u0131m. Bundan sonra da sunmaya devam edece\u011fim&#8221; diyerek, \u00f6d\u00fcl\u00fc lay\u0131k g\u00f6ren herkese te\u015fekk\u00fcr etti.<\/p>\n<p>Engin: &#8220;Kentsel d\u00f6n\u00fc\u015f\u00fcm ve ula\u015f\u0131m ilimizin acil sorunlar\u0131ndan biridir&#8221;<\/p>\n<p>MES\u0130AD Ba\u015fkan\u0131 Hasan Engin ise, deneyimi, bilgi birikimi ve yarat\u0131c\u0131 enerjisiyle MES\u0130AD&#8217;\u0131n i\u015fsizli\u011fi azaltt\u0131\u011f\u0131n\u0131, \u00fcretimi h\u0131zland\u0131r\u0131c\u0131 projeler \u00fcretti\u011fini s\u00f6yleyerek, &#8220;Ekonomide g\u00fcven ve istikrar\u0131n sa\u011flanmas\u0131, sermayenin yat\u0131r\u0131mlara ve \u00fcretime d\u00f6n\u00fc\u015fmesi i\u00e7in demokrasi vazge\u00e7ilmez bir unsurdur. MES\u0130AD bu ba\u011flamda \u00e7al\u0131\u015fmalar\u0131nda ekonomi ile demokrasi aras\u0131nda etkile\u015fimin \u00f6nemini vurgulamaktad\u0131r. MES\u0130AD, \u00c7ukurova b\u00f6lgesinin ve \u00fclkemizin kalk\u0131nmas\u0131 i\u00e7in h\u0131z kesmeden projeler \u00fcretmeye devam etmektedir&#8221; dedi.<\/p>\n<p>T\u00fcrkiye&#8217;nin en \u00f6nemli liman\u0131na sahip olan Mersin&#8217;de bitirilmesi gereken projelerin hayata ge\u00e7irilmesiyle b\u00f6lge ekonomisinin geli\u015fmesinin h\u0131zlanaca\u011f\u0131n\u0131 s\u00f6yleyen Engin, &#8220;\u00d6zellikle ya\u015fad\u0131\u011f\u0131m\u0131z b\u00fcy\u00fck felaket sonras\u0131 Mersin&#8217;in \u00e7ok \u00f6nemli bir toplanma merkezi oldu\u011funu hepimiz g\u00f6rd\u00fck. Bar\u0131nma, altyap\u0131, ula\u015f\u0131m gibi konularda devletimizin deste\u011fini beklemektedir. Kentsel d\u00f6n\u00fc\u015f\u00fcm ve ula\u015f\u0131m ilimizin, \u00fclkemizin acil sorunlar\u0131ndan biridir. Ekonomik a\u00e7\u0131dan ba\u015far\u0131l\u0131 olman\u0131n temel ilkesi birlikte ve birbirini destekleyerek hareket etmektir. Kutupla\u015fmadan uzla\u015farak, Cumhuriyetimizin yeni y\u00fczy\u0131l\u0131nda, sivil anayasa ve yap\u0131sal reformlar\u0131n ger\u00e7ekle\u015fti\u011fi reformlar y\u0131l\u0131 olmas\u0131 temennimizdir&#8221; diye konu\u015ftu.<\/p>\n<p>Konu\u015fmalar\u0131n ard\u0131ndan \u00f6d\u00fcl t\u00f6renine ge\u00e7ildi. &#8216;Y\u0131l\u0131n Sanayi Yat\u0131r\u0131m \u00d6d\u00fcl\u00fc&#8217; ile &#8216;Y\u0131l\u0131n Yat\u0131r\u0131m \u00d6d\u00fcl\u00fc&#8217;n\u00fc sahiplerine takdim eden Ba\u015fkan Se\u00e7er de &#8216;Y\u0131l\u0131n Sosyal Belediyecilik \u00d6d\u00fcl\u00fc&#8217;n\u00fc ald\u0131. Ard\u0131ndan t\u00f6rene sponsor olan ve MES\u0130AD&#8217;a yeni \u00fcye olan ki\u015filere plaket verildi. T\u00f6ren, toplu foto\u011fraf \u00e7ekiminin ard\u0131ndan sona erdi.<\/p>\n","protected":false},"excerpt":{"rendered":"<p>Mersin B\u00fcy\u00fck\u015fehir Belediye Ba\u015fkan\u0131 Vahap Se\u00e7er, Mersin Sanayicileri ve \u0130\u015f \u0130nsanlar\u0131 Derne\u011fi (MES\u0130AD) taraf\u0131ndan d\u00fczenlenen &#8217;13. Y\u0131l\u0131n \u0130\u015f \u0130nsanlar\u0131 \u00d6d\u00fcl T\u00f6reni&#8217;ne kat\u0131ld\u0131. T\u00f6rende Se\u00e7er&#8217;e &#8216;Y\u0131l\u0131n Sosyal Belediyecilik \u00d6d\u00fcl\u00fc&#8217; takdim edildi. Yeni\u015fehir Atat\u00fcrk K\u00fclt\u00fcr Merkezi&#8217;nde d\u00fczenlenen t\u00f6rene, Ba\u015fkan Se\u00e7er&#8217;in yan\u0131 s\u0131ra Cumhuriyet Halk Partisi (CHP) Mersin Milletvekilleri G\u00fclcan K\u0131\u015f, Talat Din\u00e7er ve Hasan Ufuk \u00c7ak\u0131r, Yeni\u015fehir [&hellip;]<\/p>\n","protected":false},"author":2,"featured_media":29946,"comment_status":"open","ping_status":"open","sticky":false,"template":"","format":"standard","meta":{"footnotes":""},"categories":[8,2,3],"tags":[],"class_list":["post-29945","post","type-post","status-publish","format-standard","has-post-thumbnail","hentry","category-ekonomi","category-gundem","category-manset"],"views":7,"_links":{"self":[{"href":"https:\/\/mersinkadingazetesi.com\/index.php?rest_route=\/wp\/v2\/posts\/29945"}],"collection":[{"href":"https:\/\/mersinkadingazetesi.com\/index.php?rest_route=\/wp\/v2\/posts"}],"about":[{"href":"https:\/\/mersinkadingazetesi.com\/index.php?rest_route=\/wp\/v2\/types\/post"}],"author":[{"embeddable":true,"href":"https:\/\/mersinkadingazetesi.com\/index.php?rest_route=\/wp\/v2\/users\/2"}],"replies":[{"embeddable":true,"href":"https:\/\/mersinkadingazetesi.com\/index.php?rest_route=%2Fwp%2Fv2%2Fcomments&post=29945"}],"version-history":[{"count":0,"href":"https:\/\/mersinkadingazetesi.com\/index.php?rest_route=\/wp\/v2\/posts\/29945\/revisions"}],"wp:featuredmedia":[{"embeddable":true,"href":"https:\/\/mersinkadingazetesi.com\/index.php?rest_route=\/wp\/v2\/media\/29946"}],"wp:attachment":[{"href":"https:\/\/mersinkadingazetesi.com\/index.php?rest_route=%2Fwp%2Fv2%2Fmedia&parent=29945"}],"wp:term":[{"taxonomy":"category","embeddable":true,"href":"https:\/\/mersinkadingazetesi.com\/index.php?rest_route=%2Fwp%2Fv2%2Fcategories&post=29945"},{"taxonomy":"post_tag","embeddable":true,"href":"https:\/\/mersinkadingazetesi.com\/index.php?rest_route=%2Fwp%2Fv2%2Ftags&post=29945"}],"curies":[{"name":"wp","href":"https:\/\/api.w.org\/{rel}","templated":true}]}}