{"id":29958,"date":"2024-01-14T11:24:32","date_gmt":"2024-01-14T08:24:32","guid":{"rendered":"http:\/\/mersinkadingazetesi.com\/?p=29958"},"modified":"2024-01-14T11:24:32","modified_gmt":"2024-01-14T08:24:32","slug":"alaninda-duayen-yazarlar-mersinde-agirlanmaya-devam-ediyor","status":"publish","type":"post","link":"https:\/\/mersinkadingazetesi.com\/?p=29958","title":{"rendered":"ALANINDA DUAYEN YAZARLAR MERS\u0130N&#8217;DE A\u011eIRLANMAYA DEVAM ED\u0130YOR"},"content":{"rendered":"<p>Mersin B\u00fcy\u00fck\u015fehir Belediyesi taraf\u0131ndan bu y\u0131l 2.&#8217;si d\u00fczenlenen &#8216;Uluslararas\u0131 Mersin Edebiyat Festivali&#8217;, \u00fc\u00e7\u00fcnc\u00fc g\u00fcnde de dolu dolu ge\u00e7ti. Birbirinden de\u011ferli yazarlar\u0131, edebiyatseverlerle bulu\u015fturan B\u00fcy\u00fck\u015fehir, festivalin 3. g\u00fcn\u00fcnde de hem yazarlardan hem de edebiyatseverlerden tam not ald\u0131.<\/p>\n<p>Mersin B\u00fcy\u00fck\u015fehir Belediyesi K\u00fclt\u00fcr ve Sosyal \u0130\u015fler Dairesi Ba\u015fkanl\u0131\u011f\u0131 taraf\u0131ndan, bu y\u0131l &#8216;Yenile\u015fmeler&#8217; temas\u0131yla organize edilen festivalde T\u00fcrkiye&#8217;nin yan\u0131 s\u0131ra Fransa&#8217;n\u0131n da birbirinden de\u011ferli yazarlar\u0131 a\u011f\u0131rlan\u0131yor. 11 Ocak tarihinde ba\u015flayan ve 4 g\u00fcn boyunca devam edecek festival edebiyatseverlerden yo\u011fun ilgi g\u00f6r\u00fcyor.<\/p>\n<p>Mersin B\u00fcy\u00fck\u015fehir Belediyesi Kongre ve Sergi Saray\u0131&#8217;nda 3. g\u00fcne start veren &#8216;2. Uluslararas\u0131 Mersin Edebiyat Festivali&#8217; g\u00fcn boyu yap\u0131lan s\u00f6yle\u015filer, at\u00f6lyeler ve paneller h\u0131z kesmeden devam etti. Yazar Behi\u00e7 Ak, Leyla Ruhan Okyay ve Murat G\u00fclsoy&#8217;un at\u00f6lyeleriyle ba\u015flayan festival; birbirinden de\u011ferli konuklar\u0131n panelleri, Yazar Alper Can\u0131g\u00fcz, Asuman Susam, Murat G\u00fclsoy ve Tu\u011frul Keskin ile Ahmet Telli s\u00f6yle\u015fisi ile tamamland\u0131.<\/p>\n<p>Okyay: &#8220;Ola\u011fan\u00fcst\u00fc g\u00fczel ve ba\u015far\u0131l\u0131 bir organizasyondu&#8221;<\/p>\n<p>Kentlerde edebiyat festivallerinin d\u00fczenlenmesinin ve belediyelerce desteklenmesinin \u00e7ok sevindirici oldu\u011funun alt\u0131n\u0131 \u00e7izen \u00e7ocuk kitaplar\u0131 yazar\u0131 Leyla Ruhan Okyay, organizasyondan da \u00e7ok memnun kald\u0131\u011f\u0131n\u0131 s\u00f6yledi. \u00c7ocuklar\u0131n yo\u011fun ilgisiyle kar\u015f\u0131la\u015ft\u0131\u011f\u0131n\u0131n alt\u0131n\u0131 \u00e7izen Okyay, &#8220;\u00c7ok ayr\u0131nt\u0131ya girip kurgusunun \u00f6zelliklerinden s\u00f6z eden, yani edebiyata dair bir tak\u0131m ayr\u0131nt\u0131lar\u0131 fark etmi\u015f, \u00e7ok iyi bir okuma yapm\u0131\u015f \u00e7ocuklar vard\u0131. \u00c7ok g\u00fczel bir s\u00f6yle\u015fi oldu. Kar\u015f\u0131l\u0131kl\u0131 mutlu olduk. \u00c7ok ba\u015far\u0131l\u0131, \u00e7ok iyi olacak, daha da iyi olacak mutlaka&#8221; dedi. Bu tarz etkinliklerin artmas\u0131 \u00e7a\u011fr\u0131s\u0131nda bulunan Okyay, &#8220;M\u00fcmk\u00fcn oldu\u011fu kadar \u00e7ok ki\u015finin izlemesi bence \u00e7ok \u015fey katacakt\u0131r. Sanatla i\u00e7 i\u00e7e olan bir toplum her zaman iyi \u015feyler \u00fcretir. Ola\u011fan\u00fcst\u00fc g\u00fczel ve ba\u015far\u0131l\u0131 bir organizasyondu \u00e7ok memnunum&#8221; diye konu\u015ftu.<\/p>\n<p>G\u00fclsoy: &#8220;Umar\u0131m bu festival devam eder&#8221;<\/p>\n<p>Kendisini uluslararas\u0131 iyi bir organizasyonun i\u00e7inde buldu\u011funu kaydeden Yazar Murat G\u00fclsoy &#8220;Frans\u0131z yazarlar \u015fiirlerini okuyorlard\u0131, baz\u0131lar\u0131n\u0131 tan\u0131m\u0131yordum, tan\u0131\u015fm\u0131\u015f oldum&#8221; dedi. At\u00f6lyenin \u00e7ok iyi ge\u00e7ti\u011fini de\u011finen G\u00fclsoy, &#8220;Bu festivaller \u00e7ok \u00f6nemli. Her \u015feyin belli merkezlerde toplanmas\u0131ndansa farkl\u0131, farkl\u0131 \u015fehirlerde farkl\u0131 temalarda \u00e7al\u0131\u015f\u0131lm\u0131\u015f, buradaki gibi iyi d\u00fczenlenmi\u015f olmas\u0131 \u00e7ok \u00f6nemli. Okur niteli\u011fini \u00e7ok etkiliyor hem de yazarlar\u0131n birbirleriyle temas\u0131n\u0131 da artt\u0131r\u0131yor. Umar\u0131m devam eder&#8221; diyerek, eme\u011fi ge\u00e7en herkese te\u015fekk\u00fcr etti.<\/p>\n<p>Ak: &#8220;Bu tarz festivallere kat\u0131lan gen\u00e7 ileride yazar olmay\u0131 d\u00fc\u015f\u00fcnebilir, hatta b\u00fcy\u00fck bir yazar da olabilir&#8221;<\/p>\n<p>\u00c7ocuklar\u0131n kitaplar\u0131n\u0131 okuyup gelmesinden \u00e7ok etkilendi\u011fini s\u00f6yleyen Yazar Behi\u00e7 Ak, belediyenin kitaplar\u0131n\u0131 \u00e7ocuklara \u00fccretsiz da\u011f\u0131tmas\u0131ndan memnuniyet duydu\u011funu dile getirdi. Her \u00e7ocu\u011fun kitaba ula\u015fma imkan\u0131 olmad\u0131\u011f\u0131n\u0131n alt\u0131n\u0131 \u00e7izen Ak, &#8220;O y\u00fczden beni hem gururland\u0131rd\u0131 hem de umutland\u0131rd\u0131. \u00c7ocuklar i\u00e7in yazmak zor bir \u015fey. \u00c7\u00fcnk\u00fc \u00e7ocuklar\u0131n bir yazar\u0131 sevmesi \u00e7ok kolay de\u011fil. \u00c7\u00fcnk\u00fc okumakla kurulan ili\u015fki \u00e7ok s\u0131k\u0131c\u0131 olabiliyor \u00e7ocuklar i\u00e7in. Hatta biz o \u00e7ocuklar\u0131 yanl\u0131\u015f de\u011ferlendirebiliyoruz, oysaki tam yazar\u0131n\u0131, okuyaca\u011f\u0131 \u015feyi bulamad\u0131\u011f\u0131 i\u00e7in \u00e7ocuklar mesafeli oluyor. O y\u00fczden benim kitaplar\u0131mla \u00e7ocuklar\u0131n okumay\u0131 sevip seviyor olmas\u0131 beni gururland\u0131r\u0131yor&#8221; dedi. Festivalin yo\u011fun oldu\u011funu belirten Ak, &#8220;Farkl\u0131 sanat alanlar\u0131n\u0131 konu alan festivaller yapmak \u00e7ok \u00f6nemli, kolay da bir \u015fey de\u011fil, riskli. Ama belediye bunu ba\u015farm\u0131\u015f. Halk\u0131n mutlaka bu tarz \u015feylere destek vermesi gerekti\u011fini d\u00fc\u015f\u00fcn\u00fcyorum. \u015eehrin kalitesini y\u00fckselten festivaller bunlar. Burada kat\u0131lan izleyici bir gen\u00e7 ileride yazar olmay\u0131 d\u00fc\u015f\u00fcnebilir, hatta b\u00fcy\u00fck bir yazar da olabilir&#8221; s\u00f6zlerine yer verdi.<\/p>\n<p>Can\u0131g\u00fcz: &#8220;Hayat\u0131 renklendirecek bir etkinlikti&#8221;<\/p>\n<p>Keyifli bir festival ge\u00e7irdi\u011fini belirten Yazar Alper Can\u0131g\u00fcz, okurun yo\u011fun ilgisinden keyif ald\u0131\u011f\u0131n\u0131 vurgulad\u0131. Festivale katk\u0131da bulunmaktan mutluluk duydu\u011funu s\u00f6yleyen Can\u0131g\u00fcz, &#8220;Hayat\u0131 renklendirecek bir etkinlikti. Edebiyat, hayatta ba\u015fka hi\u00e7bir \u015feyle kar\u015f\u0131l\u0131k bulamayacak, kendine \u00f6zg\u00fc bir tat alan\u0131d\u0131r. Entelekt\u00fcel bir keyiftir, kimse bundan kendini mahrum etmesin&#8221; ifadelerini kulland\u0131. Festivallerin her zaman birle\u015ftirici bir g\u00fcc\u00fc oldu\u011funa de\u011finen Can\u0131g\u00fcz, &#8220;Bunlar\u0131n daha \u00e7ok olmas\u0131 gerekti\u011fini d\u00fc\u015f\u00fcn\u00fcyorum. Sadece belediye, devlet kaynaklar\u0131yla de\u011fil, umar\u0131m ki ba\u015fka STK&#8217;lar bunlara \u00f6nc\u00fcl\u00fck eder. Tabi ki bunlar hem maddi hem manevi g\u00fc\u00e7 gerektiriyor. Bunu yapmaya \u00e7al\u0131\u015fmak hepimiz ad\u0131na toplumsal olarak zenginle\u015ftirecek, geli\u015ftirecek \u015feylerdir. Bunlar\u0131n \u00e7o\u011falmas\u0131n\u0131 dilerim&#8221; dedi.<\/p>\n<p>Susam: &#8220;\u0130nsan\u0131n \u00f6z\u00fcn\u00fc tekrar onu hat\u0131rlatacak en temel \u015fey sanat&#8221;<\/p>\n<p>Mersin&#8217;de olmaktan b\u00fcy\u00fck bir keyif ald\u0131\u011f\u0131n\u0131 kaydeden \u015eair Asuman Susam, &#8220;K\u00fclt\u00fcrel kar\u015f\u0131la\u015fmalara \u00e7ok ihtiyac\u0131m\u0131z oldu\u011funu d\u00fc\u015f\u00fcnd\u00fc\u011f\u00fcm bir d\u00f6nemde Mersin B\u00fcy\u00fck\u015fehir Belediyesi&#8217;nin b\u00f6yle bir ev sahipli\u011fi yapm\u0131\u015f olmas\u0131 ger\u00e7ekten sadece Mersin ad\u0131na de\u011fil bizler i\u00e7in de son derece yararl\u0131 diye d\u00fc\u015f\u00fcn\u00fcyorum&#8221; dedi. Denizin a\u00e7\u0131kl\u0131\u011f\u0131n\u0131n insanlar\u0131n da a\u00e7\u0131kl\u0131\u011f\u0131na yans\u0131d\u0131\u011f\u0131n\u0131 belirten Susam, &#8220;Belediyenizin k\u00fclt\u00fcr alan\u0131nda \u00e7ok dinamik bir i\u015fleyi\u015f var. Kat\u0131l\u0131m\u0131n da bu nedenle bu kadar dinamik oldu\u011funu d\u00fc\u015f\u00fcnd\u00fcrd\u00fc bana. Yerel y\u00f6netimlerin kentlerin k\u00fclt\u00fcrel in\u015falar\u0131 i\u00e7in de sorumluluk ta\u015f\u0131d\u0131\u011f\u0131n\u0131 d\u00fc\u015f\u00fcn\u00fcyorum. K\u00fclt\u00fcre verilen de\u011ferin \u00fclkemizde \u00e7ok y\u00fcksekte olmad\u0131\u011f\u0131n\u0131 bildi\u011fimiz bir yerde, b\u00fcy\u00fck belediyelerin bu anlamdaki duyarl\u0131l\u0131klar\u0131 ve ger\u00e7ekten niteli\u011fi y\u00fcksek yerlere yat\u0131r\u0131m yapmalar\u0131 asl\u0131nda gelece\u011fe a\u00e7\u0131lan birer kap\u0131, d\u00f6n\u00fc\u015ft\u00fcr\u00fcc\u00fc etkisi \u00e7ok y\u00fcksek. Bug\u00fcnden yar\u0131na de\u011fil, daha \u00f6te zamanlara da faydas\u0131 olacak bir \u015fey yap\u0131yor belediyeler bu anlamda. Kar\u015f\u0131la\u015fmalara hepimizin \u00e7ok ihtiyac\u0131 var&#8221; diye konu\u015ftu.<\/p>\n<p>Sanat\u0131n d\u00f6n\u00fc\u015ft\u00fcr\u00fcc\u00fc g\u00fcc\u00fcn\u00fcn \u00e7ok y\u00fcksek oldu\u011funu s\u00f6yleyen Susam, &#8220;Felaketler \u00e7a\u011f\u0131 gibi bir \u00e7a\u011f\u0131n i\u00e7indeyiz ve toplumsal felaketlere, sava\u015flara kadar insan\u0131n \u00f6z\u00fcn\u00fc tekrar ona hat\u0131rlatacak en temel \u015fey sanat. B\u00fct\u00fcn yerel y\u00f6netimlerin sadece festivaller de\u011fil, k\u00fclt\u00fcr \u00e7al\u0131\u015ftaylar\u0131, \u00f6zellikle 7&#8217;den 70&#8217;e b\u00fct\u00fcn sivil gruplarla d\u00f6n\u00fc\u015ft\u00fcr\u00fcc\u00fc sanat eylemliklerinin hepsinin gelece\u011fimiz a\u00e7\u0131s\u0131ndan oldu\u011funu, sis \u00e7an\u0131 oldu\u011funu d\u00fc\u015f\u00fcn\u00fcyorum&#8221; \u015feklinde konu\u015ftu.<\/p>\n<p>\u015eair Keskin Mersin i\u00e7in yaz\u0131 kaleme alaca\u011f\u0131n\u0131 m\u00fcjdeledi<\/p>\n<p>Mersin&#8217;in ayd\u0131n kentlerden birisi oldu\u011funu belirten \u015eair Tu\u011frul Keskin, &#8220;Bir d\u00f6nem karanl\u0131k y\u00f6netmi\u015f olsa da ayd\u0131n insanlar\u0131n eline ge\u00e7mesi ayd\u0131n kentlerimizden birine d\u00f6n\u00fc\u015ft\u00fcrd\u00fc. Asl\u0131nda bu t\u00fcr etkinlikleri kitlesel kar\u015f\u0131l\u0131\u011f\u0131 olmaz. Kat\u0131l\u0131m a\u00e7\u0131s\u0131ndan s\u00f6n\u00fck ge\u00e7er, buras\u0131 umdu\u011fumdan daha ba\u015far\u0131l\u0131 ge\u00e7ti&#8221; diye konu\u015ftu. Seyircinin aktif bir kat\u0131l\u0131m sa\u011flad\u0131\u011f\u0131n\u0131 s\u00f6yleyen Keskin, &#8220;Festival kendisini ger\u00e7ekle\u015ftirmi\u015f oluyor b\u00f6ylece. Bir arada sanat ruhuyla durman\u0131n insan\u0131 sa\u011flat\u0131c\u0131 bir yan\u0131 var, onaran bir yan\u0131 var. \u00c7\u00fcnk\u00fc ger\u00e7eklikten kopmak biraz da sanat. O ba\u011flamda belki ac\u0131lar\u0131 sarar, oradaki yaralar\u0131m\u0131z\u0131 t\u0131mar eder&#8221; diyerek, d\u00f6n\u00fc\u015fte Mersin ile ilgili bir yaz\u0131 da kaleme alaca\u011f\u0131n\u0131 m\u00fcjdeledi.<\/p>\n","protected":false},"excerpt":{"rendered":"<p>Mersin B\u00fcy\u00fck\u015fehir Belediyesi taraf\u0131ndan bu y\u0131l 2.&#8217;si d\u00fczenlenen &#8216;Uluslararas\u0131 Mersin Edebiyat Festivali&#8217;, \u00fc\u00e7\u00fcnc\u00fc g\u00fcnde de dolu dolu ge\u00e7ti. Birbirinden de\u011ferli yazarlar\u0131, edebiyatseverlerle bulu\u015fturan B\u00fcy\u00fck\u015fehir, festivalin 3. g\u00fcn\u00fcnde de hem yazarlardan hem de edebiyatseverlerden tam not ald\u0131. Mersin B\u00fcy\u00fck\u015fehir Belediyesi K\u00fclt\u00fcr ve Sosyal \u0130\u015fler Dairesi Ba\u015fkanl\u0131\u011f\u0131 taraf\u0131ndan, bu y\u0131l &#8216;Yenile\u015fmeler&#8217; temas\u0131yla organize edilen festivalde T\u00fcrkiye&#8217;nin yan\u0131 [&hellip;]<\/p>\n","protected":false},"author":2,"featured_media":29959,"comment_status":"open","ping_status":"open","sticky":false,"template":"","format":"standard","meta":{"footnotes":""},"categories":[2,3],"tags":[],"class_list":["post-29958","post","type-post","status-publish","format-standard","has-post-thumbnail","hentry","category-gundem","category-manset"],"views":5,"_links":{"self":[{"href":"https:\/\/mersinkadingazetesi.com\/index.php?rest_route=\/wp\/v2\/posts\/29958"}],"collection":[{"href":"https:\/\/mersinkadingazetesi.com\/index.php?rest_route=\/wp\/v2\/posts"}],"about":[{"href":"https:\/\/mersinkadingazetesi.com\/index.php?rest_route=\/wp\/v2\/types\/post"}],"author":[{"embeddable":true,"href":"https:\/\/mersinkadingazetesi.com\/index.php?rest_route=\/wp\/v2\/users\/2"}],"replies":[{"embeddable":true,"href":"https:\/\/mersinkadingazetesi.com\/index.php?rest_route=%2Fwp%2Fv2%2Fcomments&post=29958"}],"version-history":[{"count":0,"href":"https:\/\/mersinkadingazetesi.com\/index.php?rest_route=\/wp\/v2\/posts\/29958\/revisions"}],"wp:featuredmedia":[{"embeddable":true,"href":"https:\/\/mersinkadingazetesi.com\/index.php?rest_route=\/wp\/v2\/media\/29959"}],"wp:attachment":[{"href":"https:\/\/mersinkadingazetesi.com\/index.php?rest_route=%2Fwp%2Fv2%2Fmedia&parent=29958"}],"wp:term":[{"taxonomy":"category","embeddable":true,"href":"https:\/\/mersinkadingazetesi.com\/index.php?rest_route=%2Fwp%2Fv2%2Fcategories&post=29958"},{"taxonomy":"post_tag","embeddable":true,"href":"https:\/\/mersinkadingazetesi.com\/index.php?rest_route=%2Fwp%2Fv2%2Ftags&post=29958"}],"curies":[{"name":"wp","href":"https:\/\/api.w.org\/{rel}","templated":true}]}}