{"id":29977,"date":"2024-01-15T13:01:20","date_gmt":"2024-01-15T10:01:20","guid":{"rendered":"http:\/\/mersinkadingazetesi.com\/?p=29977"},"modified":"2024-01-15T13:01:20","modified_gmt":"2024-01-15T10:01:20","slug":"mersinliler-4-gun-boyunca-edebiyata-doydu","status":"publish","type":"post","link":"https:\/\/mersinkadingazetesi.com\/?p=29977","title":{"rendered":"MERS\u0130NL\u0130LER 4 G\u00dcN BOYUNCA EDEB\u0130YATA DOYDU"},"content":{"rendered":"<p>Mersin B\u00fcy\u00fck\u015fehir Belediyesi K\u00fclt\u00fcr ve Sosyal \u0130\u015fler Dairesi Ba\u015fkanl\u0131\u011f\u0131 organizasyonunda bu y\u0131l 2.&#8217;si d\u00fczenlenen Uluslararas\u0131 Edebiyat Festivali, kat\u0131l\u0131mc\u0131lar\u0131n yo\u011fun ilgisiyle sona erdi. 4 g\u00fcn boyunca at\u00f6lyeler, paneller, s\u00f6yle\u015filer, okumalar, konferanslar ve edebi deneyimlerle edebiyatseverleri bir araya getiren festival, son g\u00fcn program\u0131 ile de kat\u0131l\u0131mc\u0131lardan tam not ald\u0131. Sevdi\u011fi yazarlarla bulu\u015fan kat\u0131l\u0131mc\u0131lar ise, yazarlara kitaplar\u0131n\u0131 imzalatma f\u0131rsat\u0131 buldu. Fransa&#8217;n\u0131n konuk \u00fclke olarak yer ald\u0131\u011f\u0131 festival bu y\u0131l &#8216;Yenile\u015fmeler&#8217; temas\u0131 ile ger\u00e7ekle\u015ftirildi.<\/p>\n<p>Edebiyat Festivali&#8217;nin son g\u00fcn\u00fc, edebiyat ele\u015ftirmeni A. \u00d6mer T\u00fcrke\u015f&#8217;in at\u00f6lye \u00e7al\u0131\u015fmas\u0131yla ba\u015flad\u0131. &#8216;Edebi Ele\u015ftiri Yazmak&#8217; konu ba\u015fl\u0131\u011f\u0131 ile kat\u0131l\u0131mc\u0131larla bulu\u015fan T\u00fcrke\u015f, ele\u015ftiri ve ele\u015ftirmenlik \u00fczerine \u00f6nemli bilgiler payla\u015ft\u0131. Festivalin edebi deneyimler b\u00f6l\u00fcm\u00fcnde ise \u015eair Ahmet Telli sanatseverlerle bulu\u015ftu. &#8216;Hecelerken \u00d6mr\u00fcm\u00fc&#8217; ba\u015fl\u0131\u011f\u0131nda Mersinli \u015fairler ve edebiyatseverlerle bulu\u015fan Telli, \u015fiirler \u00fczerinden k\u0131sa \u00e7\u00f6z\u00fcmlemeler yapt\u0131.<\/p>\n<p>&#8216;\u015eimdi Edebiyat\u0131n Yeri ve Zaman\u0131 m\u0131?&#8217; konu ba\u015fl\u0131\u011f\u0131 ile sevenleriyle bulu\u015fan yazar Hakan B\u0131\u00e7ak\u00e7\u0131, keyifli bir s\u00f6yle\u015fi ger\u00e7ekle\u015ftirdi. S\u00f6yle\u015fi sonunda kitaplar\u0131na ve edebiyata dair sorular\u0131 yan\u0131tlayan B\u0131\u00e7ak\u00e7\u0131, yo\u011fun ilgi g\u00f6rd\u00fc. B\u0131\u00e7ak\u00e7\u0131, ard\u0131ndan okurlar\u0131yla bulu\u015farak imza verdi. Festivale \u0130zmir&#8217;den gelen \u015fair M\u00fcesser K\u0131l\u0131\u00e7 da \u015fiirlerini kat\u0131l\u0131mc\u0131larla payla\u015ft\u0131. Kat\u0131l\u0131mc\u0131lardan gelen sorular\u0131 da yan\u0131tlayan K\u0131l\u0131\u00e7, \u015fiirlerinin ana temas\u0131n\u0131 olu\u015fturan konular \u00fczerine bilgiler payla\u015ft\u0131.<\/p>\n<p>&#8216;Deri De\u011fi\u015ftirmek&#8217; konu ba\u015fl\u0131\u011f\u0131 ile Mersin&#8217;de sevenleriyle bulu\u015fan bir di\u011fer isim de yazar Asl\u0131 Tohumcu oldu. Yazar olma \u00fczerine ya\u015fam\u0131ndan anekdotlar payla\u015fan Tohumcu; kitaplar\u0131nda yer alan konular\u0131n \u00e7\u0131k\u0131\u015f noktalar\u0131n\u0131 anlatarak, kat\u0131l\u0131mc\u0131lar\u0131n sorular\u0131n\u0131 yan\u0131tlad\u0131. Festivale K\u0131br\u0131s&#8217;tan kat\u0131lan \u015fair \u00dcmit \u0130nat\u00e7\u0131, \u00e7al\u0131\u015fmalar\u0131 \u00fczerine \u00f6nemli bilgiler payla\u015farak edebiyatseverlerin ilgisini \u00e7ekti. \u015eiirlerinden baz\u0131lar\u0131n\u0131 da okuyan \u0130nat\u00e7\u0131, festival sayesinde insanlar\u0131n \u015fiirle bulu\u015fmas\u0131n\u0131n kolayla\u015ft\u0131\u011f\u0131n\u0131 kaydetti.<\/p>\n<p>Edebiyatseverlerin yo\u011fun ilgi g\u00f6sterdi\u011fi bir di\u011fer isim de yazar Ayfer Tun\u00e7 oldu. &#8216;Hayat Sanattan B\u00fcy\u00fckt\u00fcr&#8217; isimli s\u00f6yle\u015fisiyle sevenleriyle bir araya gelen Tun\u00e7, hayat ve sanat\u0131n ili\u015fkisini anlatt\u0131. Kat\u0131l\u0131mc\u0131lar\u0131n, romanlar\u0131ndaki karakterlerle ilgili sorular\u0131n\u0131 yan\u0131tlayan Tun\u00e7&#8217;un s\u00f6yle\u015fisi, en be\u011fenilen s\u00f6yle\u015filerden biri oldu. Festivalin kapan\u0131\u015f\u0131 ise &#8216;\u015eiirde olmak, \u015eiirle olmak&#8217; paneliyle yap\u0131ld\u0131. Moderat\u00f6rl\u00fc\u011f\u00fcn\u00fc Baha Sad\u0131k Ak\u0131ner&#8217;in yapt\u0131\u011f\u0131 panelde Mersinli \u015fairlerden Erdal Dalg\u0131\u00e7, Saniye K\u0131sak\u00fcrek ve Nazif Nay\u0131r, \u015fiirlerini ve deneyimlerini kat\u0131l\u0131mc\u0131larla payla\u015ft\u0131.<\/p>\n<p>Tun\u00e7: &#8220;Edebiyat hepimizin ilac\u0131&#8221;<\/p>\n<p>Yazar Ayfer Tun\u00e7, yo\u011funlu\u011fundan dolay\u0131 festivalin sadece bir k\u0131sm\u0131na kat\u0131labildi\u011fini, ancak kat\u0131l\u0131mc\u0131lar\u0131n yapt\u0131\u011f\u0131 de\u011ferlendirmelerin \u00e7ok g\u00fczel oldu\u011funu s\u00f6yledi. Tun\u00e7, &#8220;Arkada\u015flar\u0131mdan duydu\u011fum kadar\u0131yla harika bir festivalmi\u015f. \u00c7ok de\u011ferli sanat\u00e7\u0131larla bir arada olduklar\u0131n\u0131 ve uluslararas\u0131 olmas\u0131n\u0131 desteklediklerini s\u00f6ylediler. Edebiyat asl\u0131nda hepimizin ilac\u0131. Onun i\u00e7in buna \u00e7ok ihtiyac\u0131m\u0131z vard\u0131&#8221; dedi.<\/p>\n<p>Tohumcu: &#8220;\u00c7ok b\u00fcy\u00fck emek verilmi\u015f&#8221;<\/p>\n<p>Festivalin i\u00e7eri\u011fini \u00e7ok ba\u015far\u0131l\u0131 buldu\u011funu s\u00f6yleyen yazar Asl\u0131 Tohumcu, &#8220;B\u00fcy\u00fck\u015fehir Belediyesi \u00e7ok b\u00fcy\u00fck bir emek vermi\u015f, \u00e7ok g\u00fczel bir yat\u0131r\u0131m yapm\u0131\u015f. 4 g\u00fcn boyunca dolu dolu konu\u015fmalar, at\u00f6lyelerle \u00e7ok g\u00fczel bir program oldu. Kat\u0131l\u0131m\u0131 da \u00e7ok g\u00fczel buldum&#8221; diye konu\u015ftu.<\/p>\n<p>Telli: &#8220;\u00d6rnek bir festival olarak di\u011fer belediyelere de bildirilmeli&#8221;<\/p>\n<p>\u015eair Ahmet Telli, festivalin kent k\u00fclt\u00fcr\u00fcn\u00fc demokratikle\u015ftirmesi bak\u0131m\u0131ndan olduk\u00e7a \u00f6nemli oldu\u011funu belirterek, &#8220;Bu festival olduk\u00e7a yo\u011fun ve ger\u00e7ekten entelekt\u00fcel seviyesi y\u00fcksek bir festival oldu. Bence bu festival kayd\u0131 al\u0131n\u0131p, \u00f6rnek bir festival olarak di\u011fer belediyelere de bildirilmeli ki benzerlerini yapabilsinler. \u00c7\u00fcnk\u00fc sadece kitle g\u00f6zetilerek yap\u0131lan konser a\u011f\u0131rl\u0131kl\u0131, pop\u00fcler k\u00fclt\u00fcr a\u011f\u0131rl\u0131kl\u0131 festivallerin yerine, bu t\u00fcr fikri d\u00fczeyi y\u00fcksek festivallere \u00f6rnek olmas\u0131 bak\u0131m\u0131ndan da bu festivali kutlamak gerekir&#8221; dedi.<\/p>\n<p>B\u0131\u00e7ak\u00e7\u0131: &#8220;Umar\u0131m uzun y\u0131llar devam eden bir festival olur&#8221;<\/p>\n<p>Yazar Hakan B\u0131\u00e7ak\u00e7\u0131, festival i\u00e7in \u0130stanbul&#8217;dan g\u00fcn\u00fc birlik geldi\u011fini ifade ederek, &#8220;Buradaki g\u00fczel kalabal\u0131\u011f\u0131 g\u00f6r\u00fcnce b\u00fct\u00fcn yorgunlu\u011fumu unuttum. Ben k\u0131sa bir konu\u015fma yapt\u0131m. Ondan sonra soru cevaplarla sohbet uzad\u0131. \u00d6yle olmas\u0131 beni mutlu etti. Umar\u0131m uzun y\u0131llar devam eden, gelenekselle\u015fen bir festival olur&#8221; ifadelerini kulland\u0131.<\/p>\n<p>T\u00fcrke\u015f: &#8220;Festival bazen e\u011flendirici, bazen bilgilendirici oldu&#8221;<\/p>\n<p>&#8216;Edebi Ele\u015ftiri Yazmak&#8217; at\u00f6lye \u00e7al\u0131\u015fmas\u0131 ile okurlar ve yazarl\u0131\u011fa ad\u0131m atmak isteyenlerle bulu\u015fan edebiyat ele\u015ftirmeni \u00d6mer T\u00fcrke\u015f ise festivalin \u00e7ok iyi ge\u00e7ti\u011fini ifade ederek, &#8220;\u00c7ok profesyonel bir d\u00fczenlemeden s\u00f6z edebilirim, ama daha \u00f6nemlisi konu\u015fmac\u0131lar \u00e7ok iyi se\u00e7ilmi\u015f. Ben kendim de faydaland\u0131m, dinledim ve bazen e\u011flenceli oldu bazen bilgilendirici oldu&#8221; dedi. Kat\u0131l\u0131m\u0131n \u00e7ok canl\u0131 oldu\u011funa dikkat \u00e7eken T\u00fcrke\u015f, &#8220;Burada ger\u00e7ekten canl\u0131 ve g\u00fczel bir kat\u0131l\u0131m vard\u0131. Burada \u00f6rg\u00fctlenmi\u015f, tan\u0131t\u0131lm\u0131\u015f ve bir izleyici grubu olu\u015fturmu\u015f bir festival olmas\u0131 bunun en b\u00fcy\u00fck ba\u015far\u0131s\u0131, onu s\u00f6yleyebilirim&#8221; ifadelerini kulland\u0131.<\/p>\n<p>Yeniay: &#8220;Edebiyatla i\u00e7 i\u00e7e olmak ruhumuza iyi geliyor&#8221;<\/p>\n<p>\u015eair M\u00fcesser Yeniay da festivalin program i\u00e7eri\u011fini \u00e7ok be\u011fendi\u011fini belirterek, &#8220;\u00c7ok ba\u015far\u0131l\u0131 buldum. Dinleyiciler de ger\u00e7ekten ilgili. Hem okurlara, hem de yazarlara b\u00f6yle bir f\u0131rsat sunuldu\u011fu i\u00e7in te\u015fekk\u00fcr ederim. Edebiyatla i\u00e7 i\u00e7e olmak ruhumuza iyi geliyor. Bizi okuyan, bizi okuyacak olan okurlarla bir araya gelmek ve yapt\u0131klar\u0131m\u0131z\u0131 payla\u015fmak benim i\u00e7in \u00e7ok \u00f6nemli&#8221; dedi.<\/p>\n<p>\u0130nat\u00e7\u0131: &#8220;\u00c7ok nitelikli bir festival&#8221;<\/p>\n<p>Festivale K\u0131br\u0131s&#8217;tan gelen \u015fair \u00dcmit \u0130nat\u00e7\u0131, festivalin yo\u011fun ge\u00e7ti\u011fini ifade ederek, &#8220;\u00c7ok nitelikli bir festival. Entelekt\u00fcel d\u00fczeyi y\u00fcksek olan bir 4 g\u00fcn ge\u00e7irdik. \u00c7ok nitelikli misafirler vard\u0131, nitelikli konu\u015fmalar dinledik. Bu t\u00fcr etkinlikler hem bizi besler, hem de kentin entelekt\u00fcel ya\u015fam\u0131na katk\u0131 sa\u011flar. Kenti kent yapan \u015feylerden biri de sanat ve edebiyat \u00fczerine d\u00fc\u015f\u00fcnmek, fikir \u00fcretmek, eser \u00fcretmektir. Bu festivalin, buna ivme kazand\u0131raca\u011f\u0131na inan\u0131yorum&#8221; diye belirtti.<\/p>\n<p>Dalg\u0131\u00e7: &#8220;Edebiyat Festivali kente \u00e7ok yak\u0131\u015ft\u0131&#8221;<\/p>\n<p>&#8216;\u015eiirde Olmak, \u015eiirle Olmak&#8217; paneliyle festivalde sanatseverlerle bulu\u015fan \u015eair Erdal Dalg\u0131\u00e7, bir Mersinli olarak ya\u015fad\u0131\u011f\u0131 kentte b\u00f6yle bir festival d\u00fczenlenmesinden dolay\u0131 \u00e7ok mutlu oldu\u011funu belirtti. Festivalin kente \u00e7ok yak\u0131\u015ft\u0131\u011f\u0131n\u0131 s\u00f6yleyen Dalg\u0131\u00e7, &#8220;\u0130nan\u0131lmaz bir \u00f6zveri var. \u00c7al\u0131\u015fan arkada\u015flar\u0131m\u0131z, bu i\u015fe emek veren arkada\u015flar\u0131m\u0131z belli ki g\u00f6n\u00fclleriyle bu i\u015fi yap\u0131yorlar. Bu anlamda da keyifliyim. Bu arkada\u015flar\u0131n bu yakla\u015f\u0131m\u0131 suni bir ortam\u0131n d\u0131\u015f\u0131na \u00e7\u0131kar\u0131yor bizi. \u00c7ok do\u011fal, \u00e7ok s\u0131cak bir ortam\u0131n i\u00e7ine \u00e7ekiyor&#8221; dedi. Ge\u00e7ti\u011fimiz y\u0131la g\u00f6re daha yo\u011fun bir kat\u0131l\u0131m g\u00f6zlemledi\u011fini de aktaran Dalg\u0131\u00e7, &#8220;Buraya gelen dostlar\u0131m\u0131z\u0131 g\u00f6zlemedi\u011fimde, bunun biraz daha ileriye ta\u015f\u0131nd\u0131\u011f\u0131n\u0131 g\u00f6r\u00fcyorum. Demek ki iyi yolday\u0131z, do\u011fru yerde gidiyoruz&#8221; ifadelerine yer verdi.<\/p>\n<p>Gen\u00e7ler, festival kapsam\u0131nda sevdikleri yazarlarla bulu\u015ftu<\/p>\n<p>Festivalde sevdi\u011fi \u015fair ve yazarlarla bulu\u015fma imkan\u0131 ya\u015fayan gen\u00e7lerden Ali \u015eahin \u00d6zkan, &#8220;\u0130lgi alan\u0131ma y\u00f6nelik bir etkinlik oldu\u011funu g\u00f6rd\u00fcm ve kat\u0131lma gere\u011fi duydum&#8221; dedi. Festivalde Yazar Hakan B\u0131\u00e7ak\u00e7\u0131 ile bulu\u015ftu\u011funu s\u00f6yleyen \u00d6zkan, &#8220;Gayet ho\u015f sohbeti olan biri Hakan B\u0131\u00e7ak\u00e7\u0131. Dinlerken keyif ald\u0131ran biri. Okurken de keyif alaca\u011f\u0131m\u0131 d\u00fc\u015f\u00fcn\u00fcyorum&#8221; diye konu\u015ftu.<\/p>\n<p>Gen\u00e7lerden Samet Kamal ise festivale ilk kez kat\u0131ld\u0131\u011f\u0131n\u0131 aktararak, &#8220;Bir daha bir yerde g\u00f6remeyece\u011fimiz insanlar oldu\u011fu i\u00e7in, kitaplar\u0131n\u0131 da \u00f6nce okumad\u0131\u011f\u0131m ve merak etti\u011fim i\u00e7in geldim. G\u00fczeldi, gayet keyifli ge\u00e7ti&#8221; ifadelerine yer verdi.<\/p>\n<p>&#8220;Festival Mersin&#8217;e ses getirdi&#8221;<\/p>\n<p>Eski bankac\u0131 ve yoga e\u011fitmeni Sabiha Canbolat, ge\u00e7en y\u0131l yap\u0131lan festivale de geldi\u011fini s\u00f6yledi. Edebiyatsever biri olarak festivalin kendisini \u00e7ok mutlu etti\u011fini kaydeden Canbolat, &#8220;\u00c7ok be\u011feniyorum. Edebiyat ve okuma merakl\u0131s\u0131y\u0131m. \u00c7ok profesyonel, ger\u00e7ekten marka isimlerin bulu\u015ftu\u011fu, herkesin rahatl\u0131kla gelip k\u00fclt\u00fcrel anlamda beslenebilece\u011fi bir etkinlik. Hayat\u0131m\u0131zda bir renk oldu. Mersin&#8217;e ses getirdi. Ger\u00e7ekten bu festival \u00e7ok anlaml\u0131&#8221; diye konu\u015ftu.<\/p>\n<p>&#8220;Ya\u015fad\u0131\u011f\u0131m \u015fehirle ve belediyemle gurur duydum&#8221;<\/p>\n<p>\u00dclkem Okuyor Derne\u011fi \u00fcyesi Zehra Mavu\u015f Tek ise, festivalin takip\u00e7isi oldu\u011funu ifade ederek, &#8220;\u0130lk g\u00fcnden beri kat\u0131ld\u0131m. G\u00fczel ayarlanm\u0131\u015f ve \u00e7ok g\u00fczel bir organizasyon olmu\u015f. Ya\u015fad\u0131\u011f\u0131m \u015fehirle ve belediyemle gurur duydum. \u0130mza g\u00fcnlerine ve at\u00f6lyelere de kat\u0131ld\u0131m. Gayet g\u00fczel ge\u00e7ti&#8221; ifadelerini kulland\u0131.<\/p>\n","protected":false},"excerpt":{"rendered":"<p>Mersin B\u00fcy\u00fck\u015fehir Belediyesi K\u00fclt\u00fcr ve Sosyal \u0130\u015fler Dairesi Ba\u015fkanl\u0131\u011f\u0131 organizasyonunda bu y\u0131l 2.&#8217;si d\u00fczenlenen Uluslararas\u0131 Edebiyat Festivali, kat\u0131l\u0131mc\u0131lar\u0131n yo\u011fun ilgisiyle sona erdi. 4 g\u00fcn boyunca at\u00f6lyeler, paneller, s\u00f6yle\u015filer, okumalar, konferanslar ve edebi deneyimlerle edebiyatseverleri bir araya getiren festival, son g\u00fcn program\u0131 ile de kat\u0131l\u0131mc\u0131lardan tam not ald\u0131. Sevdi\u011fi yazarlarla bulu\u015fan kat\u0131l\u0131mc\u0131lar ise, yazarlara kitaplar\u0131n\u0131 imzalatma [&hellip;]<\/p>\n","protected":false},"author":2,"featured_media":29978,"comment_status":"open","ping_status":"open","sticky":false,"template":"","format":"standard","meta":{"footnotes":""},"categories":[1],"tags":[],"class_list":["post-29977","post","type-post","status-publish","format-standard","has-post-thumbnail","hentry","category-genel"],"views":0,"_links":{"self":[{"href":"https:\/\/mersinkadingazetesi.com\/index.php?rest_route=\/wp\/v2\/posts\/29977"}],"collection":[{"href":"https:\/\/mersinkadingazetesi.com\/index.php?rest_route=\/wp\/v2\/posts"}],"about":[{"href":"https:\/\/mersinkadingazetesi.com\/index.php?rest_route=\/wp\/v2\/types\/post"}],"author":[{"embeddable":true,"href":"https:\/\/mersinkadingazetesi.com\/index.php?rest_route=\/wp\/v2\/users\/2"}],"replies":[{"embeddable":true,"href":"https:\/\/mersinkadingazetesi.com\/index.php?rest_route=%2Fwp%2Fv2%2Fcomments&post=29977"}],"version-history":[{"count":0,"href":"https:\/\/mersinkadingazetesi.com\/index.php?rest_route=\/wp\/v2\/posts\/29977\/revisions"}],"wp:featuredmedia":[{"embeddable":true,"href":"https:\/\/mersinkadingazetesi.com\/index.php?rest_route=\/wp\/v2\/media\/29978"}],"wp:attachment":[{"href":"https:\/\/mersinkadingazetesi.com\/index.php?rest_route=%2Fwp%2Fv2%2Fmedia&parent=29977"}],"wp:term":[{"taxonomy":"category","embeddable":true,"href":"https:\/\/mersinkadingazetesi.com\/index.php?rest_route=%2Fwp%2Fv2%2Fcategories&post=29977"},{"taxonomy":"post_tag","embeddable":true,"href":"https:\/\/mersinkadingazetesi.com\/index.php?rest_route=%2Fwp%2Fv2%2Ftags&post=29977"}],"curies":[{"name":"wp","href":"https:\/\/api.w.org\/{rel}","templated":true}]}}