{"id":30004,"date":"2024-01-16T13:03:59","date_gmt":"2024-01-16T10:03:59","guid":{"rendered":"http:\/\/mersinkadingazetesi.com\/?p=30004"},"modified":"2024-01-16T13:03:59","modified_gmt":"2024-01-16T10:03:59","slug":"deva-partili-ekmen-iktidar-binalarin-depreme-dayanikliligini-denetlemeyen-bir-af-cikardi-binlerce-insan-oldu","status":"publish","type":"post","link":"https:\/\/mersinkadingazetesi.com\/?p=30004","title":{"rendered":"DEVA Partili Ekmen: \u201c\u0130ktidar binalar\u0131n depreme dayan\u0131kl\u0131l\u0131\u011f\u0131n\u0131 denetlemeyen bir af \u00e7\u0131kard\u0131, binlerce insan \u00f6ld\u00fc\u201d"},"content":{"rendered":"<p>DEVA Partisi Genel Ba\u015fkan Yard\u0131mc\u0131s\u0131 ve Mersin Milletvekili Mehmet Emin Ekmen kat\u0131ld\u0131\u011f\u0131 canl\u0131 yay\u0131n program\u0131nda ya\u015fanan depremleri ve mahalli idare y\u00f6neticilerinin sorumluluklar\u0131n\u0131 konu\u015ftu.<\/p>\n<p>Ekmen, ge\u00e7ti\u011fimiz y\u0131llarda \u00e7\u0131kar\u0131lan \u201cimar aff\u0131n\u0131\u201d g\u00fcndemine alarak; \u201cBu iktidar binalar\u0131n depreme dayan\u0131kl\u0131l\u0131\u011f\u0131n\u0131 denetlemeyen bir af \u00e7\u0131kard\u0131. Sadece bu nedenle binlerce insan \u00f6ld\u00fc.\u201d dedi.<\/p>\n<p>\u201cDepreme dayan\u0131kl\u0131l\u0131\u011f\u0131 denetlemeyen af olur mu?\u201d<\/p>\n<p>Ekmen, \u201c5 y\u0131l boyunca \u00c7evre ve \u015eehircilik Bakan\u0131 olarak g\u00f6rev yapan Kurum ile halef-selef olan \u00d6zhaseki d\u00f6neminde \u201ctarihin en b\u00fcy\u00fck imar aff\u0131\u201d \u00e7\u0131kar\u0131ld\u0131 ve kendisi de de\u011fi\u015ftirme ihtiyac\u0131 hissetmeden bu yasay\u0131 aynen devam ettirdi\u201d diyerek; s\u00f6z konusu yasan\u0131n akla ayk\u0131r\u0131 bir bi\u00e7imde yap\u0131n\u0131n depreme dayan\u0131kl\u0131l\u0131\u011f\u0131 ile ilgili sorumlulu\u011fu vatanda\u015fa devretti\u011fini ifade etti. <\/p>\n<p>Ekmen, \u201cS\u00f6z konusu imar aff\u0131nda sadece binalar\u0131n depreme dayan\u0131kl\u0131l\u0131\u011f\u0131 denetlenmi\u015f olsa, kolonu kesik binalar tespit edilmi\u015f olsa bug\u00fcn binlerce vatanda\u015f ya\u015f\u0131yor olurdu.\u201d dedi. <\/p>\n<p>\u0130mar aff\u0131n\u0131n a\u011f\u0131r sonu\u00e7lar\u0131n\u0131 Kahramanmara\u015f merkezli depremde g\u00f6rd\u00fcklerini s\u00f6yleyen Ekmen, son olarak Bakan Kurum\u2019a AFAD\u2019\u0131n Kahramanmara\u015f ve \u00e7evre illerde hangi \u00e7al\u0131\u015fmalar\u0131 yapt\u0131\u011f\u0131n\u0131 sordu.<\/p>\n","protected":false},"excerpt":{"rendered":"<p>DEVA Partisi Genel Ba\u015fkan Yard\u0131mc\u0131s\u0131 ve Mersin Milletvekili Mehmet Emin Ekmen kat\u0131ld\u0131\u011f\u0131 canl\u0131 yay\u0131n program\u0131nda ya\u015fanan depremleri ve mahalli idare y\u00f6neticilerinin sorumluluklar\u0131n\u0131 konu\u015ftu. Ekmen, ge\u00e7ti\u011fimiz y\u0131llarda \u00e7\u0131kar\u0131lan \u201cimar aff\u0131n\u0131\u201d g\u00fcndemine alarak; \u201cBu iktidar binalar\u0131n depreme dayan\u0131kl\u0131l\u0131\u011f\u0131n\u0131 denetlemeyen bir af \u00e7\u0131kard\u0131. Sadece bu nedenle binlerce insan \u00f6ld\u00fc.\u201d dedi. \u201cDepreme dayan\u0131kl\u0131l\u0131\u011f\u0131 denetlemeyen af olur mu?\u201d Ekmen, \u201c5 [&hellip;]<\/p>\n","protected":false},"author":2,"featured_media":30005,"comment_status":"open","ping_status":"open","sticky":false,"template":"","format":"standard","meta":{"footnotes":""},"categories":[3,6],"tags":[],"class_list":["post-30004","post","type-post","status-publish","format-standard","has-post-thumbnail","hentry","category-manset","category-siyaset-2"],"views":1,"_links":{"self":[{"href":"https:\/\/mersinkadingazetesi.com\/index.php?rest_route=\/wp\/v2\/posts\/30004"}],"collection":[{"href":"https:\/\/mersinkadingazetesi.com\/index.php?rest_route=\/wp\/v2\/posts"}],"about":[{"href":"https:\/\/mersinkadingazetesi.com\/index.php?rest_route=\/wp\/v2\/types\/post"}],"author":[{"embeddable":true,"href":"https:\/\/mersinkadingazetesi.com\/index.php?rest_route=\/wp\/v2\/users\/2"}],"replies":[{"embeddable":true,"href":"https:\/\/mersinkadingazetesi.com\/index.php?rest_route=%2Fwp%2Fv2%2Fcomments&post=30004"}],"version-history":[{"count":0,"href":"https:\/\/mersinkadingazetesi.com\/index.php?rest_route=\/wp\/v2\/posts\/30004\/revisions"}],"wp:featuredmedia":[{"embeddable":true,"href":"https:\/\/mersinkadingazetesi.com\/index.php?rest_route=\/wp\/v2\/media\/30005"}],"wp:attachment":[{"href":"https:\/\/mersinkadingazetesi.com\/index.php?rest_route=%2Fwp%2Fv2%2Fmedia&parent=30004"}],"wp:term":[{"taxonomy":"category","embeddable":true,"href":"https:\/\/mersinkadingazetesi.com\/index.php?rest_route=%2Fwp%2Fv2%2Fcategories&post=30004"},{"taxonomy":"post_tag","embeddable":true,"href":"https:\/\/mersinkadingazetesi.com\/index.php?rest_route=%2Fwp%2Fv2%2Ftags&post=30004"}],"curies":[{"name":"wp","href":"https:\/\/api.w.org\/{rel}","templated":true}]}}