{"id":30032,"date":"2024-01-17T13:09:37","date_gmt":"2024-01-17T10:09:37","guid":{"rendered":"http:\/\/mersinkadingazetesi.com\/?p=30032"},"modified":"2024-01-17T13:09:37","modified_gmt":"2024-01-17T10:09:37","slug":"buyuksehir-liman-yolunda-trafik-guvenligini-sagliyor","status":"publish","type":"post","link":"https:\/\/mersinkadingazetesi.com\/?p=30032","title":{"rendered":"B\u00dcY\u00dcK\u015eEH\u0130R, L\u0130MAN YOLU&#8217;NDA TRAF\u0130K G\u00dcVENL\u0130\u011e\u0130N\u0130 SA\u011eLIYOR"},"content":{"rendered":"<p>Mersin B\u00fcy\u00fck\u015fehir Belediyesi Yol Yap\u0131m Bak\u0131m ve Onar\u0131m Dairesi Ba\u015fkanl\u0131\u011f\u0131, kentin giri\u015finde bulunan, limana giri\u015f-\u00e7\u0131k\u0131\u015f yapan a\u011f\u0131r tonajl\u0131 ara\u00e7 ve t\u0131rlar i\u00e7in \u00f6nem arz eden liman yolunda \u00f6nemli bir \u00e7al\u0131\u015fma yap\u0131yor.<\/p>\n<p>\u0130smet \u0130n\u00f6n\u00fc Bulvar\u0131 Liman Yolu g\u00fczergah\u0131nda, Turgut \u00d6zal Kav\u015fa\u011f\u0131&#8217;ndan istasyona d\u00f6nen yol aras\u0131 2 bin 500 metrelik hat \u00fczerinde yol yenileme \u00e7al\u0131\u015fmas\u0131 yap\u0131l\u0131yor. Ekipler ayr\u0131ca, Abide Kav\u015fa\u011f\u0131 \u00fczerinde kav\u015fak d\u00fczenleme \u00e7al\u0131\u015fmas\u0131 da yapacak. \u00c7al\u0131\u015fma ile Abide Kav\u015fa\u011f\u0131 etraf\u0131nda \u015ferit say\u0131s\u0131 3&#8217;e \u00e7\u0131kar\u0131lacak.<\/p>\n<p>T\u0131r trafi\u011fi i\u00e7in yan yol kullan\u0131lacak<\/p>\n<p>T\u0131r trafi\u011finin risk te\u015fkil etmemesi, can ve mal g\u00fcvenli\u011finin sa\u011flanmas\u0131 amac\u0131yla ba\u015flat\u0131lan 2 bin 500 metrelik yol yenileme ve kald\u0131r\u0131m d\u00fczenlemesi esnas\u0131nda orta ref\u00fcjler tamamen kapat\u0131l\u0131yor.<\/p>\n<p>Yol d\u00fczenleme \u00e7al\u0131\u015fmalar\u0131 kapsam\u0131nda, Liman B kap\u0131s\u0131ndan t\u0131rlar\u0131n sadece \u00e7\u0131k\u0131\u015f\u0131 olacak. Liman B kap\u0131s\u0131ndan \u00e7\u0131kan t\u0131rlar\u0131n Turgut \u00d6zal Kav\u015fa\u011f\u0131&#8217;na ula\u015f\u0131m\u0131, Yol Yap\u0131m Bak\u0131m ekipleri taraf\u0131ndan yap\u0131lan yan yoldan sa\u011flanacak.<\/p>\n<p>\u0130smet \u0130n\u00f6n\u00fc Bulvar\u0131&#8217;ndan do\u011fudan gelen trafi\u011fin istasyona d\u00f6nmesi esnas\u0131nda, kav\u015fak etraf\u0131nda trafik yo\u011funlu\u011funun azaltmas\u0131 i\u00e7in \u0130smet \u0130n\u00f6n\u00fc Bulvar\u0131&#8217;ndan \u0130stasyon yoluna yan yol ba\u011flant\u0131s\u0131 yap\u0131lacak. Abide Kav\u015fa\u011f\u0131&#8217;nda yap\u0131lacak d\u00fczenleme ile de kav\u015fak etraf\u0131 \u015ferit say\u0131s\u0131 3&#8217;e \u00e7\u0131kar\u0131lacak.<\/p>\n<p>A\u011f\u0131t tonajl\u0131 ara\u00e7lara ge\u00e7i\u015f i\u00e7in saat s\u0131n\u0131rlamas\u0131 getirildi<\/p>\n<p>Bu d\u00fczenlemeler sonras\u0131 Liman B kap\u0131s\u0131 kar\u015f\u0131s\u0131nda bulunan t\u0131rlar\u0131n giri\u015f \u00e7\u0131k\u0131\u015f yapt\u0131\u011f\u0131 konteyner alan\u0131ndan \u00e7\u0131kan t\u0131rlar\u0131n, Turgut \u00d6zal Kav\u015fa\u011f\u0131na ula\u015fabilmesi i\u00e7in Abide Kav\u015fa\u011f\u0131&#8217;n\u0131 kullanmas\u0131 gerekecek.<\/p>\n<p>Mersin B\u00fcy\u00fck\u015fehir Belediyesi ve ilgili kurumlar ile yap\u0131lan UKOME Toplant\u0131s\u0131&#8217;nda al\u0131nan karar do\u011frultusunda da, kav\u015faktan ge\u00e7ecek a\u011f\u0131r tonajl\u0131 ara\u00e7lar i\u00e7in saat s\u0131n\u0131rlamas\u0131 getirildi.<\/p>\n<p>T\u0131r trafi\u011finin Abide Kav\u015fa\u011f\u0131&#8217;ndan d\u00f6n\u00fc\u015f\u00fcn\u00fcn can ve mal emniyeti a\u00e7\u0131s\u0131ndan risk te\u015fkil etmesi nedeniyle, a\u011f\u0131r tonajl\u0131 ara\u00e7lar saat 23:00 ile saat 05:00 aras\u0131 kav\u015faktan ge\u00e7ebilecek.<\/p>\n<p>Yap\u0131lan \u00e7al\u0131\u015fmalarda bu yol g\u00fczergah\u0131nda, a\u011f\u0131r tonajl\u0131 ara\u00e7 ve t\u0131rlar\u0131n yo\u011fun olarak ge\u00e7i\u015f yapmas\u0131 nedeniyle 3 kat asfalt \u00e7al\u0131\u015fmas\u0131 yap\u0131lacak.  Bit\u00fcml\u00fc temel, binder ve a\u015f\u0131nma olarak 3 kat serim yap\u0131larak, yol daha dayan\u0131kl\u0131 ve g\u00fcvenli hale getirilecek.<\/p>\n","protected":false},"excerpt":{"rendered":"<p>Mersin B\u00fcy\u00fck\u015fehir Belediyesi Yol Yap\u0131m Bak\u0131m ve Onar\u0131m Dairesi Ba\u015fkanl\u0131\u011f\u0131, kentin giri\u015finde bulunan, limana giri\u015f-\u00e7\u0131k\u0131\u015f yapan a\u011f\u0131r tonajl\u0131 ara\u00e7 ve t\u0131rlar i\u00e7in \u00f6nem arz eden liman yolunda \u00f6nemli bir \u00e7al\u0131\u015fma yap\u0131yor. \u0130smet \u0130n\u00f6n\u00fc Bulvar\u0131 Liman Yolu g\u00fczergah\u0131nda, Turgut \u00d6zal Kav\u015fa\u011f\u0131&#8217;ndan istasyona d\u00f6nen yol aras\u0131 2 bin 500 metrelik hat \u00fczerinde yol yenileme \u00e7al\u0131\u015fmas\u0131 yap\u0131l\u0131yor. Ekipler [&hellip;]<\/p>\n","protected":false},"author":2,"featured_media":30033,"comment_status":"open","ping_status":"open","sticky":false,"template":"","format":"standard","meta":{"footnotes":""},"categories":[2,3],"tags":[],"class_list":["post-30032","post","type-post","status-publish","format-standard","has-post-thumbnail","hentry","category-gundem","category-manset"],"views":2,"_links":{"self":[{"href":"https:\/\/mersinkadingazetesi.com\/index.php?rest_route=\/wp\/v2\/posts\/30032"}],"collection":[{"href":"https:\/\/mersinkadingazetesi.com\/index.php?rest_route=\/wp\/v2\/posts"}],"about":[{"href":"https:\/\/mersinkadingazetesi.com\/index.php?rest_route=\/wp\/v2\/types\/post"}],"author":[{"embeddable":true,"href":"https:\/\/mersinkadingazetesi.com\/index.php?rest_route=\/wp\/v2\/users\/2"}],"replies":[{"embeddable":true,"href":"https:\/\/mersinkadingazetesi.com\/index.php?rest_route=%2Fwp%2Fv2%2Fcomments&post=30032"}],"version-history":[{"count":0,"href":"https:\/\/mersinkadingazetesi.com\/index.php?rest_route=\/wp\/v2\/posts\/30032\/revisions"}],"wp:featuredmedia":[{"embeddable":true,"href":"https:\/\/mersinkadingazetesi.com\/index.php?rest_route=\/wp\/v2\/media\/30033"}],"wp:attachment":[{"href":"https:\/\/mersinkadingazetesi.com\/index.php?rest_route=%2Fwp%2Fv2%2Fmedia&parent=30032"}],"wp:term":[{"taxonomy":"category","embeddable":true,"href":"https:\/\/mersinkadingazetesi.com\/index.php?rest_route=%2Fwp%2Fv2%2Fcategories&post=30032"},{"taxonomy":"post_tag","embeddable":true,"href":"https:\/\/mersinkadingazetesi.com\/index.php?rest_route=%2Fwp%2Fv2%2Ftags&post=30032"}],"curies":[{"name":"wp","href":"https:\/\/api.w.org\/{rel}","templated":true}]}}