{"id":30051,"date":"2024-01-18T13:09:13","date_gmt":"2024-01-18T10:09:13","guid":{"rendered":"http:\/\/mersinkadingazetesi.com\/?p=30051"},"modified":"2024-01-18T13:09:13","modified_gmt":"2024-01-18T10:09:13","slug":"2-uluslararasi-tarsus-festivalinin-guzellikleri-fotograflara-yansidi","status":"publish","type":"post","link":"https:\/\/mersinkadingazetesi.com\/?p=30051","title":{"rendered":"&#8216;2. ULUSLARARASI TARSUS FEST\u0130VAL\u0130&#8217;N\u0130N G\u00dcZELL\u0130KLER\u0130 FOTO\u011eRAFLARA YANSIDI"},"content":{"rendered":"<p>Mersin B\u00fcy\u00fck\u015fehir Belediyesi K\u00fclt\u00fcr ve Sosyal \u0130\u015fler Daire Ba\u015fkanl\u0131\u011f\u0131 taraf\u0131ndan 17-18-19 Kas\u0131m 2023 tarihlerinde d\u00fczenlenen ve bu sene &#8216;\u015eahmeran Y\u0131l\u0131nda Bulu\u015fal\u0131m&#8217; mottosuyla ger\u00e7ekle\u015ftirilen &#8216;2. Uluslararas\u0131 Tarsus Festivali&#8217;nin g\u00fczellikleri devam ediyor.<\/p>\n<p>Foto\u011fraf sanat\u00e7\u0131lar\u0131n\u0131n festival boyunca \u00e7ektikleri karelerden olu\u015fan &#8216;Festival Foto\u011fraflar\u0131&#8217; sergisi, Tarsus Mehmet Bal Sergi Salonu&#8217;nda a\u00e7\u0131ld\u0131. Sergi 31 Ocak tarihine kadar gezilebilecek.<\/p>\n<p>Mersin B\u00fcy\u00fck\u015fehir Belediyesi K\u00fclt\u00fcr ve Sosyal \u0130\u015fler Dairesi Ba\u015fkanl\u0131\u011f\u0131 b\u00fcnyesindeki &#8216;Tarsus&#8217;a De\u011fer Katanlar Kurulu&#8217;nun (TADEKA) deste\u011fiyle a\u00e7\u0131lan sergide foto\u011fraf sanat\u00e7\u0131lar\u0131 Ahmet Ba\u011f, Fikriye Y\u0131ld\u0131r\u0131m, L\u00fctfi Haso\u011flu, Mehmet R\u0131fk\u0131 Alpkaya, Nurten Ertekin, R\u0131fat G\u00fcrb\u00fcz, Selda Cava\u015f, Selma Eser, Semra Karacan ve Selami T\u00fcrk&#8217;\u00fcn \u00e7ekti\u011fi 100 foto\u011fraf yer al\u0131yor.<\/p>\n<p>Cerraho\u011flu: &#8220;Foto\u011fraf sanat\u00e7\u0131lar\u0131 \u00e7ok g\u00fczel eserler olu\u015fturdu&#8221;<\/p>\n<p>Serginin a\u00e7\u0131l\u0131\u015f\u0131nda konu\u015fan TADEKA \u00fcyesi Dr. Ali Cerraho\u011flu,  festivalde \u00e7ok g\u00fczel anlar\u0131n ya\u015fand\u0131\u011f\u0131n\u0131 belirterek, &#8220;Mersin B\u00fcy\u00fck\u015fehir Belediyesi&#8217;nin d\u00fczenledi\u011fi ve Tarsus&#8217;a De\u011fer Katanlar Kurulu&#8217;nun sivil inisiyatifiyle birlikte haz\u0131rlad\u0131\u011f\u0131 Tarsus Festivali&#8217;nde \u00e7ok de\u011ferli anlar ya\u015fand\u0131. \u00c7ok de\u011ferli konuklar oldu. Hem Tarsuslular, hem b\u00f6lge halk\u0131, hem de \u00e7ok uzaklardan \u00e7ok de\u011ferli misafirlerimiz oldu. Bu g\u00fczel festivalin \u00e7ok ilgin\u00e7 anlar\u0131n\u0131, g\u00fczel anlar\u0131n\u0131 \u00f6l\u00fcms\u00fczle\u015ftirmek i\u00e7in de bir grup foto\u011fraf sanat\u00e7\u0131s\u0131 \u00e7ok g\u00fczel eserler olu\u015fturdular&#8221; dedi. <\/p>\n<p>\u00d6zd\u00fclger: &#8220;Tarsus Festivali&#8217;ni foto\u011fraflarla bir kez daha g\u00f6r\u00fcyor olman\u0131n mutlulu\u011funu ya\u015f\u0131yorum&#8221;<\/p>\n<p>Mersin B\u00fcy\u00fck\u015fehir Belediyesi K\u00fclt\u00fcr ve Sosyal \u0130\u015fler Dairesi Ba\u015fkanl\u0131\u011f\u0131 Koordinat\u00f6r\u00fc, Opera Sanat\u00e7\u0131s\u0131 Bengi \u0130spir \u00d6zd\u00fclger festivalin b\u00fcy\u00fck heyecan yaratt\u0131\u011f\u0131n\u0131 vurgulayarak, &#8220;Hepimizin bildi\u011fi gibi 2. Uluslararas\u0131 Tarsus Festivalimiz \u00e7ok b\u00fcy\u00fck bir ba\u015far\u0131yla ve g\u00f6rkemli bir \u015fekilde ge\u00e7mi\u015fti. \u015eimdi birka\u00e7 ay sonra o g\u00fcnleri tekrar hat\u0131rlamak, 10 de\u011ferli sanat\u00e7\u0131n\u0131n 100 eseriyle, o g\u00fczelim Tarsus Festivali&#8217;ni bir kez daha g\u00f6r\u00fcyor olman\u0131n mutlulu\u011funu ya\u015f\u0131yorum. Emek veren sanat\u00e7\u0131lar\u0131m\u0131za ayr\u0131ca te\u015fekk\u00fcr ediyorum&#8221; dedi. <\/p>\n<p>Mersin B\u00fcy\u00fck\u015fehir Belediyesi olarak sanat\u0131n, sanat\u00e7\u0131n\u0131n, sanat disiplinlerinin tamam\u0131n\u0131n yan\u0131nda olmaya s\u00f6z verdiklerini ve bu anlamda da bu ad\u0131mlar\u0131 atmaya devam ettiklerini kaydeden \u00d6zd\u00fclger,  &#8220;Sizlerle bu yolculu\u011fu yapt\u0131\u011f\u0131m\u0131z i\u00e7in ger\u00e7ekten keyfimiz yerinde. \u00c7\u00fcnk\u00fc Tarsus&#8217;a De\u011fer Katanlar da bizim ayr\u0131 de\u011ferimiz, \u00e7ok seviyoruz&#8221; \u015feklinde konu\u015ftu.<\/p>\n","protected":false},"excerpt":{"rendered":"<p>Mersin B\u00fcy\u00fck\u015fehir Belediyesi K\u00fclt\u00fcr ve Sosyal \u0130\u015fler Daire Ba\u015fkanl\u0131\u011f\u0131 taraf\u0131ndan 17-18-19 Kas\u0131m 2023 tarihlerinde d\u00fczenlenen ve bu sene &#8216;\u015eahmeran Y\u0131l\u0131nda Bulu\u015fal\u0131m&#8217; mottosuyla ger\u00e7ekle\u015ftirilen &#8216;2. Uluslararas\u0131 Tarsus Festivali&#8217;nin g\u00fczellikleri devam ediyor. Foto\u011fraf sanat\u00e7\u0131lar\u0131n\u0131n festival boyunca \u00e7ektikleri karelerden olu\u015fan &#8216;Festival Foto\u011fraflar\u0131&#8217; sergisi, Tarsus Mehmet Bal Sergi Salonu&#8217;nda a\u00e7\u0131ld\u0131. Sergi 31 Ocak tarihine kadar gezilebilecek. Mersin B\u00fcy\u00fck\u015fehir Belediyesi [&hellip;]<\/p>\n","protected":false},"author":2,"featured_media":30052,"comment_status":"open","ping_status":"open","sticky":false,"template":"","format":"standard","meta":{"footnotes":""},"categories":[3],"tags":[],"class_list":["post-30051","post","type-post","status-publish","format-standard","has-post-thumbnail","hentry","category-manset"],"views":1,"_links":{"self":[{"href":"https:\/\/mersinkadingazetesi.com\/index.php?rest_route=\/wp\/v2\/posts\/30051"}],"collection":[{"href":"https:\/\/mersinkadingazetesi.com\/index.php?rest_route=\/wp\/v2\/posts"}],"about":[{"href":"https:\/\/mersinkadingazetesi.com\/index.php?rest_route=\/wp\/v2\/types\/post"}],"author":[{"embeddable":true,"href":"https:\/\/mersinkadingazetesi.com\/index.php?rest_route=\/wp\/v2\/users\/2"}],"replies":[{"embeddable":true,"href":"https:\/\/mersinkadingazetesi.com\/index.php?rest_route=%2Fwp%2Fv2%2Fcomments&post=30051"}],"version-history":[{"count":0,"href":"https:\/\/mersinkadingazetesi.com\/index.php?rest_route=\/wp\/v2\/posts\/30051\/revisions"}],"wp:featuredmedia":[{"embeddable":true,"href":"https:\/\/mersinkadingazetesi.com\/index.php?rest_route=\/wp\/v2\/media\/30052"}],"wp:attachment":[{"href":"https:\/\/mersinkadingazetesi.com\/index.php?rest_route=%2Fwp%2Fv2%2Fmedia&parent=30051"}],"wp:term":[{"taxonomy":"category","embeddable":true,"href":"https:\/\/mersinkadingazetesi.com\/index.php?rest_route=%2Fwp%2Fv2%2Fcategories&post=30051"},{"taxonomy":"post_tag","embeddable":true,"href":"https:\/\/mersinkadingazetesi.com\/index.php?rest_route=%2Fwp%2Fv2%2Ftags&post=30051"}],"curies":[{"name":"wp","href":"https:\/\/api.w.org\/{rel}","templated":true}]}}