{"id":30054,"date":"2024-01-18T13:11:55","date_gmt":"2024-01-18T10:11:55","guid":{"rendered":"http:\/\/mersinkadingazetesi.com\/?p=30054"},"modified":"2024-01-18T13:11:55","modified_gmt":"2024-01-18T10:11:55","slug":"deva-partili-ekmen-bakan-kacira-milli-uzay-programinin-akibetini-sordu","status":"publish","type":"post","link":"https:\/\/mersinkadingazetesi.com\/?p=30054","title":{"rendered":"Deva Partili Ekmen, Bakan Kac\u0131r\u2019a Milli Uzay Program\u0131n\u0131n ak\u0131betini sordu"},"content":{"rendered":"<p>DEVA Partisi Genel Ba\u015fkan Yard\u0131mc\u0131s\u0131 ve Mersin Milletvekili Mehmet Emin Ekmen, Sanayi ve Teknoloji Bakan\u0131 Mehmet Fatih Kac\u0131r\u2019a 2021 y\u0131l\u0131nda Cumhurba\u015fkan\u0131 Erdo\u011fan taraf\u0131ndan kamuoyuna tan\u0131t\u0131lan Milli Uzay Program\u0131\u2019n\u0131n ak\u0131betini sordu. <\/p>\n<p>Ekmen, Milli Uzay Program\u0131\u2019n\u0131n tan\u0131t\u0131m\u0131n\u0131 \u015fu s\u00f6zlerle hat\u0131rlatt\u0131:<\/p>\n<p>\u201cT\u00fcrkiye&#8217;nin uzaydaki 10 y\u0131ll\u0131k vizyon, strateji, hedef ve projelerinin yer ald\u0131\u011f\u0131 Milli Uzay Program\u0131, 9 \u015eubat 2021 tarihinde Say\u0131n Cumhurba\u015fkan\u0131 Recep Tayyip Erdo\u011fan taraf\u0131ndan Be\u015ftepe Millet Kongre ve K\u00fclt\u00fcr Merkezi\u2019nde b\u00fcy\u00fck bir co\u015fku ile T\u00fcrk ve D\u00fcnya kamuoyuna tan\u0131t\u0131lm\u0131\u015ft\u0131. T\u00fcrkiye ad\u0131na tarihi bir d\u00f6n\u00fcm noktas\u0131na \u015fahitlik etmek \u00fczere bir araya geldiklerini belirten Cumhurba\u015fkan\u0131 Erdo\u011fan, konu\u015fmas\u0131nda \u201cBu program, ger\u00e7ek\u00e7i ama bir o kadar da rekabet\u00e7i hedefleri kapsayan i\u00e7eri\u011fiyle \u00fclkemizin uzaydaki yol haritas\u0131 olacakt\u0131r. K\u00fcresel uzay yar\u0131\u015f\u0131nda, \u00fclkemizi \u00fcst liglere ta\u015f\u0131yacak bu yol haritas\u0131n\u0131n ba\u015far\u0131yla hayata ge\u00e7mesini diliyorum.\u201d ifadelerini kullanm\u0131\u015ft\u0131. Say\u0131n Cumhurba\u015fkan\u0131, \u201cPayla\u015faca\u011f\u0131m\u0131z hedefler, bir hayal \u00fcr\u00fcn\u00fc de\u011fil, havac\u0131l\u0131k ve uzay teknolojilerinde bug\u00fcne kadar ba\u015fard\u0131klar\u0131m\u0131z\u0131n bir \u00fcst noktaya ta\u015f\u0131nmas\u0131d\u0131r.\u201d ifadelerini kullanarak Milli Uzay Program\u0131 kapsam\u0131ndaki 10 hedefi tek tek a\u00e7\u0131klayarak ilk hedefin ger\u00e7ekle\u015fme tarihi olarak 2023 y\u0131l\u0131 ilan edilmi\u015fti. Dolay\u0131s\u0131yla 2024 y\u0131l\u0131na girdi\u011fimiz bu g\u00fcnlerde program hedeflerinin ne a\u015famada oldu\u011fu kamuoyu taraf\u0131ndan merak edilmektedir.\u201d<\/p>\n<p>Mehmet Emin Ekmen, tarihi ve stratejik \u00f6nemi Cumhurba\u015fkan\u0131 Erdo\u011fan taraf\u0131ndan vurgulanan, T\u00fcrkiye\u2019nin b\u00f6lge ve d\u00fcnya siyasetinde lay\u0131k oldu\u011fu d\u00fczeye eri\u015febilmesi i\u00e7in ge\u00e7 bile kal\u0131nm\u0131\u015f olan ve vatanda\u015flar\u0131m\u0131z taraf\u0131ndan heyecanla beklenen Milli Uzay Program\u0131n\u0131n ak\u0131betini \u00f6\u011frenmek i\u00e7in Say\u0131n Bakan\u2019a \u015fu sorular\u0131 y\u00f6neltti:<\/p>\n<p>Birinci hedef olan \u201cCumhuriyet\u2019in 100\u2019\u00fcnc\u00fc y\u0131l\u0131nda Ay\u2019a ilk temas\u0131 ger\u00e7ekle\u015ftirmek\u201d ba\u015far\u0131ya ula\u015ft\u0131 m\u0131? Ula\u015fmad\u0131ysa hangi a\u015famadad\u0131r ve ne zaman ger\u00e7ekle\u015ftirilmesi planlanmaktad\u0131r?<br \/>\n\u0130kinci hedef olan \u201cYeni nesil uydu geli\u015ftirme alan\u0131nda d\u00fcnya ile rekabet edebilecek ticari marka ortaya koymak\u201d hangi a\u015famadad\u0131r ve ne zaman ger\u00e7ekle\u015ftirilmesi planlanmaktad\u0131r?<br \/>\n\u00dc\u00e7\u00fcnc\u00fc hedef olan \u201cT\u00fcrkiye\u2019ye ait b\u00f6lgesel konumlama ve zamanlama sistemi geli\u015ftirmek\u201d hangi a\u015famadad\u0131r ve ne zaman ger\u00e7ekle\u015ftirilmesi planlanmaktad\u0131r?<br \/>\nD\u00f6rd\u00fcnc\u00fc hedef olan \u201cUzaya eri\u015fimi sa\u011flamak ve bir uzay liman\u0131 i\u015fletmesi kurmak\u201d hangi a\u015famadad\u0131r ve ne zaman ger\u00e7ekle\u015ftirilmesi planlanmaktad\u0131r?<br \/>\nBe\u015finci hedef olan \u201cUzay havas\u0131 ya da meteoroloji olarak tabir edilen alana yat\u0131r\u0131m yaparak, uzaydaki yetkinli\u011fimizi art\u0131rmak\u201d hangi a\u015famadad\u0131r ve ne zaman ger\u00e7ekle\u015ftirilmesi planlanmaktad\u0131r?<br \/>\nAlt\u0131nc\u0131 hedef olan \u201cT\u00fcrkiye\u2019yi astronomik g\u00f6zlemler ve uzay nesnelerinin yerden takibi konular\u0131nda daha ileri bir seviyeye ula\u015ft\u0131rmak\u201d hangi a\u015famadad\u0131r ve ne zaman ger\u00e7ekle\u015ftirilmesi planlanmaktad\u0131r?<br \/>\nYedinci hedef olan \u201c\u00dclkemizde uzay sanayii ekonomi sistemini daha da geli\u015ftirmek\u201d hangi a\u015famadad\u0131r ve ne zaman ger\u00e7ekle\u015ftirilmesi planlanmaktad\u0131r?<br \/>\nSekizinci hedef olan \u201cBir uzay teknolojisi geli\u015ftirme b\u00f6lgesi kurmak\u201d hangi a\u015famadad\u0131r ve ne zaman ger\u00e7ekle\u015ftirilmesi planlanmaktad\u0131r?<br \/>\nDokuzuncu hedef olan \u201cUzay alan\u0131nda etkin ve yetkin insan kayna\u011f\u0131m\u0131z\u0131 geli\u015ftirmek\u201d hangi a\u015famadad\u0131r ve ne zaman ger\u00e7ekle\u015ftirilmesi planlanmaktad\u0131r?<br \/>\nOnuncu hedef olan \u201cBir T\u00fcrk vatanda\u015f\u0131n\u0131 uzaya g\u00f6ndermek\u201d hangi a\u015famadad\u0131r ve ne zaman ger\u00e7ekle\u015ftirilmesi planlanmaktad\u0131r.<\/p>\n","protected":false},"excerpt":{"rendered":"<p>DEVA Partisi Genel Ba\u015fkan Yard\u0131mc\u0131s\u0131 ve Mersin Milletvekili Mehmet Emin Ekmen, Sanayi ve Teknoloji Bakan\u0131 Mehmet Fatih Kac\u0131r\u2019a 2021 y\u0131l\u0131nda Cumhurba\u015fkan\u0131 Erdo\u011fan taraf\u0131ndan kamuoyuna tan\u0131t\u0131lan Milli Uzay Program\u0131\u2019n\u0131n ak\u0131betini sordu. Ekmen, Milli Uzay Program\u0131\u2019n\u0131n tan\u0131t\u0131m\u0131n\u0131 \u015fu s\u00f6zlerle hat\u0131rlatt\u0131: \u201cT\u00fcrkiye&#8217;nin uzaydaki 10 y\u0131ll\u0131k vizyon, strateji, hedef ve projelerinin yer ald\u0131\u011f\u0131 Milli Uzay Program\u0131, 9 \u015eubat 2021 [&hellip;]<\/p>\n","protected":false},"author":2,"featured_media":30055,"comment_status":"open","ping_status":"open","sticky":false,"template":"","format":"standard","meta":{"footnotes":""},"categories":[3,6],"tags":[],"class_list":["post-30054","post","type-post","status-publish","format-standard","has-post-thumbnail","hentry","category-manset","category-siyaset-2"],"views":2,"_links":{"self":[{"href":"https:\/\/mersinkadingazetesi.com\/index.php?rest_route=\/wp\/v2\/posts\/30054"}],"collection":[{"href":"https:\/\/mersinkadingazetesi.com\/index.php?rest_route=\/wp\/v2\/posts"}],"about":[{"href":"https:\/\/mersinkadingazetesi.com\/index.php?rest_route=\/wp\/v2\/types\/post"}],"author":[{"embeddable":true,"href":"https:\/\/mersinkadingazetesi.com\/index.php?rest_route=\/wp\/v2\/users\/2"}],"replies":[{"embeddable":true,"href":"https:\/\/mersinkadingazetesi.com\/index.php?rest_route=%2Fwp%2Fv2%2Fcomments&post=30054"}],"version-history":[{"count":0,"href":"https:\/\/mersinkadingazetesi.com\/index.php?rest_route=\/wp\/v2\/posts\/30054\/revisions"}],"wp:featuredmedia":[{"embeddable":true,"href":"https:\/\/mersinkadingazetesi.com\/index.php?rest_route=\/wp\/v2\/media\/30055"}],"wp:attachment":[{"href":"https:\/\/mersinkadingazetesi.com\/index.php?rest_route=%2Fwp%2Fv2%2Fmedia&parent=30054"}],"wp:term":[{"taxonomy":"category","embeddable":true,"href":"https:\/\/mersinkadingazetesi.com\/index.php?rest_route=%2Fwp%2Fv2%2Fcategories&post=30054"},{"taxonomy":"post_tag","embeddable":true,"href":"https:\/\/mersinkadingazetesi.com\/index.php?rest_route=%2Fwp%2Fv2%2Ftags&post=30054"}],"curies":[{"name":"wp","href":"https:\/\/api.w.org\/{rel}","templated":true}]}}