{"id":30084,"date":"2024-01-20T21:18:13","date_gmt":"2024-01-20T18:18:13","guid":{"rendered":"http:\/\/mersinkadingazetesi.com\/?p=30084"},"modified":"2024-01-20T21:18:13","modified_gmt":"2024-01-20T18:18:13","slug":"buyuksehir-cocuk-gelisim-merkezlerinde-karne-heyecani","status":"publish","type":"post","link":"https:\/\/mersinkadingazetesi.com\/?p=30084","title":{"rendered":"B\u00dcY\u00dcK\u015eEH\u0130R \u00c7OCUK GEL\u0130\u015e\u0130M MERKEZLER\u0130NDE KARNE HEYECANI&#8230;"},"content":{"rendered":"<p>Mersin B\u00fcy\u00fck\u015fehir Belediyesi b\u00fcnyesinde bulunan \u00c7ocuk Geli\u015fim Merkezleri&#8217;nde yar\u0131y\u0131l tatili heyecan\u0131 ba\u015flad\u0131. 2023-2024 e\u011fitim \u00f6\u011fretim d\u00f6neminin ilk yar\u0131s\u0131n\u0131 tamamlayan \u00e7ocuklar, karne alman\u0131n ve tatile \u00e7\u0131kman\u0131n mutlulu\u011funu ya\u015fad\u0131. Kad\u0131n ve Aile Hizmetleri Dairesi b\u00fcnyesinde e\u011fitim veren Halkkent, Adile Teyze, M\u00fcnir \u00d6zkul, Begonvil \u00c7ocuk Geli\u015fim Merkezleri ile Ya\u015far Baybo\u011fan ve G\u00fclnar \u00c7ocuk At\u00f6lyeleri&#8217;nde yar\u0131y\u0131l tatili heyecan\u0131 ya\u015fand\u0131. 2023-2024 e\u011fitim \u00f6\u011fretim d\u00f6neminin ilk yar\u0131s\u0131n\u0131 tamamlayan toplam 207 \u00e7ocuk, karne alman\u0131n ve tatile \u00e7\u0131kman\u0131n mutlulu\u011funu ya\u015fad\u0131.<\/p>\n<p>Aileler, \u00e7ocuklar\u0131n karne heyecan\u0131na ortak oldu<\/p>\n<p>\u00c7ocu\u011fu M\u00fcnir \u00d6zkul \u00c7ocuk Geli\u015fim Merkezi&#8217;nde e\u011fitim g\u00f6ren \u00d6zlem G\u00fcnd\u00fcz, yakla\u015f\u0131k bir senedir devam ettiklerini belirterek, &#8220;\u00c7ocu\u011fum \u00e7ok mutlu. Bir\u00e7ok kre\u015ften kat kat iyi. E\u011fitim ve temizlik y\u00f6n\u00fcnden iyi. Her bak\u0131mdan \u00e7ok memnunum. \u00c7ocu\u011fum mutluysa ben de mutluyum&#8221; dedi. \u00c7ocu\u011funun karne almas\u0131ndan dolay\u0131 \u00e7ok heyecanl\u0131 olduklar\u0131n\u0131 dile getiren G\u00fcnd\u00fcz, &#8220;\u015eimdi ona istedi\u011fi bir oyuncak alaca\u011f\u0131m&#8221; ifadelerine yer verdi.<\/p>\n<p>Cansel Din\u00e7bay ise merkezden \u00e7ok memnun olduklar\u0131n\u0131 vurgulayarak, &#8220;Burada \u00e7ocu\u011fum \u00e7ok mutlu. Acaba uyum sa\u011flayacak m\u0131 diye ilk etapta bir tedirginlik ya\u015fad\u0131k. Fakat ilk g\u00fcnden beri uyum sa\u011flamas\u0131, bizi mutlu etti. Geli\u015fimi ise beklentimin \u00e7ok \u00fcst\u00fcndeydi. Bu y\u00fczden \u00e7ok te\u015fekk\u00fcr ediyorum&#8221; dedi. Karne heyecan\u0131n\u0131 \u00e7ocuklar\u0131yla birlikte ya\u015fad\u0131klar\u0131n\u0131 da s\u00f6yleyen Din\u00e7bay, &#8220;Biz onlardan daha \u00e7ok heyecanl\u0131y\u0131z. \u00c7ok mutlular. \u00c7ok g\u00fczel bir ortam. Bence kusursuz&#8221; ifadelerine yer verdi.<\/p>\n<p>&#8220;Merkezler, \u00e7ocuklar\u0131m\u0131za \u00e7ok iyi imkanlar sa\u011fl\u0131yor&#8221;<\/p>\n<p>\u00c7ocu\u011fu Halkkent \u00c7ocuk Geli\u015fim Merkezi&#8217;nde e\u011fitim alan Murat Bozkurt ise, &#8220;K\u0131z\u0131m Defne karne al\u0131yor. Onun heyecan\u0131n\u0131 ya\u015f\u0131yoruz. G\u00fczel, keyifli bir d\u00f6nem ge\u00e7irdiler. \u015eu anda \u00e7ok heyecanl\u0131 bir \u015fekilde devam ediyorlar&#8221; dedi. Yakla\u015f\u0131k 8 ayd\u0131r merkeze devam ettiklerini belirten Bozkurt, &#8220;Her \u015fey yolunda. \u00c7ok \u00e7ok memnunuz. Bu anlamda B\u00fcy\u00fck\u015fehir Belediye Ba\u015fkan\u0131&#8217;na ger\u00e7ekten \u00e7ok te\u015fekk\u00fcr ederiz. B\u00f6yle bir imkan\u0131 biz \u00e7al\u0131\u015fan insanlara sa\u011flamas\u0131 a\u00e7\u0131s\u0131ndan \u00e7ok de\u011ferli ve k\u0131ymetli. \u00d6\u011fretmenlerimiz de \u00e7ok kaliteli, \u00e7ok iyiler ve \u00f6zverililer. Te\u015fekk\u00fcr ederim hepsine&#8221; ifadelerini kulland\u0131.<\/p>\n<p>Zeynep Kaya da merkezin, \u00e7ocuklar\u0131na b\u00fcy\u00fck katk\u0131s\u0131 oldu\u011fundan s\u00f6z ederek, &#8220;\u00c7ocu\u011fum \u00e7ok mutlu. Buras\u0131 sayesinde payla\u015fmay\u0131 \u00f6\u011frendi. Biz de \u00e7ok mutlu ve \u00e7ok heyecanl\u0131y\u0131z. Maddi ve manevi olarak da \u00e7ok iyi imk\u00e2nlar sa\u011fl\u0131yorlar. Bunun i\u00e7in de \u00e7ok mutluyuz. \u00c7ocuklar bir \u015feyden geri kalmam\u0131\u015f oluyor bu sayede&#8221; dedi.<\/p>\n<p>\u00c7ocuklar karnelerine kavu\u015fman\u0131n mutlulu\u011funu ya\u015fad\u0131<\/p>\n<p>Halkkent \u00c7ocuk Geli\u015fim Merkezi&#8217;nde karne heyecan\u0131 ya\u015fayan 4 ya\u015f\u0131ndaki Defne Bozkurt, merkezde \u00e7ok e\u011flendi\u011fini belirterek, &#8220;Oyun oynuyoruz, etkinlik yap\u0131yoruz, kitap okuyoruz. Karne ald\u0131k. Karne ald\u0131\u011f\u0131m i\u00e7in \u00e7ok mutluyum&#8221; dedi.<\/p>\n<p>4 ya\u015f\u0131ndaki Duru Kaya ise merkezde oyunlar oynad\u0131\u011f\u0131n\u0131 ve arkada\u015flar\u0131yla e\u011flendi\u011fini s\u00f6yleyerek, &#8220;Karne ald\u0131\u011f\u0131m i\u00e7in \u00e7ok mutluyum&#8221; diye konu\u015ftu.<\/p>\n","protected":false},"excerpt":{"rendered":"<p>Mersin B\u00fcy\u00fck\u015fehir Belediyesi b\u00fcnyesinde bulunan \u00c7ocuk Geli\u015fim Merkezleri&#8217;nde yar\u0131y\u0131l tatili heyecan\u0131 ba\u015flad\u0131. 2023-2024 e\u011fitim \u00f6\u011fretim d\u00f6neminin ilk yar\u0131s\u0131n\u0131 tamamlayan \u00e7ocuklar, karne alman\u0131n ve tatile \u00e7\u0131kman\u0131n mutlulu\u011funu ya\u015fad\u0131. Kad\u0131n ve Aile Hizmetleri Dairesi b\u00fcnyesinde e\u011fitim veren Halkkent, Adile Teyze, M\u00fcnir \u00d6zkul, Begonvil \u00c7ocuk Geli\u015fim Merkezleri ile Ya\u015far Baybo\u011fan ve G\u00fclnar \u00c7ocuk At\u00f6lyeleri&#8217;nde yar\u0131y\u0131l tatili heyecan\u0131 ya\u015fand\u0131. [&hellip;]<\/p>\n","protected":false},"author":2,"featured_media":30085,"comment_status":"open","ping_status":"open","sticky":false,"template":"","format":"standard","meta":{"footnotes":""},"categories":[3],"tags":[],"class_list":["post-30084","post","type-post","status-publish","format-standard","has-post-thumbnail","hentry","category-manset"],"views":1,"_links":{"self":[{"href":"https:\/\/mersinkadingazetesi.com\/index.php?rest_route=\/wp\/v2\/posts\/30084"}],"collection":[{"href":"https:\/\/mersinkadingazetesi.com\/index.php?rest_route=\/wp\/v2\/posts"}],"about":[{"href":"https:\/\/mersinkadingazetesi.com\/index.php?rest_route=\/wp\/v2\/types\/post"}],"author":[{"embeddable":true,"href":"https:\/\/mersinkadingazetesi.com\/index.php?rest_route=\/wp\/v2\/users\/2"}],"replies":[{"embeddable":true,"href":"https:\/\/mersinkadingazetesi.com\/index.php?rest_route=%2Fwp%2Fv2%2Fcomments&post=30084"}],"version-history":[{"count":0,"href":"https:\/\/mersinkadingazetesi.com\/index.php?rest_route=\/wp\/v2\/posts\/30084\/revisions"}],"wp:featuredmedia":[{"embeddable":true,"href":"https:\/\/mersinkadingazetesi.com\/index.php?rest_route=\/wp\/v2\/media\/30085"}],"wp:attachment":[{"href":"https:\/\/mersinkadingazetesi.com\/index.php?rest_route=%2Fwp%2Fv2%2Fmedia&parent=30084"}],"wp:term":[{"taxonomy":"category","embeddable":true,"href":"https:\/\/mersinkadingazetesi.com\/index.php?rest_route=%2Fwp%2Fv2%2Fcategories&post=30084"},{"taxonomy":"post_tag","embeddable":true,"href":"https:\/\/mersinkadingazetesi.com\/index.php?rest_route=%2Fwp%2Fv2%2Ftags&post=30084"}],"curies":[{"name":"wp","href":"https:\/\/api.w.org\/{rel}","templated":true}]}}