{"id":30087,"date":"2024-01-20T21:19:36","date_gmt":"2024-01-20T18:19:36","guid":{"rendered":"http:\/\/mersinkadingazetesi.com\/?p=30087"},"modified":"2024-01-20T21:19:36","modified_gmt":"2024-01-20T18:19:36","slug":"2019dan-bu-yana-mersin-daha-fazla-konusulmaya-baslandi","status":"publish","type":"post","link":"https:\/\/mersinkadingazetesi.com\/?p=30087","title":{"rendered":"&#8220;2019&#8217;DAN BU YANA MERS\u0130N DAHA FAZLA KONU\u015eULMAYA BA\u015eLANDI&#8221;"},"content":{"rendered":"<p>Mersin B\u00fcy\u00fck\u015fehir Belediye Ba\u015fkan\u0131 Vahap Se\u00e7er, Devrimci \u0130\u015f\u00e7i Sendikalar\u0131 Konfederasyonu (D\u0130SK) Genel-\u0130\u015f Sendikas\u0131&#8217;n\u0131n Ba\u015fkanlar Kurulu Toplant\u0131s\u0131&#8217;na kat\u0131ld\u0131.<\/p>\n<p>Programda Ba\u015fkan Se\u00e7er&#8217;in yan\u0131 s\u0131ra, D\u0130SK Genel Ba\u015fkan Yard\u0131mc\u0131s\u0131 ve Genel-\u0130\u015f Sendikas\u0131 Genel Ba\u015fkan\u0131 Remzi \u00c7al\u0131\u015fkan, D\u0130SK Genel \u0130\u015f Mersin \u015eube Ba\u015fkan\u0131 Kemal G\u00f6ksoy, Genel \u0130\u015f Y\u00f6netim Kurulu \u00dcyeleri ve \u015eube Ba\u015fkanlar\u0131 kat\u0131ld\u0131.<\/p>\n<p>&#8220;2019&#8217;dan bu yana Mersin daha fazla konu\u015fulmaya ba\u015fland\u0131&#8221;<\/p>\n<p>Programda konu\u015fan Ba\u015fkan Vahap Se\u00e7er, Mersin&#8217;in, sadece lokasyonuyla ve co\u011frafyas\u0131yla de\u011fil, insan\u0131yla da g\u00fczel bir kent oldu\u011funu belirtti. Mersin&#8217;in T\u00fcrkiye&#8217;nin mozai\u011fi ve demokrasinin be\u015fi\u011fi bir kent h\u00fcviyetinde oldu\u011funa dikkat \u00e7eken Se\u00e7er, &#8220;Buras\u0131 \u00e7ok dikkat edilmesi gereken bir kent. Belki bug\u00fcne kadar hak etti\u011fi kadar tan\u0131nmam\u0131\u015f, ama 2019&#8217;dan bu yana sosyal demokrat bir Belediye Ba\u015fkan\u0131 ile beraber Mersin her alanda \u00e7ok daha fazla konu\u015fulmaya duyulmaya ba\u015fland\u0131. Hem siyaset arenas\u0131nda, hem belediyecilik tart\u0131\u015fmalar\u0131nda hem T\u00fcrkiye&#8217;deki toplumsal meselelerde mutlaka Mersin&#8217;e de\u011finilmeden ge\u00e7ilmiyor&#8221; dedi.<\/p>\n<p>&#8220;Mersin T\u00fcrkiye&#8217;nin her yerinden gelen insanlar\u0131n olu\u015fturdu\u011fu muazzam bir toplum&#8221;<\/p>\n<p>Mersin&#8217;de T\u00fcrkiye&#8217;nin her yerinden gelen insanlar\u0131n olu\u015fturdu\u011fu reng\u00e2renk ve bu renk c\u00fcmb\u00fc\u015f\u00fcn\u00fcn yaratt\u0131\u011f\u0131 muazzam bir toplum oldu\u011funa i\u015faret eden Se\u00e7er, Mersin&#8217;de bir\u00e7ok farkl\u0131 siyasi g\u00f6r\u00fc\u015flerin bir arada bulundu\u011funu s\u00f6yledi. Se\u00e7er, &#8220;\u015eu anda 13 milletvekilimiz var. 8 siyasi partiye mensup milletvekillerinden olu\u015fuyor. Burada g\u00f6rd\u00fc\u011f\u00fcn\u00fcz gibi her d\u00fcnya g\u00f6r\u00fc\u015f\u00fcn\u00fc temsil eden bir milletin vekili var. Buras\u0131 son derece \u00f6nemli ve Mersin B\u00fcy\u00fck\u015fehir Belediye Ba\u015fkan\u0131 olarak bu kadar siyasal \u00e7e\u015fitli\u011fin i\u00e7erisinde belediye ba\u015fkan\u0131 se\u00e7iliyorsunuz ve kimseyi k\u0131rmadan, \u00fczmeden d\u00f6kmeden ay\u0131rmadan \u00f6tekile\u015ftirmeden de Belediye Ba\u015fkanl\u0131\u011f\u0131 yap\u0131yorsunuz&#8221; ifadelerine yer verdi.<\/p>\n<p>Belediye ba\u015fkanl\u0131\u011f\u0131n\u0131n bir kent i\u00e7in \u00f6nemine de de\u011finen Se\u00e7er, &#8220;Belediye ba\u015fkanlar\u0131, \u00f6zellikle b\u00fcy\u00fck\u015fehir belediye ba\u015fkanlar\u0131 \u00e7ok b\u00fcy\u00fck yetkilerle donat\u0131lm\u0131\u015ft\u0131r. Bu yetkileri iyi kullan\u0131yorsan\u0131z iyidir ama k\u00f6t\u00fc kullan\u0131yorsan\u0131z da k\u00f6t\u00fcd\u00fcr. Bu sizin erdeminize kalm\u0131\u015f. Sizin vicdan terazinizin nas\u0131l i\u015fledi\u011fine kalm\u0131\u015f&#8221; diye konu\u015ftu.<\/p>\n<p>&#8220;E\u011fer bir toplumda demokrasi yoksa sendikal m\u00fccadelenin ba\u015far\u0131l\u0131 oldu\u011fu s\u00f6ylenemez&#8221;<\/p>\n<p>Mersin&#8217;in i\u015f\u00e7i s\u0131n\u0131f\u0131 i\u00e7in de b\u00fcy\u00fck imk\u00e2nlar sunan bir kent oldu\u011funa i\u015faret eden Se\u00e7er, &#8220;E\u011fer bir toplumda demokrasi yoksa,  i\u00e7selle\u015fmemi\u015fse sendikal m\u00fccadelenin ba\u015far\u0131l\u0131 oldu\u011fu s\u00f6ylenemez. Sendikal m\u00fccadele; hukuk devleti normlar\u0131n\u0131n d\u00fcnya standard\u0131nda oldu\u011fu \u00fclkelerde \u00e7ok daha iyi v\u00fccut bulur, kendini g\u00f6sterir. Ama antidemokratik uygulamalar varsa sendikal m\u00fccadeleler akamete u\u011frar, g\u00fcn\u00fcm\u00fczde de oldu\u011fu gibi. Bundan 20-30 y\u0131l \u00f6nce sendikalar\u0131n \u00fcye say\u0131lar\u0131 o g\u00fcnk\u00fc n\u00fcfusa oranlad\u0131\u011f\u0131n\u0131z zaman \u00e7ok daha fazlayd\u0131. Sendikal m\u00fccadeleler, T\u00fcrkiye demokrasisine y\u00f6n \u00e7iziyordu. Bir\u00e7ok toplumsal olaylarda bu \u00fclkeyi y\u00f6netenlerin ald\u0131\u011f\u0131 kararlarda en g\u00fc\u00e7l\u00fc STK&#8217;lar, sendikalar, topluma ve siyasete al\u0131nacak kararlara y\u00f6n veriyordu. \u015eimdi durum maalesef tersine do\u011fru verilmi\u015f durumda&#8221; dedi.<\/p>\n<p>&#8220;Mersin \u00fcreten, her ge\u00e7en g\u00fcn daha da geli\u015fen bir kent&#8221;<\/p>\n<p>Mersin&#8217;in i\u015f\u00e7i s\u0131n\u0131f\u0131 i\u00e7in \u00fclkenin i\u00e7inde bulundu\u011fu hayat pahal\u0131l\u0131\u011f\u0131 bask\u0131s\u0131 alt\u0131nda ko\u015fullar\u0131 itibari ile ya\u015fam\u0131 en rahat idame ettirebilecek \u015fehirlerden birisi oldu\u011funu vurgulayan Se\u00e7er, &#8220;Mersin \u00fcreten bir \u015fehir. Mersin tar\u0131m ve g\u0131da sekt\u00f6r\u00fcyle, sanayisiyle, muazzam bir ticaret hacmiyle her ge\u00e7en g\u00fcn daha da geli\u015fen bir kent. Onun i\u00e7in burada istihdam alanlar\u0131 her ge\u00e7en g\u00fcn artt\u0131\u011f\u0131 gibi \u00e7al\u0131\u015fan insanlara \u00e7ok de\u011fi\u015fik imk\u00e2nlar da sunuyor. Burada di\u011fer metropollere g\u00f6re insanlar \u00e7ok daha d\u00fc\u015f\u00fck gelirlerle ya\u015fama imk\u00e2n\u0131 bulabiliyor. Mersin&#8217;in b\u00f6yle bir \u00f6zelli\u011fi var. Yani Ankara&#8217;da ya da \u0130stanbul&#8217;da sanayide, hizmet sekt\u00f6r\u00fcnde \u00e7al\u0131\u015fan bir yurtta\u015f\u0131m\u0131z\u0131n ge\u00e7im standard\u0131yla ve orada ald\u0131\u011f\u0131 \u00fccretin yeterlili\u011fi ile Mersin&#8217;deki farkl\u0131. Mersin&#8217;deki \u00e7al\u0131\u015fanlar temel ihtiya\u00e7 maddelerine \u00e7ok daha h\u0131zl\u0131 eri\u015fmesi sayesinde bir miktarda olsa daha avantajl\u0131d\u0131r&#8221; diye konu\u015ftu.<\/p>\n<p>&#8220;Mersin&#8217;de b\u00fct\u00fcn kesimlerin bizlere destek verece\u011fine inan\u0131yoruz&#8221;<\/p>\n<p>31 Mart 2024 tarihinde yap\u0131lacak yerel se\u00e7imlerde demokrasi g\u00fc\u00e7lerinin kendisinin adayl\u0131\u011f\u0131 \u00e7er\u00e7evesinde kenetlenece\u011fine inand\u0131\u011f\u0131n\u0131 s\u00f6zlerine ekleyen Se\u00e7er \u015funlar\u0131 kaydetti:<\/p>\n<p>&#8220;Mersin&#8217;de b\u00fct\u00fcn kesimlerin bizlere destek verece\u011fine inan\u0131yoruz. Demokrasi g\u00fc\u00e7lerinin bizim etraf\u0131m\u0131zda kenetlenece\u011fini ve Mersin&#8217;i anti demokratik uygulamalarla y\u00f6netme taleplerine k\u0131rm\u0131z\u0131 kart g\u00f6stereceklerine can\u0131 y\u00fcrekten inan\u0131yorum. Birlik olursak sonucu alaca\u011f\u0131z. Bu se\u00e7imlerden de 2019 se\u00e7imlerinde oldu\u011fu gibi galibiyette ayr\u0131laca\u011f\u0131m\u0131z\u0131 g\u00f6r\u00fcyorum. Buna can\u0131 y\u00fcrekten inand\u0131\u011f\u0131m gibi yapt\u0131\u011f\u0131m\u0131z 5 y\u0131ll\u0131k uygulamalarla da bunu tahkim etti\u011fimizi d\u00fc\u015f\u00fcn\u00fcyorum. Her kesimin deste\u011fiyle 5 y\u0131l daha bu b\u00f6lgede ayr\u0131m yapmadan, sosyal demokrat anlay\u0131\u015f\u0131n\u0131 kendisine oy veren ya da vermeyen t\u00fcm vatanda\u015flar\u0131na hizmet olarak ortaya koyan bir Belediye Ba\u015fkan\u0131 ve onun y\u00f6netimindeki emek eden insanlar\u0131yla beraber Mersinimize hizmet edece\u011fimize inan\u0131yorum.&#8221;<\/p>\n<p>Se\u00e7er, D\u0130SK-Genel \u0130\u015f&#8217;e te\u015fekk\u00fcr etti<\/p>\n<p>D\u0130SK-Genel \u0130\u015f ile Mersin B\u00fcy\u00fck\u015fehir Belediyesi ve y\u00f6netiminin ili\u015fkilerinin son derece samimi ve iyi oldu\u011funa da dikkat \u00e7eken Se\u00e7er, &#8220;Hem Kemal Ba\u015fkan\u0131m\u0131z hem y\u00f6netimindeki arkada\u015flar\u0131mla bu 5 y\u0131l\u0131 samimi bir diyalog halinde s\u00fcrd\u00fcrd\u00fc\u011f\u00fcm\u00fcz\u00fc d\u00fc\u015f\u00fcn\u00fcyorum. Biz y\u00f6netime geldikten sonra emek \u00f6rg\u00fctlenmelerinin \u00f6n\u00fcndeki engelleri kald\u0131rd\u0131k. Asl\u0131nda ekstra bir \u015fey yapmad\u0131m. Daha \u00f6nce olmas\u0131 gereken, \u00f6nlerine engel konan bu sendikan\u0131n \u00f6n\u00fcn\u00fc a\u00e7t\u0131m, o engelleri kald\u0131rd\u0131m. Arkada\u015flar\u0131m da do\u011fal olarak gittiler, \u00e7al\u0131\u015fmalar\u0131n\u0131 yapt\u0131lar. Hem Mersin B\u00fcy\u00fck\u015fehir b\u00fcnyesinde \u00e7al\u0131\u015fanlar\u0131m\u0131z aras\u0131nda \u00fcye say\u0131lar\u0131n\u0131 art\u0131rd\u0131lar hem de Mersin Su ve Kanalizasyon \u0130daresi&#8217;nde D\u0130SK- Genel \u0130\u015f olarak \u00f6rg\u00fctlendiler. D\u0130SK- Genel \u0130\u015f&#8217;e Mersin halk\u0131na hizmet eden emek s\u0131n\u0131f\u0131yla ili\u015fkilerimizi do\u011fru bir d\u00fczlemde s\u00fcrd\u00fcrme olana\u011f\u0131 yaratmalar\u0131ndan dolay\u0131,  \u00e7ok te\u015fekk\u00fcr ediyorum&#8221; s\u00f6zlerine yer verdi.  <\/p>\n<p>\u00c7al\u0131\u015fkan: &#8220;Mersin B\u00fcy\u00fck\u015fehir Belediye Ba\u015fkanl\u0131\u011f\u0131 adayl\u0131\u011f\u0131n\u0131 kutluyoruz&#8221;<\/p>\n<p>D\u0130SK Genel Ba\u015fkan Yard\u0131mc\u0131s\u0131 ve Genel-\u0130\u015f Sendikas\u0131 Genel Ba\u015fkan\u0131 Remzi \u00c7al\u0131\u015fkan ise, &#8220;\u0130\u015f\u00e7ilerin sendika se\u00e7me \u00f6zg\u00fcrl\u00fc\u011f\u00fcn\u00fcn \u00f6n\u00fcn\u00fc a\u00e7t\u0131\u011f\u0131 i\u00e7in Vahap Se\u00e7er&#8217;e te\u015fekk\u00fcr ediyoruz. Tabi bizim i\u00e7in s\u00fcrpriz olmad\u0131, olmas\u0131 gereken buydu; tekrar Mersin B\u00fcy\u00fck\u015fehir Belediye Ba\u015fkanl\u0131\u011f\u0131 adayl\u0131\u011f\u0131n\u0131 kutluyoruz ve ba\u015far\u0131lar diliyoruz&#8221; dedi.<\/p>\n","protected":false},"excerpt":{"rendered":"<p>Mersin B\u00fcy\u00fck\u015fehir Belediye Ba\u015fkan\u0131 Vahap Se\u00e7er, Devrimci \u0130\u015f\u00e7i Sendikalar\u0131 Konfederasyonu (D\u0130SK) Genel-\u0130\u015f Sendikas\u0131&#8217;n\u0131n Ba\u015fkanlar Kurulu Toplant\u0131s\u0131&#8217;na kat\u0131ld\u0131. Programda Ba\u015fkan Se\u00e7er&#8217;in yan\u0131 s\u0131ra, D\u0130SK Genel Ba\u015fkan Yard\u0131mc\u0131s\u0131 ve Genel-\u0130\u015f Sendikas\u0131 Genel Ba\u015fkan\u0131 Remzi \u00c7al\u0131\u015fkan, D\u0130SK Genel \u0130\u015f Mersin \u015eube Ba\u015fkan\u0131 Kemal G\u00f6ksoy, Genel \u0130\u015f Y\u00f6netim Kurulu \u00dcyeleri ve \u015eube Ba\u015fkanlar\u0131 kat\u0131ld\u0131. &#8220;2019&#8217;dan bu yana Mersin daha [&hellip;]<\/p>\n","protected":false},"author":2,"featured_media":30088,"comment_status":"open","ping_status":"open","sticky":false,"template":"","format":"standard","meta":{"footnotes":""},"categories":[8,2,3,5],"tags":[],"class_list":["post-30087","post","type-post","status-publish","format-standard","has-post-thumbnail","hentry","category-ekonomi","category-gundem","category-manset","category-mersin"],"views":4,"_links":{"self":[{"href":"https:\/\/mersinkadingazetesi.com\/index.php?rest_route=\/wp\/v2\/posts\/30087"}],"collection":[{"href":"https:\/\/mersinkadingazetesi.com\/index.php?rest_route=\/wp\/v2\/posts"}],"about":[{"href":"https:\/\/mersinkadingazetesi.com\/index.php?rest_route=\/wp\/v2\/types\/post"}],"author":[{"embeddable":true,"href":"https:\/\/mersinkadingazetesi.com\/index.php?rest_route=\/wp\/v2\/users\/2"}],"replies":[{"embeddable":true,"href":"https:\/\/mersinkadingazetesi.com\/index.php?rest_route=%2Fwp%2Fv2%2Fcomments&post=30087"}],"version-history":[{"count":0,"href":"https:\/\/mersinkadingazetesi.com\/index.php?rest_route=\/wp\/v2\/posts\/30087\/revisions"}],"wp:featuredmedia":[{"embeddable":true,"href":"https:\/\/mersinkadingazetesi.com\/index.php?rest_route=\/wp\/v2\/media\/30088"}],"wp:attachment":[{"href":"https:\/\/mersinkadingazetesi.com\/index.php?rest_route=%2Fwp%2Fv2%2Fmedia&parent=30087"}],"wp:term":[{"taxonomy":"category","embeddable":true,"href":"https:\/\/mersinkadingazetesi.com\/index.php?rest_route=%2Fwp%2Fv2%2Fcategories&post=30087"},{"taxonomy":"post_tag","embeddable":true,"href":"https:\/\/mersinkadingazetesi.com\/index.php?rest_route=%2Fwp%2Fv2%2Ftags&post=30087"}],"curies":[{"name":"wp","href":"https:\/\/api.w.org\/{rel}","templated":true}]}}