{"id":30090,"date":"2024-01-20T21:22:24","date_gmt":"2024-01-20T18:22:24","guid":{"rendered":"http:\/\/mersinkadingazetesi.com\/?p=30090"},"modified":"2024-01-20T21:22:24","modified_gmt":"2024-01-20T18:22:24","slug":"akdeniz-belediyesi-3-uluslararasi-fotograf-yarismasi-odul-toreni-ve-sergisi-torenle-gerceklesti","status":"publish","type":"post","link":"https:\/\/mersinkadingazetesi.com\/?p=30090","title":{"rendered":"Akdeniz Belediyesi 3. uluslararas\u0131 foto\u011fraf yar\u0131\u015fmas\u0131 \u00f6d\u00fcl t\u00f6reni ve sergisi t\u00f6renle ger\u00e7ekle\u015fti"},"content":{"rendered":"<p>Akdeniz Belediyesi\u2019nin; \u201cD\u00fcnyan\u0131n Foto\u011fraf\u0131 Akdeniz\u2019de\u201d \u00e7a\u011fr\u0131s\u0131yla organize etti\u011fi, d\u00fcnyan\u0131n 70 farkl\u0131 \u00fclkesinden bini a\u015fk\u0131n amat\u00f6r ve profesyonel foto\u011fraf sanat\u00e7\u0131s\u0131n\u0131n birbirinden \u00e7arp\u0131c\u0131 ve etkileyici toplam 9 bin 490 eseriyle kat\u0131ld\u0131\u011f\u0131 3\u2019\u00fcnc\u00fc uluslararas\u0131 foto\u011fraf yar\u0131\u015fmas\u0131 \u00f6d\u00fcl t\u00f6reni ve dereceye giren 55 foto\u011fraftan olu\u015fan muhte\u015fem sergisi g\u00f6rkemli bir t\u00f6renle ger\u00e7ekle\u015fti. <\/p>\n<p>Mersin K\u00fclt\u00fcr Merkezi \u015eeref Salonu\u2019nda d\u00fczenlenen t\u00f6rene, Mersin Milletvekili Havva Sibel S\u00f6ylemez, Akdeniz Belediye Ba\u015fkan\u0131 M. Mustafa G\u00fcltak, Mersinli foto\u011fraf sanat\u00e7\u0131s\u0131 Hulki Muradi, akademisyenler, foto\u011fraf sanat\u00e7\u0131lar\u0131, siyasi parti ve sivil toplum \u00f6rg\u00fct\u00fc temsilcileri, b\u00fcrokratlar, foto\u011fraf severler ile \u00e7ok say\u0131da davetli kat\u0131ld\u0131. T\u00f6renin a\u00e7\u0131l\u0131\u015f\u0131nda s\u00f6z alan Foto\u011fraf Sanat\u00e7\u0131s\u0131 Hulki Muradi; \u201c\u0130lklerin ba\u015fkenti Akdeniz, sosyal d\u00fc\u015f\u00fcnen ve k\u00fclt\u00fcre \u00f6nem veren bir belediye ile \u00e7al\u0131\u015f\u0131yoruz ki bu da bize b\u00fcy\u00fck bir mutluluk ve destek verdi. D\u00fcnyan\u0131n 70 farkl\u0131 \u00fclkesinden bini a\u015fk\u0131n foto\u011fraf\u00e7\u0131n\u0131n 10 bin foto\u011fraf\u0131 bulu\u015ftu. \u00c7in\u2019den Nepal\u2019e, Yunanistan\u2019dan Irak ve \u0130ran\u2019a y\u00fczlerce foto\u011fraf sanat\u00e7\u0131s\u0131 yar\u0131\u015fmam\u0131za kat\u0131ld\u0131, Mersin ve Akdeniz\u2019i d\u00fcnya platformuna ta\u015f\u0131d\u0131\u201d dedi. Yar\u0131\u015fman\u0131n kapan\u0131\u015f\u0131n\u0131 29 Ekim\u2019de yapt\u0131klar\u0131n\u0131 da hat\u0131rlatan Muradi; \u201cCumhuriyetin 100\u2019\u00fcnc\u00fc y\u0131l\u0131n\u0131 kutlad\u0131\u011f\u0131m\u0131z bu y\u0131l \u00e7ok \u00f6nemliydi. Bar\u0131\u015f ve dostluk k\u00f6pr\u00fcleri sanatla at\u0131l\u0131yor. Deste\u011fi yan\u0131m\u0131zda g\u00f6rd\u00fck\u00e7e motive olup cesaret duyuyoruz. Yar\u0131\u015fmaya kat\u0131lan herkesi tebrik ediyor, destek verenlere te\u015fekk\u00fcr ediyorum\u201d diye konu\u015ftu.<\/p>\n<p>\u201cMersin\u2019de bir\u00e7ok ilke ve yenili\u011fe imza att\u0131k\u201d<\/p>\n<p>Akdeniz Belediye Ba\u015fkan\u0131 M. Mustafa G\u00fcltak da t\u00f6rende yapt\u0131\u011f\u0131 konu\u015fmada, Mersin\u2019de bir\u00e7ok ilke imza att\u0131klar\u0131n\u0131 ve bu yar\u0131\u015fman\u0131n da o ilklerden biri oldu\u011funu s\u00f6yledi. Ba\u015fkan G\u00fcltak, ge\u00e7en y\u0131lsonu 4\u2019\u00fcnc\u00fcs\u00fc d\u00fczenlenen Geleneksel Karaduvar Bal\u0131k Festivali, yine Mersin\u2019de ilk kez organize edilen Uluslararas\u0131 Akdeniz Su Sporlar\u0131 Festivali\u2019ni hat\u0131rlatarak; \u201cBenim de mezunu oldu\u011fum ve uzun y\u0131llard\u0131r kaderine terk edilen \u00c7ankaya \u0130lkokulunu yenilemek i\u00e7in \u00e7ok yak\u0131n bir zamanda ihaleye \u00e7\u0131k\u0131yoruz. Akdeniz\u2019de ilk kez et\u00fct merkezini de biz a\u00e7t\u0131k. Gen\u00e7lere y\u00f6nelik e\u011fitim projelerini ilk kez biz ba\u015flatt\u0131k. T\u00fcrkiye\u2019de ilk kez, kanser hastalar\u0131n\u0131 tedavi g\u00f6rd\u00fckleri hastanelere ula\u015ft\u0131rmak i\u00e7in onkob\u00fcs projesini hayata katt\u0131k. Mersin, Akdeniz ve hatta T\u00fcrkiye \u00e7ap\u0131nda bunun gibi bir\u00e7ok ilki yapt\u0131k\u201d ifadelerini kulland\u0131. <\/p>\n<p>\u201cAkdeniz\u2019e fokusland\u0131k\u201d<\/p>\n<p>Kendisinin de bir foto\u011fraf merakl\u0131s\u0131 oldu\u011funu kaydeden Ba\u015fkan G\u00fcltak, ilk 2 y\u0131l uluslararas\u0131 \u00e7apta d\u00fczenledikleri yar\u0131\u015fmay\u0131 bu y\u0131l uluslararas\u0131 arenaya ta\u015f\u0131d\u0131klar\u0131n\u0131 anlatt\u0131. Yar\u0131\u015fmaya kat\u0131lan t\u00fcm foto\u011fraf sanat\u00e7\u0131lar\u0131na te\u015fekk\u00fcr eden Ba\u015fkan Mustafa G\u00fcltak; \u201c\u0130\u015fi, \u00e7ok daha profesyonel, elit ve \u00e7ok daha ses getirici bir hale getirdik. Farkl\u0131 \u00fclkelerden binlerce ki\u015finin kat\u0131ld\u0131\u011f\u0131, amac\u0131 Akdeniz olan, Akdeniz\u2019deki hayat\u0131 ve Akdeniz\u2019i farkl\u0131 y\u00f6nleriyle anlatan foto\u011fraflar\u2026 Fokusland\u0131\u011f\u0131m\u0131z alan oras\u0131yd\u0131. Birbirinden de\u011ferli j\u00fcri \u00fcyelerimiz binlerce foto\u011fraf\u0131 de\u011ferlendirdi. Bug\u00fcn de yar\u0131\u015fmam\u0131z\u0131n \u00f6d\u00fcl t\u00f6reni ve bu foto\u011fraflardan 55 tanesinin yer ald\u0131\u011f\u0131 \u00f6zel bir sergimizi a\u00e7aca\u011f\u0131z\u201d \u015feklinde konu\u015ftu.<\/p>\n<p>\u201c\u00c7aml\u0131bel Su Sporlar\u0131 Merkezi\u2019ni Mersin\u2019e kazand\u0131raca\u011f\u0131z\u201d<\/p>\n<p>S\u00f6zlerini; \u201c\u015eu anda belediye ba\u015fkan\u0131y\u0131m ama ayn\u0131 zamanda aday aday\u0131y\u0131m\u201d diyerek s\u00fcrd\u00fcren Ba\u015fkan G\u00fcltak, \u201cPartim, tensip buyurur bize verirse bu g\u00f6revi, \u00f6n\u00fcm\u00fczdeki d\u00f6nem yapaca\u011f\u0131m\u0131z i\u015flerden en \u00f6nemlisi \u00c7aml\u0131bel Su Sporlar\u0131 Merkezini bitirmek. Proje ihale a\u015famas\u0131na geldi, Cumhurba\u015fkan\u0131m\u0131z imzalad\u0131, yap-i\u015flet-devret modeli ile yak\u0131nda ihaleye \u00e7\u0131kacak. B\u00f6ylelikle yelken ve deniz sporlar\u0131n\u0131n yap\u0131laca\u011f\u0131 bir merkezimiz olacak. Bunlar hep ilk. \u00c7aml\u0131bel de o makus talihini k\u0131racak. B\u00fct\u00fcn bunlar\u0131 bir araya getirdi\u011finizde Mersin ve Akdeniz\u2019in marka de\u011feri art\u0131yor\u201d dedi.<\/p>\n<p>\u201cG\u00f6kteki bir y\u0131ld\u0131z gibi olan Akdeniz\u2019i daha da parlataca\u011f\u0131z\u201d<\/p>\n<p>Yine 2 katl\u0131 ve 7 odal\u0131 tarihi bir Mersin evinin ba\u015ftan sona restore edilerek Akdeniz\u2019e kazand\u0131r\u0131lan \u0130z B\u0131rakanlar M\u00fczesi ile Akdeniz Sanat Galerisine d\u00f6n\u00fc\u015ft\u00fcr\u00fclen tarihi Muhakemat Binas\u0131n\u0131 hat\u0131rlatan Ba\u015fkan Mustafa G\u00fcltak, \u201cAkdeniz art\u0131k k\u00fclt\u00fcrle, sanatla, sporla ve e\u011fitimdeki ba\u015far\u0131lar\u0131yla an\u0131lan biri il\u00e7e haline geldi. Akdeniz\u2019de art\u0131k bar\u0131\u015f, karde\u015flik ve huzur var. Mersin\u2019de YKS ve LGS b\u00f6lge birincileri art\u0131k Akdeniz\u2019den, \u00c7ay Mahallesi\u2019nden \u00e7\u0131k\u0131yor. \u0130\u015fte bu, bizim gen\u00e7lere, kad\u0131nlara, e\u011fitime, sanata, spora ne kadar \u00f6nem verdi\u011fimizin meyveleri. Akdeniz art\u0131k farkl\u0131 olacak. \u00c7\u00fcnk\u00fc Akdeniz yarat\u0131l\u0131\u015ftan farkl\u0131; d\u00fcnyan\u0131n en \u00f6nemli limanlar\u0131ndan biri burada. Siz g\u00f6z\u00fcn\u00fcz\u00fc ne kadar kapat\u0131rsan\u0131z kapat\u0131n, g\u00f6kteki y\u0131ld\u0131zlar kadar parlayan bir il\u00e7emiz var. \u0130n\u015fallah bu y\u0131ld\u0131z\u0131 da daha da parlataca\u011f\u0131z.\u201d<\/p>\n<p>\u201cAkdeniz\u2019in her soka\u011f\u0131nda ger\u00e7ek belediyecili\u011fi g\u00f6r\u00fcyoruz\u201d<\/p>\n<p>Mersin Milletvekili Havva Sibel S\u00f6ylemez ise konu\u015fmas\u0131nda; \u201cAkdeniz il\u00e7emiz, Ba\u015fkan\u0131m\u0131z Say\u0131n Mustafa G\u00fcltak ile beraber klasik belediyecilik anlay\u0131\u015f\u0131ndan \u00e7\u0131karak k\u00fclt\u00fcrel ve sosyal belediyecili\u011fin en g\u00fczel \u00f6rneklerinden biri haline geldi. Say\u0131s\u0131z projeler hayata ge\u00e7irildi, festivaller ve yar\u0131\u015fmalar yap\u0131ld\u0131 ve yap\u0131lmaya devam ediyor. Mersin ve Akdeniz\u2019in tan\u0131t\u0131m\u0131na, belediye ba\u015fkan\u0131m\u0131z\u0131n b\u00fcy\u00fck eme\u011fi var. Kendisine \u00e7ok te\u015fekk\u00fcr ediyorum. Bu g\u00fczel yar\u0131\u015fmay\u0131 d\u00fczenledikleri i\u00e7in de kendisine ve ekibine te\u015fekk\u00fcr ediyorum. Akdeniz\u2019in hangi soka\u011f\u0131na bakarsak ger\u00e7ek belediyecili\u011fi g\u00f6r\u00fcyoruz\u201d ifadelerini kulland\u0131. <\/p>\n<p>Konu\u015fmalar\u0131n ard\u0131ndan t\u00f6ren, plaket ve \u00f6d\u00fcllerin takdimi ile yar\u0131\u015fmaya kat\u0131lan yerli ve yabanc\u0131 foto\u011fraf sanat\u00e7\u0131lar\u0131n\u0131n duygular\u0131n\u0131 payla\u015ft\u0131\u011f\u0131 video g\u00f6sterimi ile devam etti. T\u00f6ren, toplu foto\u011fraf \u00e7ekimi ile sona erdi.<\/p>\n<p>Foto\u011fraf Yar\u0131\u015fmas\u0131 Hakk\u0131nda\u2026<\/p>\n<p>Akdeniz Belediyesi\u2019nin, \u201cD\u00fcnyan\u0131n Foto\u011fraf\u0131 Akdeniz\u2019de\u201d mottosuyla organize etti\u011fi; T\u00fcrkiye Foto\u011fraf Sanat\u0131 Federasyonu (TFSF), Uluslararas\u0131 Foto\u011fraf Sanat\u0131 Federasyonu (FIAP), Uluslararas\u0131 Sanat Foto\u011fraf\u00e7\u0131lar\u0131 Derne\u011fi (IAAP) ve Camera Obscura Soc\u0131ety onayl\u0131 3\u2019\u00fcnc\u00fc uluslararas\u0131 foto\u011fraf yar\u0131\u015fmas\u0131 3 farkl\u0131 kategoride ger\u00e7ekle\u015fti. <\/p>\n<p>70 farkl\u0131 \u00fclkeden bin 21 profesyonel veya amat\u00f6r foto\u011fraf\u00e7\u0131 yar\u0131\u015fmaya; \u201c1\u2019inci Serbest Renkli\u201d; 2\u2019nci \u201cSerbest Siyah-Beyaz\u201d ve 3\u2019\u00fcnc\u00fc olarak da \u201cK\u0131y\u0131larda Ya\u015fam ve Akdeniz ile Mersin Hayat\u0131\u201d kategorilerinde eser g\u00f6nderdi. Yar\u0131\u015fmada her kategoriden 4 foto\u011fraf\u00e7\u0131 1\u2019inci olurken; toplamda 12 foto\u011fraf\u00e7\u0131, FIAP\u2013TFSF-IAAP-Camera Obscura Alt\u0131n Madalya ve 100\u2019er Dolar \u00f6d\u00fcl ald\u0131. <\/p>\n<p>Birbirinden \u00e7arp\u0131c\u0131 karelerin yar\u0131\u015ft\u0131\u011f\u0131 yar\u0131\u015fmada alt\u0131n madalya ve para \u00f6d\u00fcllerini T\u00fcrkiye\u2019den 5; \u00c7in\u2019den 3; Vietnam, Hindistan, \u0130ran ve \u0130spanya\u2019dan da 1\u2019er foto\u011fraf sanat\u00e7\u0131s\u0131 kazand\u0131. J\u00fcrinin de\u011ferlendirmesi sonunda, mansiyon ve \u00f6zel \u00f6d\u00fcllerle birlikte toplam 55 foto\u011fraf \u00f6d\u00fcl almaya lay\u0131k g\u00f6r\u00fcl\u00fcrken, dereceye girenlere toplam bin 200 (1.200) Dolar para \u00f6d\u00fcl\u00fc takdim edildi. Salon Ba\u015fkanl\u0131\u011f\u0131n\u0131, Mersinli Foto\u011fraf Sanat\u00e7\u0131s\u0131 (EFIAP\/d1-PPSA) Say\u0131n Hulki Muradi\u2019nin yapt\u0131\u011f\u0131 j\u00fcri \u00fcyeleri \u015fu isimlerden olu\u015ftu; <\/p>\n<p>Akdeniz Belediyesi K\u00fclt\u00fcr ve Sosyal \u0130\u015fler M\u00fcd\u00fcr\u00fc Ali U\u00e7ar; EFIAP\/GTFSF FIAP Temsilcisi Alperen Akharman; AFIAP \u00dcnvanl\u0131 Foto\u011fraf\u00e7\u0131 Dr. Nizamettin D\u00fczg\u00fcn; ME\u00dc G\u00fczel Sanatlar Fak\u00fcltesi \u00d6\u011fretim \u00dcyesi Prof. Dr. Tuncay Y\u00fcce ve EFIAP Unvanl\u0131 Foto\u011fraf\u00e7\u0131 ve Di\u015f Tabibi Turan Sezer.\u201d<\/p>\n","protected":false},"excerpt":{"rendered":"<p>Akdeniz Belediyesi\u2019nin; \u201cD\u00fcnyan\u0131n Foto\u011fraf\u0131 Akdeniz\u2019de\u201d \u00e7a\u011fr\u0131s\u0131yla organize etti\u011fi, d\u00fcnyan\u0131n 70 farkl\u0131 \u00fclkesinden bini a\u015fk\u0131n amat\u00f6r ve profesyonel foto\u011fraf sanat\u00e7\u0131s\u0131n\u0131n birbirinden \u00e7arp\u0131c\u0131 ve etkileyici toplam 9 bin 490 eseriyle kat\u0131ld\u0131\u011f\u0131 3\u2019\u00fcnc\u00fc uluslararas\u0131 foto\u011fraf yar\u0131\u015fmas\u0131 \u00f6d\u00fcl t\u00f6reni ve dereceye giren 55 foto\u011fraftan olu\u015fan muhte\u015fem sergisi g\u00f6rkemli bir t\u00f6renle ger\u00e7ekle\u015fti. Mersin K\u00fclt\u00fcr Merkezi \u015eeref Salonu\u2019nda d\u00fczenlenen t\u00f6rene, Mersin [&hellip;]<\/p>\n","protected":false},"author":2,"featured_media":30091,"comment_status":"open","ping_status":"open","sticky":false,"template":"","format":"standard","meta":{"footnotes":""},"categories":[34,2,3,5],"tags":[],"class_list":["post-30090","post","type-post","status-publish","format-standard","has-post-thumbnail","hentry","category-flas-haber","category-gundem","category-manset","category-mersin"],"views":8,"_links":{"self":[{"href":"https:\/\/mersinkadingazetesi.com\/index.php?rest_route=\/wp\/v2\/posts\/30090"}],"collection":[{"href":"https:\/\/mersinkadingazetesi.com\/index.php?rest_route=\/wp\/v2\/posts"}],"about":[{"href":"https:\/\/mersinkadingazetesi.com\/index.php?rest_route=\/wp\/v2\/types\/post"}],"author":[{"embeddable":true,"href":"https:\/\/mersinkadingazetesi.com\/index.php?rest_route=\/wp\/v2\/users\/2"}],"replies":[{"embeddable":true,"href":"https:\/\/mersinkadingazetesi.com\/index.php?rest_route=%2Fwp%2Fv2%2Fcomments&post=30090"}],"version-history":[{"count":0,"href":"https:\/\/mersinkadingazetesi.com\/index.php?rest_route=\/wp\/v2\/posts\/30090\/revisions"}],"wp:featuredmedia":[{"embeddable":true,"href":"https:\/\/mersinkadingazetesi.com\/index.php?rest_route=\/wp\/v2\/media\/30091"}],"wp:attachment":[{"href":"https:\/\/mersinkadingazetesi.com\/index.php?rest_route=%2Fwp%2Fv2%2Fmedia&parent=30090"}],"wp:term":[{"taxonomy":"category","embeddable":true,"href":"https:\/\/mersinkadingazetesi.com\/index.php?rest_route=%2Fwp%2Fv2%2Fcategories&post=30090"},{"taxonomy":"post_tag","embeddable":true,"href":"https:\/\/mersinkadingazetesi.com\/index.php?rest_route=%2Fwp%2Fv2%2Ftags&post=30090"}],"curies":[{"name":"wp","href":"https:\/\/api.w.org\/{rel}","templated":true}]}}