{"id":30102,"date":"2024-01-22T13:10:53","date_gmt":"2024-01-22T10:10:53","guid":{"rendered":"http:\/\/mersinkadingazetesi.com\/?p=30102"},"modified":"2024-01-22T13:10:53","modified_gmt":"2024-01-22T10:10:53","slug":"deva-partili-ekmen-thynin-sehir-tanitimlarinda-neden-mersine-yer-verilmedi","status":"publish","type":"post","link":"https:\/\/mersinkadingazetesi.com\/?p=30102","title":{"rendered":"Deva Partili Ekmen: \u201cTHY\u2019nin \u015fehir tan\u0131t\u0131mlar\u0131nda neden Mersin\u2019e yer verilmedi?\u201d"},"content":{"rendered":"<p>DEVA Partisi Genel Ba\u015fkan Yard\u0131mc\u0131s\u0131 ve Mersin Milletvekili Mehmet Emin Ekmen, T\u00fcrk Hava Yollar\u0131\u2019n\u0131n Planet E\u011flence Sistemi\u2019nin T\u00fcrkiye tan\u0131t\u0131m men\u00fcs\u00fcnde Mersin iline \u2018neden yer verilmedi\u011fini\u2019 sordu. Ekmen, soru \u00f6nergesiyle Ula\u015ft\u0131rma ve Altyap\u0131 Bakanl\u0131\u011f\u0131\u2019ndan cevap isterken, Ula\u015ft\u0131rma ve Altyap\u0131 Bakan\u0131 Abd\u00fclkadir Uralo\u011flu ve THY Genel M\u00fcd\u00fcr\u00fc Bilal Ek\u015fi\u2019ye bilgi notu da g\u00f6nderdi.<\/p>\n<p>Ekmen, Mersin\u2019in tarihi ve turistik potansiyelini \u015fu s\u00f6zlerle ifade etti: <\/p>\n<p>\u201cMersin, bir\u00e7ok \u00f6zelli\u011fiyle s\u0131ra d\u0131\u015f\u0131 bir \u015fehirdir: Farkl\u0131 dinler, \u00e7e\u015fitli etnisiteler ve antik miras\u0131 a\u00e7\u0131s\u0131ndan bir inan\u00e7, k\u00fclt\u00fcr ve tarih \u015fehridir. 321 kilometrelik sahili ile T\u00fcrkiye&#8217;nin en uzun sahiline sahip \u015fehridir. Y\u00f6r\u00fck k\u00fclt\u00fcr\u00fcn\u00fc deneyimleme f\u0131rsat\u0131 sunan e\u015fsiz bir yayla turizmi potansiyeline sahiptir. Gastronomi turizmine elveri\u015fli mutfa\u011f\u0131 ve damak tad\u0131yla ayr\u0131 bir zenginli\u011fe sahiptir. \u00c7e\u015fitli adrenalin sporlar\u0131na uygun mekanlara sahip bir \u015fehirdir. Ayr\u0131ca n\u00fcfus ve i\u015fg\u00fcc\u00fc potansiyeli bak\u0131m\u0131ndan \u00f6nde gelen bir b\u00fcy\u00fck\u015fehirdir. \u00d6zetle Mersin; liman\u0131, sahilleri, yaylalar\u0131, zengin mutfa\u011f\u0131, aktiviteleri, i\u015fg\u00fcc\u00fc potansiyeli, tarihi ve k\u00fclt\u00fcrel zenginlikleri ile \u00fclkemizin m\u00fcstesna bir \u015fehridir.\u201d<\/p>\n<p>DEVA Partisi Mersin Milletvekili Mehmet Emin Ekmen, Bakan Uralo\u011flu\u2019na \u015fu sorular\u0131 y\u00f6neltti:<\/p>\n<p>Planet E\u011flence Sisteminde yer verilen il ve il\u00e7eler hangi kriterlere g\u00f6re belirlenmektedir?<br \/>\nZengin tarihi, k\u00fclt\u00fcrel ve turistik potansiyeline ra\u011fmen Mersin ve il\u00e7eleri neden bu sisteme dahil edilmemektedir?<br \/>\nPlanet E\u011flence Sistemine Mersin ve il\u00e7elerinin dahil edilmesi i\u00e7in Bakanl\u0131\u011f\u0131n\u0131z\u0131n nas\u0131l bir giri\u015fimi olabilir?<\/p>\n","protected":false},"excerpt":{"rendered":"<p>DEVA Partisi Genel Ba\u015fkan Yard\u0131mc\u0131s\u0131 ve Mersin Milletvekili Mehmet Emin Ekmen, T\u00fcrk Hava Yollar\u0131\u2019n\u0131n Planet E\u011flence Sistemi\u2019nin T\u00fcrkiye tan\u0131t\u0131m men\u00fcs\u00fcnde Mersin iline \u2018neden yer verilmedi\u011fini\u2019 sordu. Ekmen, soru \u00f6nergesiyle Ula\u015ft\u0131rma ve Altyap\u0131 Bakanl\u0131\u011f\u0131\u2019ndan cevap isterken, Ula\u015ft\u0131rma ve Altyap\u0131 Bakan\u0131 Abd\u00fclkadir Uralo\u011flu ve THY Genel M\u00fcd\u00fcr\u00fc Bilal Ek\u015fi\u2019ye bilgi notu da g\u00f6nderdi. Ekmen, Mersin\u2019in tarihi ve [&hellip;]<\/p>\n","protected":false},"author":2,"featured_media":30103,"comment_status":"open","ping_status":"open","sticky":false,"template":"","format":"standard","meta":{"footnotes":""},"categories":[3,6],"tags":[],"class_list":["post-30102","post","type-post","status-publish","format-standard","has-post-thumbnail","hentry","category-manset","category-siyaset-2"],"views":1,"_links":{"self":[{"href":"https:\/\/mersinkadingazetesi.com\/index.php?rest_route=\/wp\/v2\/posts\/30102"}],"collection":[{"href":"https:\/\/mersinkadingazetesi.com\/index.php?rest_route=\/wp\/v2\/posts"}],"about":[{"href":"https:\/\/mersinkadingazetesi.com\/index.php?rest_route=\/wp\/v2\/types\/post"}],"author":[{"embeddable":true,"href":"https:\/\/mersinkadingazetesi.com\/index.php?rest_route=\/wp\/v2\/users\/2"}],"replies":[{"embeddable":true,"href":"https:\/\/mersinkadingazetesi.com\/index.php?rest_route=%2Fwp%2Fv2%2Fcomments&post=30102"}],"version-history":[{"count":0,"href":"https:\/\/mersinkadingazetesi.com\/index.php?rest_route=\/wp\/v2\/posts\/30102\/revisions"}],"wp:featuredmedia":[{"embeddable":true,"href":"https:\/\/mersinkadingazetesi.com\/index.php?rest_route=\/wp\/v2\/media\/30103"}],"wp:attachment":[{"href":"https:\/\/mersinkadingazetesi.com\/index.php?rest_route=%2Fwp%2Fv2%2Fmedia&parent=30102"}],"wp:term":[{"taxonomy":"category","embeddable":true,"href":"https:\/\/mersinkadingazetesi.com\/index.php?rest_route=%2Fwp%2Fv2%2Fcategories&post=30102"},{"taxonomy":"post_tag","embeddable":true,"href":"https:\/\/mersinkadingazetesi.com\/index.php?rest_route=%2Fwp%2Fv2%2Ftags&post=30102"}],"curies":[{"name":"wp","href":"https:\/\/api.w.org\/{rel}","templated":true}]}}