{"id":30124,"date":"2024-01-23T12:31:38","date_gmt":"2024-01-23T09:31:38","guid":{"rendered":"http:\/\/mersinkadingazetesi.com\/?p=30124"},"modified":"2024-01-23T12:31:38","modified_gmt":"2024-01-23T09:31:38","slug":"deva-partili-ekmen-deva-partisinin-kendisine-olan-guveni-tamdir","status":"publish","type":"post","link":"https:\/\/mersinkadingazetesi.com\/?p=30124","title":{"rendered":"Deva Partili Ekmen: \u201cDEVA Partisi\u2019nin kendisine olan g\u00fcveni tamd\u0131r\u201d"},"content":{"rendered":"<p>DEVA Partisi Genel Ba\u015fkan Yard\u0131mc\u0131s\u0131 ve Mersin Milletvekili Mehmet Emin Ekmen, kat\u0131ld\u0131\u011f\u0131 canl\u0131 yay\u0131n program\u0131nda DEVA Partisi\u2019nin se\u00e7im stratejisine ili\u015fkin a\u00e7\u0131klamalar yaparak, se\u00e7im g\u00fcndemini de\u011ferlendirdi.<\/p>\n<p>Partisinin daha \u00f6nce b\u00fct\u00fcn il ve il\u00e7elerde, b\u00fcy\u00fck\u015fehir ve beldelerde aday a\u00e7\u0131klama y\u00f6n\u00fcnde bir karar ald\u0131\u011f\u0131n\u0131 hat\u0131rlatan Ekmen, \u015fu ana kadar 4\u2019\u00fc b\u00fcy\u00fck\u015fehir ve 10\u2019u il belediyesi olmak \u00fczere 125 noktada aday a\u00e7\u0131klad\u0131klar\u0131 ifade etti. <\/p>\n<p>Ekmen, DEVA Partisi olarak ba\u015fta Genel Ba\u015fkan Ali Babacan olmak \u00fczere t\u00fcm te\u015fkilat mensuplar\u0131n\u0131n kendilerine olan g\u00fcvenlerinin tam oldu\u011funu belirtti.<\/p>\n<p>\u201cSon yerel se\u00e7imlerde vatanda\u015f iktidara sar\u0131 kart g\u00f6sterdi\u201d<\/p>\n<p>2019 Mahalli \u0130dareler Genel Se\u00e7imlerinde vatanda\u015f\u0131n iktidara sar\u0131 kart g\u00f6sterdi\u011fini s\u00f6yleyen Ekmen, bu alternatif aray\u0131\u015f\u0131 neticesinde \u0130stanbul\u2019da Ekrem \u0130mamo\u011flu\u2019nun se\u00e7ildi\u011fini hat\u0131rlatt\u0131. Ekmen, \u00f6n\u00fcm\u00fczdeki se\u00e7imlerde vaziyetin de\u011fi\u015fti\u011fini ve CHP aday\u0131n\u0131n 5 y\u0131ll\u0131k bir tecr\u00fcbe ile se\u00e7menin kar\u015f\u0131s\u0131na ge\u00e7ece\u011fini belirterek; AK Parti aday\u0131 olan Murat Kurum\u2019un ise en uygun aday olarak lanse edilenin aksine yanl\u0131\u015f aday oldu\u011funu ifade etti. Ekmen, iki parti d\u0131\u015f\u0131nda aray\u0131\u015fta olan se\u00e7menin ba\u015fta DEVA Partisi olmak \u00fczere di\u011fer partilere ve adaylara y\u00f6nelece\u011fine inand\u0131\u011f\u0131n\u0131 s\u00f6yledi.<\/p>\n<p>\u201c\u0130stanbul ve Ankara dahil b\u00fct\u00fcn il ve il\u00e7elerle ilgili bir s\u00fcre\u00e7 y\u00fcr\u00fct\u00fcyoruz\u201d<\/p>\n<p>DEVA Partisi olarak se\u00e7ime m\u00fcstakil bir \u015fekilde kat\u0131lma kararlar\u0131n\u0131 ilk a\u00e7\u0131klad\u0131klar\u0131nda yerelde i\u015f birli\u011fine a\u00e7\u0131k kap\u0131 b\u0131rakt\u0131klar\u0131n\u0131 ifade eden Ekmen, genel se\u00e7imlerden bu yana Millet \u0130ttifak\u0131 liderleri aras\u0131nda rutin ziyaretler veya \u00fclkedeki ola\u011fan d\u0131\u015f\u0131 g\u00fcndemler d\u0131\u015f\u0131nda bir ileti\u015fim ger\u00e7ekle\u015fmedi\u011fini hat\u0131rlatarak i\u015f birli\u011fi ihtimallerinin konu\u015fulmad\u0131\u011f\u0131n\u0131 s\u00f6yledi. <\/p>\n<p>Ekmen, \u0130stanbul ba\u015fta olmak \u00fczere DEVA Partisinin \u015fehircilik anlay\u0131\u015f\u0131n\u0131 ve yerelden demokrasiyi g\u00fc\u00e7lendirecek adaylar\u0131n\u0131n haz\u0131r oldu\u011funu ifade etti.<\/p>\n<p>81 ili kazanman\u0131n demokratik bir sonu\u00e7 olmayaca\u011f\u0131n\u0131 ifade eden Ekmen, iktidar partisinin b\u00fct\u00fcn T\u00fcrkiye\u2019yi y\u00f6netme h\u0131rs\u0131yla her t\u00fcrl\u00fc kamu g\u00fcc\u00fcn\u00fc seferber etti\u011fini belirtti. Ekmen, tamamen antidemokratik bir tav\u0131r olan bu motivasyonu tasvip etmedi\u011fini s\u00f6yledi.<\/p>\n<p>\u201cFarkl\u0131 renklerin uyum i\u00e7inde bir arada olmas\u0131 demokrasinin gere\u011fidir\u201d<\/p>\n<p>Ekmen, demokratik d\u00fczlemde y\u00fcr\u00fct\u00fclen siyasetin toplum i\u00e7indeki farkl\u0131 etnik, fikirsel ve \u00e7\u0131kar gruplar\u0131n\u0131n kendi iradesini sand\u0131\u011fa ve y\u00f6netime yans\u0131tmas\u0131 \u015feklinde cereyan etti\u011fini belirterek; aksi bi\u00e7imde davranman\u0131n T\u00fcrkiye\u2019ye zarar verdi\u011fini ifade etti. <\/p>\n<p>Ekmen, T\u00fcrkiye\u2019de demokrasi ve siyasal tolerans zay\u0131flad\u0131\u011f\u0131 i\u00e7in bin bir emekle yeti\u015ftirilen 20 bin doktorun \u00fclkeyi terk etti\u011fini hat\u0131rlatarak; \u201cFarkl\u0131 renklerin uyum i\u00e7inde bir arada olmas\u0131 demokrasinin gere\u011fidir.\u201d dedi.<\/p>\n<p>\u00d6n\u00fcm\u00fczdeki se\u00e7imde \u0130stanbul\u2019da \u00f6nceki gibi referandum benzeri bir se\u00e7im olmayaca\u011f\u0131n\u0131 ifade eden Ekmen, oylar\u0131n di\u011fer partilere da\u011f\u0131laca\u011f\u0131 i\u00e7in %40\u2019\u0131 bulan aday\u0131n se\u00e7ilece\u011fini d\u00fc\u015f\u00fcnd\u00fc\u011f\u00fcn\u00fc s\u00f6yledi.<\/p>\n","protected":false},"excerpt":{"rendered":"<p>DEVA Partisi Genel Ba\u015fkan Yard\u0131mc\u0131s\u0131 ve Mersin Milletvekili Mehmet Emin Ekmen, kat\u0131ld\u0131\u011f\u0131 canl\u0131 yay\u0131n program\u0131nda DEVA Partisi\u2019nin se\u00e7im stratejisine ili\u015fkin a\u00e7\u0131klamalar yaparak, se\u00e7im g\u00fcndemini de\u011ferlendirdi. Partisinin daha \u00f6nce b\u00fct\u00fcn il ve il\u00e7elerde, b\u00fcy\u00fck\u015fehir ve beldelerde aday a\u00e7\u0131klama y\u00f6n\u00fcnde bir karar ald\u0131\u011f\u0131n\u0131 hat\u0131rlatan Ekmen, \u015fu ana kadar 4\u2019\u00fc b\u00fcy\u00fck\u015fehir ve 10\u2019u il belediyesi olmak \u00fczere 125 [&hellip;]<\/p>\n","protected":false},"author":2,"featured_media":30021,"comment_status":"open","ping_status":"open","sticky":false,"template":"","format":"standard","meta":{"footnotes":""},"categories":[3,6],"tags":[],"class_list":["post-30124","post","type-post","status-publish","format-standard","has-post-thumbnail","hentry","category-manset","category-siyaset-2"],"views":2,"_links":{"self":[{"href":"https:\/\/mersinkadingazetesi.com\/index.php?rest_route=\/wp\/v2\/posts\/30124"}],"collection":[{"href":"https:\/\/mersinkadingazetesi.com\/index.php?rest_route=\/wp\/v2\/posts"}],"about":[{"href":"https:\/\/mersinkadingazetesi.com\/index.php?rest_route=\/wp\/v2\/types\/post"}],"author":[{"embeddable":true,"href":"https:\/\/mersinkadingazetesi.com\/index.php?rest_route=\/wp\/v2\/users\/2"}],"replies":[{"embeddable":true,"href":"https:\/\/mersinkadingazetesi.com\/index.php?rest_route=%2Fwp%2Fv2%2Fcomments&post=30124"}],"version-history":[{"count":0,"href":"https:\/\/mersinkadingazetesi.com\/index.php?rest_route=\/wp\/v2\/posts\/30124\/revisions"}],"wp:featuredmedia":[{"embeddable":true,"href":"https:\/\/mersinkadingazetesi.com\/index.php?rest_route=\/wp\/v2\/media\/30021"}],"wp:attachment":[{"href":"https:\/\/mersinkadingazetesi.com\/index.php?rest_route=%2Fwp%2Fv2%2Fmedia&parent=30124"}],"wp:term":[{"taxonomy":"category","embeddable":true,"href":"https:\/\/mersinkadingazetesi.com\/index.php?rest_route=%2Fwp%2Fv2%2Fcategories&post=30124"},{"taxonomy":"post_tag","embeddable":true,"href":"https:\/\/mersinkadingazetesi.com\/index.php?rest_route=%2Fwp%2Fv2%2Ftags&post=30124"}],"curies":[{"name":"wp","href":"https:\/\/api.w.org\/{rel}","templated":true}]}}