{"id":30148,"date":"2024-01-24T12:28:03","date_gmt":"2024-01-24T09:28:03","guid":{"rendered":"http:\/\/mersinkadingazetesi.com\/?p=30148"},"modified":"2024-01-24T12:28:03","modified_gmt":"2024-01-24T09:28:03","slug":"baskan-secer-kent-katilimi-bulusmalari-kapsaminda-emek-orgutleri-ile-bir-araya-geldi","status":"publish","type":"post","link":"https:\/\/mersinkadingazetesi.com\/?p=30148","title":{"rendered":"BA\u015eKAN SE\u00c7ER, &#8216;KENT KATILIMI BULU\u015eMALARI&#8217; KAPSAMINDA EMEK \u00d6RG\u00dcTLER\u0130 \u0130LE B\u0130R ARAYA GELD\u0130"},"content":{"rendered":"<p>Mersin B\u00fcy\u00fck\u015fehir Belediye Ba\u015fkan\u0131 Vahap Se\u00e7er, kat\u0131l\u0131mc\u0131 demokrasi anlay\u0131\u015f\u0131 ile &#8216;Kente S\u00f6z\u00fcm\u00fcz Var&#8217; slogan\u0131yla B\u00fcy\u00fck\u015fehir Belediyesi taraf\u0131ndan d\u00fczenlenen &#8216;Kent Kat\u0131l\u0131m\u0131 Bulu\u015fmalar\u0131&#8217;na devam ediyor.  Ba\u015fkan Se\u00e7er, &#8216;Kente S\u00f6z\u00fcm\u00fcz Var Kent Kat\u0131l\u0131m\u0131 Bulu\u015fmalar\u0131&#8217;n\u0131n 6. serisinde 2. toplant\u0131y\u0131<\/p>\n<p>emek \u00f6rg\u00fctleri olan sendikalar\u0131n ba\u015fkan ve y\u00f6neticileriyle yapt\u0131.<\/p>\n<p>Ger\u00e7ekle\u015ftirilen bulu\u015fmada  sendika ba\u015fkanlar\u0131 ve temsilciler tek tek s\u00f6z alarak Ba\u015fkan Se\u00e7er&#8217;e kent hakk\u0131ndaki taleplerini ve \u00f6nerilerini ilettiler. Se\u00e7er ile fikir al\u0131\u015fveri\u015finde bulunan sendika temsilcileri bu t\u00fcr toplant\u0131lar\u0131n da \u00f6nemli oldu\u011funa vurgu yaparlarken, kendileri ile s\u0131k s\u0131k bir araya gelen Ba\u015fkan Se\u00e7er&#8217;e te\u015fekk\u00fcrlerini ilettiler.<\/p>\n<p>Kongre ve Sergi Saray\u0131 \u00c7ok Ama\u00e7l\u0131 Salon&#8217;da ger\u00e7ekle\u015ftirilen bulu\u015fmada Ba\u015fkan Se\u00e7er&#8217;e; Mersin B\u00fcy\u00fck\u015fehir Belediyesi Genel Sekreteri Olcay Tok ile Mersin Su ve Kanalizasyon \u0130daresi (MESK\u0130) Genel M\u00fcd\u00fcr\u00fc \u0130rfan Korkmaz e\u015flik etti. Toplant\u0131da ayr\u0131ca B\u00fcy\u00fck\u015fehir ve MESK\u0130 b\u00fcrokratlar\u0131, daire ba\u015fkanlar\u0131 ve \u015fube m\u00fcd\u00fcrleri yer ald\u0131.<\/p>\n<p>Se\u00e7er: &#8220;Ele\u015ftiri ve \u00f6neriler bize referans oldu&#8221;<\/p>\n<p>Ba\u015fkan Vahap Se\u00e7er, Kent Kat\u0131l\u0131m\u0131 Bulu\u015fmalar\u0131&#8217;n\u0131n kent y\u00f6netiminde kendilerine \u00e7ok yarar\u0131 oldu\u011fundan s\u00f6z ederek, &#8220;Burada ald\u0131\u011f\u0131m\u0131z ele\u015ftiriler, \u00f6neriler ve yapt\u0131\u011f\u0131m\u0131z iyi i\u015flerdeki onaylar bir sonraki yapaca\u011f\u0131m\u0131z i\u015fler i\u00e7in bize referans oldu, \u00e7ok yard\u0131mc\u0131 oldu. Kent y\u00f6netiminde de b\u00f6yle davranmak bir Ba\u015fkan a\u00e7\u0131s\u0131ndan \u00e7ok olumlu sonu\u00e7lar do\u011furuyor. Her \u015feyden \u00f6nemlisi, &#8216;Her \u015feyin iyisini ben bilirim!&#8217; mant\u0131\u011f\u0131n\u0131n d\u0131\u015f\u0131nda dan\u0131\u015farak, farkl\u0131 fikirleri dinleyerek hareket etmek olumlu sonu\u00e7lar do\u011furuyor&#8221; dedi.<\/p>\n<p>Bir d\u00f6nemi bitirdiklerini ve bu s\u00fcre\u00e7te bu toplant\u0131lara kat\u0131larak, fikirleriyle kendilerine destek veren herkese te\u015fekk\u00fcrlerini ileten Ba\u015fkan Se\u00e7er, ikinci 5 y\u0131ll\u0131k d\u00f6nemlerinde de ayn\u0131 anlay\u0131\u015f ile birlikteliklerinin devam etmesi temennisinde bulundu. Se\u00e7er, &#8220;Hepimiz hep beraber bu 5 y\u0131ldan da ald\u0131\u011f\u0131m\u0131z deneyimlerle \u00e7ok daha g\u00fczel projelere ve vizyon koyabilecek \u00e7al\u0131\u015fmalara imza atar\u0131z. Buna inan\u0131yorum. Bu sadece benim i\u00e7in de\u011fil sizin i\u00e7in de \u00f6nemli. \u00c7\u00fcnk\u00fc daha \u00f6nce Mersin&#8217;de kent y\u00f6netiminde b\u00f6yle bir uygulaman\u0131n olmad\u0131\u011f\u0131n\u0131 biliyorum&#8221; diye konu\u015ftu.<\/p>\n<p>Kent bile\u015fenleri ile beraber olmay\u0131 \u00f6nemsedi\u011finin vurgusunu yapan Se\u00e7er, &#8220;Temsil etti\u011finiz gruplar emek \u00f6rg\u00fctleri. Emek \u00f6rg\u00fctleri ve emek s\u0131n\u0131f\u0131; T\u00fcrkiye&#8217;de en fazla, T\u00fcrkiye&#8217;nin ekonomik, siyasal, toplumsal sorunlar\u0131ndan direkt etkilenen gruplar\u0131n ba\u015f\u0131nda geliyor&#8221; diye konu\u015ftu.<\/p>\n<p>&#8220;Yapt\u0131\u011f\u0131 i\u015fte toplum yarar\u0131 arayan her STK bizden destek ald\u0131&#8221;<\/p>\n<p>Sivil toplum temsilcilerinin s\u00f6zlerini dinledikten sonra konu\u015fma yapan Ba\u015fkan Se\u00e7er, emeklilerin ya\u015fad\u0131\u011f\u0131 ekonomik s\u0131k\u0131nt\u0131 hakk\u0131nda sorumlunun belediye olmamas\u0131na ra\u011fmen ellerinden geleni yapacaklar\u0131n\u0131n alt\u0131n\u0131 \u00e7izdi. Bu sorunlara ili\u015fkin \u00fcrettikleri \u00e7\u00f6z\u00fcmleri anlatan Se\u00e7er, &#8220;Emeklilerin ya\u015fam\u0131n\u0131 kolayla\u015ft\u0131racak baz\u0131 dokunu\u015flar yapt\u0131k. Emekli vatanda\u015f\u0131m\u0131n sosyal hayat\u0131ndan ekonomik hayat\u0131na kadar bir\u00e7ok konuya e\u011filmek i\u00e7in Belediye olarak emeklilerimizle ilgili projeleri Sosyal Hizmetler Dairesi Ba\u015fkanl\u0131\u011f\u0131 y\u00fcr\u00fct\u00fcyor. Bu konuda baz\u0131 \u00e7al\u0131\u015fmalar\u0131m\u0131z var. Emekli Evi bunlardan bir tanesi. Sadece Mezitli, Yeni\u015fehir&#8217;de de\u011fil, Emekli Evi&#8217;miz bir\u00e7ok yerde var. Toroslar, Halkent, Tarsus&#8217;ta var ve Anamur&#8217;da da yeni bitti, a\u00e7\u0131yoruz. Biz bunu yayg\u0131nla\u015ft\u0131r\u0131yoruz, m\u00fcmk\u00fcn oldu\u011funca da art\u0131raca\u011f\u0131z&#8221; dedi.<\/p>\n<p>&#8220;1 TL demek herkese dokunmak demek&#8221;<\/p>\n<p>\u00d6\u011frencilerin Mersin&#8217;de toplu ta\u015f\u0131may\u0131 1 TL&#8217;ye kulland\u0131klar\u0131ndan s\u00f6z eden Ba\u015fkan Se\u00e7er, bu hizmetin asl\u0131nda topumun t\u00fcm kesimlerine dokunmak oldu\u011funu vurgulad\u0131. Se\u00e7er, &#8220;1 TL demek herkese dokunmak demek. \u00d6\u011frenciye \u00e7ok daha fazla indirim yapmak, hem \u00f6\u011fretmene hem belediye i\u015f\u00e7isine hem sanayide ya da tar\u0131mda \u00e7al\u0131\u015fan bir i\u015f\u00e7iye dokunmak demektir. Biz onun i\u00e7in \u00f6\u011frenci \u00f6ncelikli indirimler yapt\u0131k. Bir belediye ba\u015fkan\u0131, toplu ta\u015f\u0131ma, su fiyatlar\u0131 ya da \u00fccret kar\u015f\u0131l\u0131\u011f\u0131 belediyenin verdi\u011fi hizmetlerde y\u00fcksek fiyat\u0131 arzu etmez. Onun i\u00e7in m\u00fcsterih olun. Ben kamu hizmeti yap\u0131yorum&#8221; ifadelerini kulland\u0131.<\/p>\n<p>&#8220;Metroyu bitirece\u011fim&#8221;<\/p>\n<p>Metro Projesi hakk\u0131nda bilgi veren ve B\u00fcy\u00fck\u015fehir Belediyesi olarak kredi onay\u0131n\u0131n tam olarak 2 y\u0131l bekletildi\u011finden s\u00f6z eden Se\u00e7er, &#8220;Biz kredi aray\u0131\u015f\u0131na \u00e7\u0131kt\u0131k. \u0130lk etapta imzalansa Euro 9 lirayd\u0131. O zaman para \u00e7ok rahat bulunuyordu. \u015eimdi para bulunmuyor ama biz bulduk. Benim ikinci d\u00f6nemde Mersin halk\u0131na verece\u011fim s\u00f6z; &#8216;metroyu bitirece\u011fim.&#8217; &#8221; diye konu\u015ftu.<\/p>\n<p>&#8220;M\u00fcft\u00fc Deresi&#8217;ne muazzam bir proje haz\u0131rl\u0131yoruz&#8221;<\/p>\n<p>M\u00fcft\u00fc Deresi&#8217;nde ger\u00e7ekle\u015ftirdikleri \u00e7al\u0131\u015fmalar\u0131 anlatan Se\u00e7er, \u0131slah \u00e7al\u0131\u015fmalar\u0131n\u0131n DS\u0130&#8217;ye ait oldu\u011funu, B\u00fcy\u00fck\u015fehir&#8217;in ise M\u00fcft\u00fc Deresi Ya\u015fam Vadisi Projesi&#8217;ni hayata ge\u00e7irece\u011fini ve derenin oldu\u011fu b\u00f6lgeyi canland\u0131racaklar\u0131n\u0131 kaydetti. Se\u00e7er, &#8220;Oraya muazzam bir proje haz\u0131rl\u0131yoruz. Dedim ki &#8216;Bu konuda T\u00fcrkiye&#8217;de en iyi kimse bulal\u0131m, gelsin bize bir sunum yaps\u0131n, projemizi de o yaps\u0131n.&#8217; Buray\u0131 iyi bir g\u00f6z inceler, iyi bir kalem yazar \u00e7izerse insanlar\u0131n vakit ge\u00e7irece\u011fi muazzam bir alan olur.  D\u00fcnyada \u00f6rnekleri \u00e7ok&#8221; dedi. Sahilde yap\u0131lan hizmetlerden de s\u00f6z eden Se\u00e7er, sahilleri ranta de\u011fil halka a\u00e7t\u0131klar\u0131n\u0131n alt\u0131n\u0131 \u00e7izerek, &#8220;\u015eu anda sahil i\u015fletmecilerin elinde olabilirdi. Ama \u015fimdi oralar halk\u0131n. O k\u00fct\u00fcphaneyi de kimse oraya yapmaz, koca bir restoran yapar, bir de yolda\u015f\u0131na verirdi. Di\u011fer taraf\u0131 da nik\u00e2h salonu yapt\u0131k, oras\u0131 da restorand\u0131. Halk gelsin, sahilde nik\u00e2h k\u0131ys\u0131n istedik&#8221; ifadelerine yer verdi.<\/p>\n<p>&#8220;Kent genelinde 12 adet k\u00fct\u00fcphaneyi hizmete a\u00e7t\u0131k&#8221;<\/p>\n<p>Sahilde Mersin \u0130dman Yurdu Meydan\u0131 ile Hilton Otel aras\u0131nda bir k\u00fct\u00fcphane daha yapacaklar\u0131n\u0131 s\u00f6yleyen Se\u00e7er, &#8220;Bakanl\u0131k bir t\u00fcrl\u00fc imzay\u0131 atm\u0131yor. Oras\u0131 bizim, yasa gere\u011fi oray\u0131 bize devretmesi laz\u0131m. Zaman\u0131nda yapmam\u0131\u015flar. \u015eu anda ihaleye \u00e7\u0131kam\u0131yorum. \u00c7\u00f6zmeye \u00e7al\u0131\u015f\u0131yorum&#8221; dedi. Kent genelinde de 12 adet k\u00fct\u00fcphaneyi hizmete a\u00e7t\u0131klar\u0131n\u0131 vurgulayan Se\u00e7er, &#8220;Tarsus&#8217;tan Anamur&#8217;a kadar her b\u00f6lgede bu faaliyetlerin daha da artaca\u011f\u0131n\u0131 \u00f6n\u00fcm\u00fczdeki 5 y\u0131lda g\u00f6receksiniz&#8221; diye konu\u015ftu. E\u011fitime b\u00fcy\u00fck \u00f6nem verdiklerine dikkat \u00e7eken Se\u00e7er, &#8220;Dershanelerimizde 7 bin \u00f6\u011frencimiz, 350 e\u011fitmenimiz var. Bizim dershanelerimize devam eden \u00fcniversiteye girecek her \u00e7ocu\u011fun s\u0131nav bedeli bizim taraf\u0131m\u0131zdan \u00f6denir. Mersin&#8217;de \u00fcniversiteyi kazanan her \u00f6\u011frencinin \u00f6n lisans-lisans, beyana tabii, gelir testine tabii olmadan y\u0131ll\u0131k e\u011fitim yard\u0131m\u0131 yap\u0131l\u0131r&#8221; ifadelerine yer verdi.<\/p>\n<p>&#8220;Bizim yol yap\u0131mlar\u0131m\u0131z h\u0131zl\u0131d\u0131r&#8221;<\/p>\n<p>B\u00fcy\u00fck\u015fehir&#8217;in yol \u00e7al\u0131\u015fmalar\u0131n\u0131n \u00e7ok takdir toplad\u0131\u011f\u0131ndan bahseden Se\u00e7er,  &#8220;Bir hafta \u00f6nce \u0130smet \u0130n\u00f6n\u00fc Bulvar\u0131&#8217;na ba\u015flad\u0131k, Liman Caddesi ya\u011fmur suyu dahil haftaya bitiyor. Oras\u0131 2 bu\u00e7uk kilometre. Bizim yol yap\u0131mlar\u0131m\u0131z h\u0131zl\u0131d\u0131r&#8221; diye konu\u015ftu. Tarsus&#8217;taki Prestij Cadde yap\u0131m\u0131ndan da s\u00f6z eden Se\u00e7er, &#8220;Oran\u0131n altyap\u0131s\u0131n\u0131 de\u011fi\u015ftirdik. \u015eimdi 3.-4. \u00c7evre Yolu&#8217;nu bir kilometrelik yeni, 35 metrelik bulvarla \u00dcniversite Caddesi&#8217;ne ba\u011fl\u0131yoruz. Tam 980 metre ve Mart sonuna kadar da bitirecekler. Gece-g\u00fcnd\u00fcz \u00e7al\u0131\u015f\u0131yorlar. Bak\u0131n 1 kilometrelik yeni bulvar\u0131 Belediye size 2 ayda a\u00e7\u0131yor. Bunlar \u00e7ok \u00f6nemli. Yol konusunda dikkatli \u00e7al\u0131\u015f\u0131yoruz&#8221; ifadelerini kulland\u0131.<\/p>\n<p>Bir viyad\u00fck \u00e7al\u0131\u015fmalar\u0131n\u0131n da oldu\u011fundan bahseden Se\u00e7er, ekiplerin ikonik bir proje \u00fczerinde \u00e7al\u0131\u015ft\u0131klar\u0131n\u0131n da duyurusunu yapt\u0131. Se\u00e7er, &#8220;\u015eehirlerde, \u00f6zellikle de denizi olan \u015fehirlerde, mesela nas\u0131l bo\u011faz k\u00f6pr\u00fcs\u00fc varsa burada da; &#8216;b\u00f6yle bir viyad\u00fck olabilir mi?&#8217; diye d\u00fc\u015f\u00fcnd\u00fck. O tabi maliyetli bir i\u015f. ama yine yapaca\u011f\u0131z&#8221; dedi.<\/p>\n<p>Se\u00e7er, MEDEKA ve TADEKA&#8217;y\u0131 anlatt\u0131: &#8220;Kat\u0131l\u0131mc\u0131 demokrasi dedi\u011fimiz bu&#8221;<\/p>\n<p>MEDEKA ve TADEKA&#8217;lar\u0131n da kent i\u00e7in \u00f6nemine de\u011finen Se\u00e7er, bu kurullar\u0131n \u00e7ok anlam ifade etti\u011fini s\u00f6yledi. Se\u00e7er, &#8220;Mersin&#8217;e ait kim varsa, ne varsa hepsi burada. Bu festivallerde ne olaca\u011f\u0131na ili\u015fkin biz karar vermiyoruz, MEDEKA veriyor. Kat\u0131l\u0131mc\u0131 demokrasi dedi\u011fimiz bu. Bizde 13 kurul var. Edebiyattan arkeolojiye, tarihe, kent belle\u011fine, spora kadar bir\u00e7ok konuda orada kurullar var. Tan\u0131d\u0131\u011f\u0131n\u0131z isimler, bu konuda Mersin&#8217;in en iyileri ve bural\u0131lar&#8221; diye konu\u015ftu.<\/p>\n<p>&#8220;Sosyal konut benim en b\u00fcy\u00fck projelerimden biri&#8221;<\/p>\n<p>Sosyal konut projesinin en b\u00fcy\u00fck projelerinden birisi oldu\u011funu s\u00f6yleyen Se\u00e7er, &#8220;T\u00fcrkiye&#8217;de bir ilk olaca\u011f\u0131 i\u00e7in \u00e7ok \u00f6nemsiyorum. Yurt d\u0131\u015f\u0131nda bu modeller var. Belediyenin evleri olur, kiraya verir. Belki bin konut yap\u0131yoruz, 500 sataca\u011f\u0131z, 500&#8217;\u00fcn\u00fc de kiraya verece\u011fiz. Uzun m\u00fcddet kiralan\u0131r ve insanlar sosyal konutlarda daha iyi \u015fartlarda, daha g\u00fczel olanaklar\u0131n oldu\u011fu, daha uygun fiyatlarla ya\u015famlar\u0131n\u0131 idame ettirir&#8221; dedi.<\/p>\n<p>&#8220;5 y\u0131ld\u0131r soka\u011fa rahat \u00e7\u0131kabiliyorsam personelin sayesinde&#8221;<\/p>\n<p>5 y\u0131l boyunca hayata ge\u00e7irdikleri projeler ve Mersin halk\u0131na sunduklar\u0131 hizmetleri B\u00fcy\u00fck\u015fehir&#8217;in 11 bin \u00e7al\u0131\u015fan\u0131yla birlikte yapt\u0131klar\u0131n\u0131 vurgulayan Se\u00e7er, &#8220;T\u00fcm \u00e7al\u0131\u015fanlar\u0131ma da te\u015fekk\u00fcr ediyorum. 5 y\u0131ld\u0131r ben soka\u011fa rahat \u00e7\u0131kabiliyorsam bu insanlar\u0131n sayesinde&#8221; diye konu\u015ftu.<\/p>\n<p>B\u00fcy\u00fck\u015fehir&#8217;in hayata ge\u00e7irece\u011fi yat\u0131r\u0131mlardan da s\u00f6z eden Se\u00e7er, bu yat\u0131r\u0131mlar kapsam\u0131nda ald\u0131klar\u0131 kredi ve hibeleri aktard\u0131. Se\u00e7er, &#8220;EBRD&#8217;den 70.3 milyonu hibe olmak \u00fczere 156 milyon avro kredi ald\u0131k. Bug\u00fcn de IFC ile 35 milyon avroluk niyet mektubunu imzalad\u0131k, kesinle\u015fti&#8221; ifadelerine yer verdi. Mezitli i\u00e7me suyu \u015febekesini de yenileyeceklerini belirten Se\u00e7er, &#8220;Ay\u0131n 9&#8217;unda ihalesine \u00e7\u0131k\u0131yoruz. Mezitli&#8217;nin o eski ve demode olmu\u015f i\u00e7me suyu \u015febekesini tamamen de\u011fi\u015ftirece\u011fiz&#8221; dedi.<\/p>\n<p>&#8220;Bu se\u00e7imde bana katk\u0131n\u0131z ve deste\u011finiz \u00f6nemli&#8221;<\/p>\n<p>Toplant\u0131n\u0131n olduk\u00e7a verimli ge\u00e7ti\u011fini belirtti\u011fi konu\u015fmas\u0131n\u0131n son b\u00f6l\u00fcm\u00fcnde, dile getirilen konu\u015fmalardan kendisinin Ba\u015fkanl\u0131k g\u00f6revinden emek \u00f6rg\u00fct\u00fc temsilcilerinin memnuniyetini g\u00f6zlemledi\u011fini ifade eden Se\u00e7er, &#8220;Se\u00e7imlere gidiyoruz. Uygulamalar\u0131ma pozitif bakan, Belediye Ba\u015fkanl\u0131\u011f\u0131m\u0131n bu kent i\u00e7in yararl\u0131 olaca\u011f\u0131n\u0131 d\u00fc\u015f\u00fcnen arkada\u015flar\u0131ma sesleniyorum; bu se\u00e7imde bana katk\u0131n\u0131z ve deste\u011finiz \u00f6nemli&#8221; dedi.<\/p>\n<p>&#8220;Bu \u00fclkeyi hepimiz seviyoruz&#8221;<\/p>\n<p>Mersin B\u00fcy\u00fck\u015fehir Belediye Ba\u015fkan\u0131 olarak 5 y\u0131ll\u0131k g\u00f6rev s\u00fcresinde \u00e7ok b\u00fcy\u00fck olumsuzluklar ya\u015fad\u0131\u011f\u0131na dikkat \u00e7eken Se\u00e7er, pandemi, deprem, yang\u0131n, sel, siyasal \u00e7alkant\u0131lar ve ekonomik krizler ya\u015fad\u0131klar\u0131n\u0131 belirterek &#8220;Bu \u00fclkeyi hepimiz seviyoruz. Herkes kendi a\u00e7\u0131s\u0131ndan seviyor ama birbirimizin g\u00f6r\u00fc\u015f\u00fcne kat\u0131lmak zorunda de\u011filiz. \u015eahs\u0131na sayg\u0131 duyar\u0131z, g\u00f6r\u00fc\u015f\u00fcne kat\u0131lmay\u0131z. Ben se\u00e7ildikten sonra herkesin belediye ba\u015fkan\u0131 olmak i\u00e7in sadece s\u00f6ylemde de\u011fil, \u00f6z\u00fcnde de b\u00f6yle hareket ettim&#8221; diye konu\u015ftu.<\/p>\n<p>&#8220;Herkese e\u015fit hizmet gitti&#8221;<\/p>\n<p>Geride kalan 5 y\u0131ll\u0131k s\u00fcre i\u00e7erisinde en rahat gitti\u011fi yerlerin Bat\u0131 il\u00e7eleri oldu\u011funu dile getiren Se\u00e7er, &#8220;Yani partimin ve benim oy oran\u0131m\u0131n d\u00fc\u015f\u00fck oldu\u011fu yerler. Siyasal olarak benim d\u00fcnya g\u00f6r\u00fc\u015f\u00fcmden ayr\u0131 olan yerler. En rahat oralara gidiyor, en fazla s\u0131cak ilgiyi de oradan g\u00f6r\u00fcyorum. \u00c7\u00fcnk\u00fc onlar; &#8216;Oy vermedik bu b\u00f6lgelere hizmet gelmeyecek&#8217; zannettiler, aksine herkese e\u015fit hizmet gitti. O y\u00f6nden de vicdanen rahat\u0131m ve m\u00fcsterihim&#8221; ifadelerini kulland\u0131.  <\/p>\n<p>&#8220;\u0130deolojik farkl\u0131l\u0131klar\u0131 bir kenara b\u0131rak\u0131p bir belediye ba\u015fkan\u0131 herkesin g\u00f6nl\u00fcne girebilir&#8221;<\/p>\n<p>5 y\u0131ll\u0131k s\u00fcreyi \u00e7ok yo\u011fun bir \u00e7al\u0131\u015fma temposu ile tamamlad\u0131klar\u0131n\u0131n alt\u0131n\u0131 \u00e7izen Se\u00e7er, 31 Mart 2024 tarihinde yap\u0131lacak se\u00e7imlerden kazanan taraf olarak ayr\u0131laca\u011f\u0131na y\u00fcrekten inand\u0131\u011f\u0131n\u0131 kaydetti. Ba\u015fkan Se\u00e7er \u015funlar\u0131 s\u00f6yledi:<\/p>\n<p>&#8220;\u0130nan\u00e7tan \u00f6te bilimsel olarak d\u00fc\u015f\u00fcnd\u00fc\u011f\u00fcm ve \u00f6l\u00e7\u00fcmleri inceledi\u011fim, halk\u0131n aras\u0131nda bir insan olarak insanlarla konu\u015fup onu hissetti\u011fim zaman, bu se\u00e7imi alaca\u011f\u0131m\u0131z\u0131 g\u00f6r\u00fcyorum. T\u00fcrkiye&#8217;ye ideolojik farkl\u0131l\u0131klar\u0131 bir kenara b\u0131rak\u0131p bir belediye ba\u015fkan\u0131n\u0131n herkesin g\u00f6nl\u00fcne girebilece\u011fini ispat edece\u011fiz. Bak\u0131n bunu sand\u0131kta g\u00f6rece\u011fiz. T\u00fcrkiye&#8217;de bu anlamda da bir \u015feylerin de\u011fi\u015febilece\u011fini Mersin halk\u0131 olarak g\u00f6stereceklerine inan\u0131yorum.&#8221;<\/p>\n<p>Pala: &#8220;Demokrasi ancak b\u00f6yle hayata ge\u00e7irilir&#8221;<\/p>\n<p>Sivil toplum kurulu\u015flar\u0131n\u0131n dilek ve isteklerini y\u00f6neticilere iletmesi ad\u0131na bu toplant\u0131lar\u0131n \u00e7ok \u00f6nemli oldu\u011funu vurgulayan T\u00fcm Emeklilerin Sendikas\u0131 Tarsus \u015eube Ba\u015fkan\u0131 H\u00fcseyin Pala, &#8220;Hatta mahalle, il\u00e7e ve halk toplant\u0131lar\u0131 olmal\u0131 ki insanlar kendi sorunlar\u0131n\u0131 olduklar\u0131 yerden, yerelden duyurmal\u0131. \u00c7ok g\u00fczel bir uygulama, sivil toplum kurulu\u015flar\u0131 ile toplanmas\u0131 da demokrasiye yak\u0131\u015f\u0131r, Say\u0131n Vahap Se\u00e7er&#8217;e de yak\u0131\u015f\u0131r bir uygulama. Cumhuriyet, demokrasi ancak b\u00f6yle hayata ge\u00e7irilir&#8221; diye konu\u015ftu.<\/p>\n<p>G\u00f6\u00e7men: &#8220;Vahap Ba\u015fkan iyi bir belediyecilik yapt\u0131&#8221;<\/p>\n<p>B\u00fcro Emek\u00e7ileri Sendikas\u0131 Mersin \u015eube Ba\u015fkan\u0131 ve KESK \u015eubeler Platformu D\u00f6nem S\u00f6zc\u00fcs\u00fc Kemal G\u00f6\u00e7men, bu tip bulu\u015fmalar\u0131n \u00e7ok \u00f6nemli ve de\u011ferli oldu\u011funun alt\u0131n\u0131 \u00e7izerek, &#8220;\u00c7\u00fcnk\u00fc kentin sorunlar\u0131n\u0131 kentte en \u00e7ok ya\u015fayanlar bilir ve onlar\u0131 dile getirenlerin de onlar olmas\u0131 laz\u0131m. Bu a\u00e7\u0131dan da bu toplant\u0131lar\u0131n \u00f6nemi \u00e7ok b\u00fcy\u00fck. Muhalefet partilerine siyasal iktidar\u0131n bak\u0131\u015f a\u00e7\u0131s\u0131n\u0131 da biliyoruz. Bu zorluklara ra\u011fmen Vahap Ba\u015fkan iyi bir belediyecilik yapt\u0131. Hizmetleri iyiydi&#8221; dedi.<\/p>\n<p>Demirkol: &#8220;Bu tarz bulu\u015fmalar\u0131n yenilenme ve geli\u015fme ad\u0131na bir\u00e7ok konunun \u00f6n\u00fcn\u00fc a\u00e7abilece\u011fini d\u00fc\u015f\u00fcn\u00fcyorum&#8221;<\/p>\n<p>Birle\u015fik Kamu \u0130\u015f Konfederasyonu&#8217;na ba\u011fl\u0131 Genel Sa\u011fl\u0131k \u0130\u015f Mersin \u015eube Ba\u015fkan\u0131 Meryem Demirkol, B\u00fcy\u00fck\u015fehir Belediyesi&#8217;nin bu tip toplant\u0131lara b\u00fcy\u00fck \u00f6nem verdi\u011finden s\u00f6z ederek, &#8220;Bakt\u0131\u011f\u0131m\u0131zda, bu tarz bulu\u015fmalar\u0131n birtak\u0131m sorunlar\u0131 ya da sorun yoksa da yenilenme ve geli\u015fme ad\u0131na bir\u00e7ok konunun da \u00f6n\u00fcn\u00fc a\u00e7abilece\u011fini d\u00fc\u015f\u00fcn\u00fcyorum. Gen\u00e7lere de \u00f6rnek olabilece\u011fimizi d\u00fc\u015f\u00fcn\u00fcyorum. Kentin y\u00f6netimi ad\u0131na sivil toplum kurulu\u015flar\u0131 halktan gelen bilgilerle belediye ile k\u00f6pr\u00fc g\u00f6revi g\u00f6r\u00fcyor&#8221; diye konu\u015ftu.<\/p>\n<p>G\u00f6ksoy: &#8220;Toplumun ya\u015fam bi\u00e7imi, talepleri, istemleri bu t\u00fcr toplant\u0131larla ortaya \u00e7\u0131kar&#8221;<\/p>\n<p>Kentin dinamikleri olarak b\u00f6yle toplant\u0131lar\u0131 k\u0131ymetli g\u00f6rd\u00fcklerini s\u00f6yleyen D\u0130SK Genel \u0130\u015f Sendikas\u0131 Mersin \u015eube Ba\u015fkan\u0131 Kemal G\u00f6ksoy, &#8220;Toplumun ya\u015fam bi\u00e7imi, talepleri, istemleri bu t\u00fcr toplant\u0131larla ortaya \u00e7\u0131kar. Bu hem sivil toplum \u00f6rg\u00fctlerinin hem demokratik kitle \u00f6rg\u00fctlerinin taleplerini a\u00e7\u0131\u011fa \u00e7\u0131karan hem de belediye ba\u015fkan\u0131yla olan diyalo\u011fun kente olan \u00f6nerilerin a\u00e7\u0131\u011fa \u00e7\u0131kaca\u011f\u0131 gibi b\u00fct\u00fcnle\u015fmeyi de ortaya \u00e7\u0131kar\u0131r&#8221; dedi. Ba\u015fkan Se\u00e7er&#8217;in hi\u00e7bir ayr\u0131m yapmadan sivil toplumun t\u00fcm kesimleri ile g\u00f6r\u00fc\u015ft\u00fc\u011f\u00fcne dikkat \u00e7eken G\u00f6ksoy, &#8220;Bu hem kentimiz hem kurumlar ve Mersin halk\u0131 a\u00e7\u0131s\u0131ndan \u00e7ok b\u00fcy\u00fck \u00f6nem arz ediyor. O y\u00fczden Say\u0131n Vahap Se\u00e7er&#8217;i kutluyoruz, ba\u015far\u0131lar\u0131n\u0131n devam\u0131n\u0131 diliyoruz. Her zaman oldu\u011fu gibi bu d\u00f6nemde atm\u0131\u015f oldu\u011fu imzalar\u0131n arkas\u0131nday\u0131z ve daha b\u00fcy\u00fck i\u015flere ve projelere imza ataca\u011f\u0131m\u0131za deste\u011fimiz ve inanc\u0131m\u0131z tamd\u0131r&#8221; s\u00f6zlerine yer verdi.<\/p>\n","protected":false},"excerpt":{"rendered":"<p>Mersin B\u00fcy\u00fck\u015fehir Belediye Ba\u015fkan\u0131 Vahap Se\u00e7er, kat\u0131l\u0131mc\u0131 demokrasi anlay\u0131\u015f\u0131 ile &#8216;Kente S\u00f6z\u00fcm\u00fcz Var&#8217; slogan\u0131yla B\u00fcy\u00fck\u015fehir Belediyesi taraf\u0131ndan d\u00fczenlenen &#8216;Kent Kat\u0131l\u0131m\u0131 Bulu\u015fmalar\u0131&#8217;na devam ediyor. Ba\u015fkan Se\u00e7er, &#8216;Kente S\u00f6z\u00fcm\u00fcz Var Kent Kat\u0131l\u0131m\u0131 Bulu\u015fmalar\u0131&#8217;n\u0131n 6. serisinde 2. toplant\u0131y\u0131 emek \u00f6rg\u00fctleri olan sendikalar\u0131n ba\u015fkan ve y\u00f6neticileriyle yapt\u0131. Ger\u00e7ekle\u015ftirilen bulu\u015fmada sendika ba\u015fkanlar\u0131 ve temsilciler tek tek s\u00f6z alarak Ba\u015fkan Se\u00e7er&#8217;e [&hellip;]<\/p>\n","protected":false},"author":2,"featured_media":30149,"comment_status":"open","ping_status":"open","sticky":false,"template":"","format":"standard","meta":{"footnotes":""},"categories":[8,2,3,5],"tags":[],"class_list":["post-30148","post","type-post","status-publish","format-standard","has-post-thumbnail","hentry","category-ekonomi","category-gundem","category-manset","category-mersin"],"views":2,"_links":{"self":[{"href":"https:\/\/mersinkadingazetesi.com\/index.php?rest_route=\/wp\/v2\/posts\/30148"}],"collection":[{"href":"https:\/\/mersinkadingazetesi.com\/index.php?rest_route=\/wp\/v2\/posts"}],"about":[{"href":"https:\/\/mersinkadingazetesi.com\/index.php?rest_route=\/wp\/v2\/types\/post"}],"author":[{"embeddable":true,"href":"https:\/\/mersinkadingazetesi.com\/index.php?rest_route=\/wp\/v2\/users\/2"}],"replies":[{"embeddable":true,"href":"https:\/\/mersinkadingazetesi.com\/index.php?rest_route=%2Fwp%2Fv2%2Fcomments&post=30148"}],"version-history":[{"count":0,"href":"https:\/\/mersinkadingazetesi.com\/index.php?rest_route=\/wp\/v2\/posts\/30148\/revisions"}],"wp:featuredmedia":[{"embeddable":true,"href":"https:\/\/mersinkadingazetesi.com\/index.php?rest_route=\/wp\/v2\/media\/30149"}],"wp:attachment":[{"href":"https:\/\/mersinkadingazetesi.com\/index.php?rest_route=%2Fwp%2Fv2%2Fmedia&parent=30148"}],"wp:term":[{"taxonomy":"category","embeddable":true,"href":"https:\/\/mersinkadingazetesi.com\/index.php?rest_route=%2Fwp%2Fv2%2Fcategories&post=30148"},{"taxonomy":"post_tag","embeddable":true,"href":"https:\/\/mersinkadingazetesi.com\/index.php?rest_route=%2Fwp%2Fv2%2Ftags&post=30148"}],"curies":[{"name":"wp","href":"https:\/\/api.w.org\/{rel}","templated":true}]}}