{"id":30160,"date":"2024-01-24T18:29:59","date_gmt":"2024-01-24T15:29:59","guid":{"rendered":"http:\/\/mersinkadingazetesi.com\/?p=30160"},"modified":"2024-01-24T18:30:10","modified_gmt":"2024-01-24T15:30:10","slug":"her-zaman-idealleri-ve-onuru-icin-yasadi","status":"publish","type":"post","link":"https:\/\/mersinkadingazetesi.com\/?p=30160","title":{"rendered":"&#8216;Her zaman idealleri ve onuru i\u00e7in ya\u015fad\u0131&#8217;"},"content":{"rendered":"<p>CHP Mersin \u0130l Ba\u015fkanl\u0131\u011f\u0131, Demokrasi ve Bas\u0131n \u015eehidi U\u011fur Mumcu\u2019nun \u00f6l\u00fcm y\u0131ld\u00f6n\u00fcm\u00fcnde anma program\u0131 ger\u00e7ekle\u015ftirdi. Programa CHP Mersin \u0130l Ba\u015fkan\u0131 Koral \u00d6m\u00fcr, Mezitli Belediyesi Ba\u015fkan Aday\u0131 Ahmet Serkan Tuncer, Atat\u00fcrk\u00e7\u00fc D\u00fc\u015f\u00fcnce Derne\u011fi Mersin \u015eube Ba\u015fkan\u0131 Serdar Erkan ve Mersin Barosu Eski Ba\u015fkan\u0131 Bilgin Ye\u015filbo\u011faz kat\u0131ld\u0131.<\/p>\n<p>CHP Mersin \u0130l Ba\u015fkan\u0131 Koral \u00d6m\u00fcr programda bir bas\u0131n a\u00e7\u0131klamas\u0131 ger\u00e7ekle\u015ftirdi. U\u011fur Mumcu\u2019nun \u00f6l\u00fcms\u00fcz an\u0131s\u0131n\u0131 yad etmek i\u00e7in bir araya geldiklerini s\u00f6yleyen \u00d6m\u00fcr, \u201cU\u011fur Mumcu, ya\u015fam\u0131nda adaleti, akl\u0131, bilimi ve ger\u00e7ekleri ilke edinmi\u015f, her zaman laiklikten, bar\u0131\u015ftan ve demokrasiden yana olmu\u015f, daima bas\u0131n \u00f6zg\u00fcrl\u00fc\u011f\u00fcn\u00fc savunmu\u015f ve bu u\u011furda can\u0131n\u0131 feda etmi\u015f bir demokrasi \u015fehididir. U\u011fur Mumcu, sadece bir gazeteci de\u011fil, ayn\u0131 zamanda bir yazar, ara\u015ft\u0131rmac\u0131 ve d\u00fc\u015f\u00fcnce adam\u0131yd\u0131. Bizlere \u00f6l\u00fcms\u00fcz eserleri ile birlikte \u015fartlar ne olursa olsun daima savunmam\u0131z gereken \u00e7ok \u00f6nemli fikirler b\u0131rakt\u0131. Ard\u0131ndan gelenlere \u0131\u015f\u0131k tutmaya ba\u015flad\u0131\u011f\u0131 o ilk g\u00fcnden, korkak\u00e7a ve haince katledildi\u011fi o kanl\u0131 pazar sabah\u0131na kadar daima \u00f6rnek bir gazeteci ve Kemalizm\u2019in onurlu bir savunucusu oldu. Para i\u00e7in kalemini oynatmad\u0131, \u00f6l\u00fcm tehditleri al\u0131rken bile do\u011fru bildi\u011fini yazmaktan \u00e7ekinmedi. Her zaman idealleri ve onuru i\u00e7in ya\u015fad\u0131.\u201d dedi.<\/p>\n<p>\u201cOnu yapt\u0131\u011f\u0131m\u0131z her i\u015fte \u00f6rnek alarak, d\u00fc\u015f\u00fcncelerini daima savunaca\u011f\u0131z\u201d<\/p>\n<p>\u00d6m\u00fcr \u015f\u00f6yle devam etti;<br \/>\n\u201cUnutmayal\u0131m ki, gazetecilik, kamuoyunu bilgilendirmenin yan\u0131 s\u0131ra demokrasinin g\u00fc\u00e7lenmesine de katk\u0131 sa\u011flar. U\u011fur Mumcu\u2019nun ya\u015fam\u0131 ve maalesef trajik sonu, bu de\u011ferleri benimsemenin ve koruman\u0131n ne kadar hayati oldu\u011funu bizlere bir kez daha hat\u0131rlatm\u0131\u015ft\u0131r. \u00c7\u00fcnk\u00fc Mumcu\u2019nun \u00f6l\u00fcm\u00fc \u00fclkemizin demokratik de\u011ferlerine yap\u0131lm\u0131\u015f bir sald\u0131r\u0131d\u0131r. Bilgiye eri\u015fim hakk\u0131m\u0131z\u0131 savunmak, iktidar\u0131 \u00f6zg\u00fcr bas\u0131n\u0131n g\u00fcc\u00fcyle denetlemek demokratik bir toplumun gereklili\u011fidir. Mumcu bunlar\u0131n olmas\u0131n\u0131 istemeyenler taraf\u0131ndan katledildi. Fakat katletmek istedikleri sadece aziz bedeni de\u011fil, d\u00fc\u015f\u00fcnceleri ve \u00f6l\u00fcms\u00fcz eserleriydi. U\u011fur Mumcu\u2019nun cesaretini ve kararl\u0131l\u0131\u011f\u0131n\u0131 akl\u0131m\u0131zdan \u00e7\u0131karmadan, onu yapt\u0131\u011f\u0131m\u0131z her i\u015fte \u00f6rnek alarak, d\u00fc\u015f\u00fcncelerini daima savunaca\u011f\u0131m\u0131z\u0131 ve bu u\u011furda gerekli kavgay\u0131 vermeye devam edece\u011fimizi bir kere daha vurguluyoruz. \u00c7\u0131karlar\u0131 u\u011fruna toplumun temel de\u011ferlerine sald\u0131ran derin devlet, kendine kurban olarak her zaman ilerici, ak\u0131lc\u0131 ve \u00e7al\u0131\u015fkan d\u00fc\u015f\u00fcnce insanlar\u0131n\u0131 se\u00e7mi\u015ftir. U\u011fur Mumcu\u2019nun \u00f6l\u00fcm\u00fc, \u00fclkemizi derin devlet ger\u00e7e\u011fiyle y\u00fczle\u015ftirmi\u015ftir. Suikast\u0131n \u00fczerinden ge\u00e7en y\u0131llara ra\u011fmen, olay\u0131n tam anlam\u0131yla ayd\u0131nlat\u0131lmam\u0131\u015f olmas\u0131, birbirini izleyen faili me\u00e7hul cinayetler zinciri adaletin nas\u0131l sanc\u0131l\u0131 bir s\u00fcre\u00e7 i\u00e7inde oldu\u011funu g\u00f6steren ac\u0131 bir ger\u00e7ektir. Bug\u00fcn Mumcu\u2019yla birlikte 23 y\u0131l \u00f6nce Diyarbak\u0131r\u2019da derin devlet eliyle i\u015flenmi\u015f bir di\u011fer faili me\u00e7hul cinayete kurban verdi\u011fimiz Gaffar Okkan\u2019\u0131 da \u00fcz\u00fclerek hat\u0131rl\u0131yoruz.\u201d<\/p>\n<p>\u201cKaranl\u0131\u011f\u0131n kar\u015f\u0131s\u0131nda \u0131\u015f\u0131k olmaya devam edece\u011fiz\u201d<\/p>\n<p>\u201cUnutulmamal\u0131d\u0131r ki; adaleti olmayan demokrasi eksik bir kavramd\u0131r. T\u00fcrkiye\u2019nin demokratik gelece\u011fi, bu sorunlar\u0131n \u00fcstesinden gelmeye y\u00f6nelik kararl\u0131 ad\u0131mlar\u0131 olan partimiz sayesinde \u015fekillenecektir. 31 y\u0131l \u00f6nce U\u011fur Mumcu\u2019yu katleden karanl\u0131k bug\u00fcn bizleri tehdit etmeye, sald\u0131rmaya, \u00f6ld\u00fcrmeye Cumhuriyetimizin olmazsa olmaz temelleri kar\u015f\u0131s\u0131nda al\u00e7ak\u00e7a diren\u00e7 g\u00f6stermeye devam ediyor. Maalesef, de\u011ferli bas\u0131n emek\u00e7ilerimiz iktidar\u0131n yarat\u0131c\u0131s\u0131 oldu\u011fu korku ve bask\u0131 ortam\u0131nda \u00e7al\u0131\u015fmak, kalemlerini k\u00f6reltmek, bazen de candan ba\u011fl\u0131 olduklar\u0131 mesleklerini b\u0131rakmak zorunda kal\u0131yorlar. Cumhuriyet Halk Partisi olarak y\u00fcz y\u0131ld\u0131r oldu\u011fu gibi bundan sonra da karanl\u0131\u011f\u0131n kar\u015f\u0131s\u0131nda \u0131\u015f\u0131k olmaya devam edece\u011fiz. Unutmayal\u0131m ki, bir toplumda bas\u0131n \u00f6zg\u00fcrl\u00fc\u011f\u00fc yoksa, gazeteciler bask\u0131 ve y\u0131ld\u0131rmalar olmadan i\u015flerini \u00f6zg\u00fcrce yapam\u0131yorsa orada demokrasi de yok demektir. Bu karanl\u0131k koridorlar adaletin \u0131\u015f\u0131\u011f\u0131, toplumun ortak \u00e7abas\u0131 ve kararl\u0131 bir duru\u015fla ayd\u0131nlat\u0131labilir. Gazetecilerimiz, ayd\u0131nlar\u0131m\u0131z \u00fclkemizin \u00f6zg\u00fcr ve demokratik yar\u0131nlar\u0131n\u0131n g\u00fcvencesidir. Onlar\u0131 koruyacak, yeni U\u011fur Mumcular yeni \u00c7etin Eme\u00e7ler yeti\u015ftirecek ve aziz hat\u0131rlar\u0131 \u00f6n\u00fcnde her zaman sayg\u0131 ile e\u011filecek olanlar bizleriz. Demokrasinin neferlerini karanl\u0131\u011fa teslim etmeyece\u011fiz! Bas\u0131n ve demokrasi \u015fehidimiz U\u011fur Mumcu\u2019yu sayg\u0131 ve minnetle an\u0131yorum.\u201d<\/p>\n","protected":false},"excerpt":{"rendered":"<p>CHP Mersin \u0130l Ba\u015fkanl\u0131\u011f\u0131, Demokrasi ve Bas\u0131n \u015eehidi U\u011fur Mumcu\u2019nun \u00f6l\u00fcm y\u0131ld\u00f6n\u00fcm\u00fcnde anma program\u0131 ger\u00e7ekle\u015ftirdi. Programa CHP Mersin \u0130l Ba\u015fkan\u0131 Koral \u00d6m\u00fcr, Mezitli Belediyesi Ba\u015fkan Aday\u0131 Ahmet Serkan Tuncer, Atat\u00fcrk\u00e7\u00fc D\u00fc\u015f\u00fcnce Derne\u011fi Mersin \u015eube Ba\u015fkan\u0131 Serdar Erkan ve Mersin Barosu Eski Ba\u015fkan\u0131 Bilgin Ye\u015filbo\u011faz kat\u0131ld\u0131. CHP Mersin \u0130l Ba\u015fkan\u0131 Koral \u00d6m\u00fcr programda bir bas\u0131n a\u00e7\u0131klamas\u0131 [&hellip;]<\/p>\n","protected":false},"author":2,"featured_media":30161,"comment_status":"open","ping_status":"open","sticky":false,"template":"","format":"standard","meta":{"footnotes":""},"categories":[2,3,5],"tags":[],"class_list":["post-30160","post","type-post","status-publish","format-standard","has-post-thumbnail","hentry","category-gundem","category-manset","category-mersin"],"views":2,"_links":{"self":[{"href":"https:\/\/mersinkadingazetesi.com\/index.php?rest_route=\/wp\/v2\/posts\/30160"}],"collection":[{"href":"https:\/\/mersinkadingazetesi.com\/index.php?rest_route=\/wp\/v2\/posts"}],"about":[{"href":"https:\/\/mersinkadingazetesi.com\/index.php?rest_route=\/wp\/v2\/types\/post"}],"author":[{"embeddable":true,"href":"https:\/\/mersinkadingazetesi.com\/index.php?rest_route=\/wp\/v2\/users\/2"}],"replies":[{"embeddable":true,"href":"https:\/\/mersinkadingazetesi.com\/index.php?rest_route=%2Fwp%2Fv2%2Fcomments&post=30160"}],"version-history":[{"count":0,"href":"https:\/\/mersinkadingazetesi.com\/index.php?rest_route=\/wp\/v2\/posts\/30160\/revisions"}],"wp:featuredmedia":[{"embeddable":true,"href":"https:\/\/mersinkadingazetesi.com\/index.php?rest_route=\/wp\/v2\/media\/30161"}],"wp:attachment":[{"href":"https:\/\/mersinkadingazetesi.com\/index.php?rest_route=%2Fwp%2Fv2%2Fmedia&parent=30160"}],"wp:term":[{"taxonomy":"category","embeddable":true,"href":"https:\/\/mersinkadingazetesi.com\/index.php?rest_route=%2Fwp%2Fv2%2Fcategories&post=30160"},{"taxonomy":"post_tag","embeddable":true,"href":"https:\/\/mersinkadingazetesi.com\/index.php?rest_route=%2Fwp%2Fv2%2Ftags&post=30160"}],"curies":[{"name":"wp","href":"https:\/\/api.w.org\/{rel}","templated":true}]}}