{"id":30171,"date":"2024-01-25T12:33:56","date_gmt":"2024-01-25T09:33:56","guid":{"rendered":"http:\/\/mersinkadingazetesi.com\/?p=30171"},"modified":"2024-01-25T12:33:56","modified_gmt":"2024-01-25T09:33:56","slug":"buyuksehir-atil-durumdaki-binayi-kadin-ve-cocuk-atolyesine-cevirdi","status":"publish","type":"post","link":"https:\/\/mersinkadingazetesi.com\/?p=30171","title":{"rendered":"B\u00dcY\u00dcK\u015eEH\u0130R, ATIL DURUMDAK\u0130 B\u0130NAYI KADIN VE \u00c7OCUK AT\u00d6LYES\u0130&#8217;NE \u00c7EV\u0130RD\u0130"},"content":{"rendered":"<p>Mersin B\u00fcy\u00fck\u015fehir Belediyesi&#8217;nin, \u00f6zellikle dezavantajl\u0131 mahallelerde kad\u0131nlara y\u00f6nelik e\u011fitim ve kurs vermek amac\u0131yla hayata ge\u00e7irdi\u011fi Kad\u0131n ve \u00c7ocuk At\u00f6lyeleri&#8217;ne bir yenisi daha eklendi. B\u00fcy\u00fck\u015fehir taraf\u0131ndan Erdemli il\u00e7esine ba\u011fl\u0131 T\u00f6m\u00fck Mahallesi&#8217;nde hizmete a\u00e7\u0131lan T\u00f6m\u00fckl\u00fc Kad\u0131n ve \u00c7ocuk At\u00f6lyesi, kad\u0131nlara y\u00f6nelik ilk e\u011fitimlerini vermeye ba\u015flad\u0131.<\/p>\n<p>Kad\u0131n istihdam\u0131n\u0131n art\u0131r\u0131lmas\u0131 ve kad\u0131n eme\u011finin de\u011ferlenmesi i\u00e7in at\u00f6lye \u00e7al\u0131\u015fmalar\u0131n\u0131n yan\u0131 s\u0131ra e\u011fitimler d\u00fczenleyen Mersin B\u00fcy\u00fck\u015fehir Belediyesi, \u0130\u00e7el Soroptomist Kul\u00fcb\u00fc i\u015f birli\u011finde T\u00f6m\u00fck Kad\u0131n ve \u00c7ocuk At\u00f6lyesinde 5 hafta s\u00fcrecek &#8216;K\u0131rsal B\u00f6lge Kad\u0131n E\u011fitim Bilgilendirme ve G\u00fc\u00e7lendirme Sunumlar\u0131 ve At\u00f6lye \u00c7al\u0131\u015fmalar\u0131&#8217;n\u0131n 2. haftas\u0131 kapsam\u0131nda Prof. Dr. Aynur \u00d6zge taraf\u0131ndan &#8216;Alzheimer Nedir? Belirtileri Nelerdir?&#8217; konulu e\u011fitim d\u00fczenledi. E\u011fitimde; Alzheimer belirtileri ve te\u015fhisi, risk fakt\u00f6rleri, evreleri, hasta ve hasta yak\u0131nlar\u0131n\u0131n davran\u0131\u015f bi\u00e7imleri ve korunma y\u00f6ntemleri hakk\u0131nda bilgi verildi. <\/p>\n<p>Etkinli\u011fe; Mersinden Kad\u0131n Kooperatifi Ba\u015fkan\u0131 Meral Se\u00e7er, B\u00fcy\u00fck\u015fehir Belediyesi Kad\u0131n ve Aile Hizmetleri Dairesi Ba\u015fkan\u0131 \u015eerife Haso\u011flu Dokucu ve \u00e7ok say\u0131da T\u00f6m\u00fckl\u00fc kad\u0131n kat\u0131ld\u0131. E\u011fitimin ard\u0131ndan Meral Se\u00e7er, el sanatlar\u0131, diki\u015f ve dokuma, cilt bak\u0131m\u0131 gibi kurslar\u0131n verildi\u011fi at\u00f6lyeyi gezip, el eme\u011fi g\u00f6z nuru \u00fcr\u00fcnleri tek tek inceledi. E\u011fitim sonras\u0131 kat\u0131l\u0131mc\u0131lara geri d\u00f6n\u00fc\u015f\u00fcm\u00fc yayg\u0131nla\u015ft\u0131rmak ve at\u0131klar\u0131n de\u011ferlendirilmesi i\u00e7in kompost yap\u0131m\u0131 da g\u00f6sterildi. Etkinli\u011fin ard\u0131ndan \u0130tfaiye Dairesi Ba\u015fkanl\u0131\u011f\u0131&#8217;na ba\u011fl\u0131 ekipler taraf\u0131ndan kat\u0131l\u0131mc\u0131lara temel yang\u0131n e\u011fitimi, yang\u0131n t\u00fcrleri ve \u00e7e\u015fitleri, yang\u0131n kaynaklar\u0131 hakk\u0131nda bilgi verildi.<\/p>\n<p>Se\u00e7er: &#8220;Kad\u0131nlar\u0131n hem sosyalle\u015fmesi hem de yeni beceriler kazanmas\u0131 i\u00e7in k\u0131ymetli bir alan&#8221;<\/p>\n<p>T\u00f6m\u00fck Kad\u0131n ve \u00c7ocuk At\u00f6lyesi&#8217;nin daha \u00f6nce at\u0131l bir vaziyette oldu\u011funu ve Mersin B\u00fcy\u00fck\u015fehir Belediyesi Kad\u0131n ve Aile Hizmetleri b\u00fcnyesinde binan\u0131n restore edildi\u011fini aktaran Mersinden Kad\u0131n Kooperatifi Ba\u015fkan\u0131 Meral Se\u00e7er, &#8220;Ger\u00e7ekten Mersin B\u00fcy\u00fck\u015fehir Belediyesi Kad\u0131n ve Aile Hizmetleri Dairesi harika at\u00f6lyeler kurmu\u015f&#8221; dedi. At\u00f6lyede; geleneksel dokuma, diki\u015f, cilt bak\u0131m\u0131 gibi e\u011fitimlerin verildi\u011fini aktaran Se\u00e7er, &#8220;En g\u00fczel yan\u0131 ise binan\u0131n alt k\u0131sm\u0131nda bir kre\u015f yap\u0131lm\u0131\u015f. Yine kursa gelen kad\u0131nlar\u0131n \u00e7ocuklar\u0131n\u0131 rahatl\u0131kla b\u0131rakabilecekleri ve annelerinin rahat kurs alabilmelerini sa\u011flayacak ortam yarat\u0131lm\u0131\u015f. Kad\u0131nlar\u0131n hem sosyalle\u015fmesi kendini ifade edebilmesi hem de daha sonra yeni beceriler kazanmas\u0131 a\u00e7\u0131s\u0131ndan k\u0131ymetli bir \u00e7al\u0131\u015fma alan\u0131&#8221; s\u00f6zlerine yer verdi.<\/p>\n<p>B\u00fcy\u00fck\u015fehir Belediyesi&#8217;nin \u0130\u00e7el Soroptomist Derne\u011fi ile i\u015f birli\u011fi halinde d\u00fczenlenen e\u011fitime yo\u011fun bir kat\u0131l\u0131m oldu\u011funu kaydeden Se\u00e7er, &#8220;Ba\u015fta B\u00fcy\u00fck\u015fehir Belediyesi olmak \u00fczere eme\u011fi ge\u00e7en herkese te\u015fekk\u00fcr ediyorum&#8221; diye konu\u015ftu.<\/p>\n<p>Ku\u015f: &#8220;At\u0131klar\u0131m\u0131z\u0131 \u00e7\u00f6pe atmay\u0131p de\u011ferlendiriyoruz&#8221;<\/p>\n<p>Kad\u0131n ve Aile Hizmetleri Dairesi Ba\u015fkanl\u0131\u011f\u0131&#8217;nda \u00c7evre M\u00fchendisi olarak G\u00fcrcan Ku\u015f, mutfaktan \u00e7\u0131kan at\u0131klar\u0131n de\u011ferlendirilmesi ve topra\u011f\u0131n g\u00fc\u00e7lendirilmesi i\u00e7in kompost yapt\u0131klar\u0131n\u0131 dile getirerek, kompost yaparken kahverengi ve ye\u015fil malzemeleri kulland\u0131klar\u0131n\u0131 s\u00f6yledi. Kahverengi malzemelerin karbon, ye\u015fil malzemelerin ise azot i\u00e7erdi\u011fini aktaran Ku\u015f, &#8220;Bunlar\u0131 dengeleyip bir kapta biriktirip toprak haz\u0131rl\u0131yoruz. G\u00fc\u00e7lendirilmi\u015f bir toprak olu\u015fturuyoruz. Mutfaktan \u00e7\u0131kan patates, salatal\u0131k, so\u011fan, biber akl\u0131m\u0131za ne gelirse evde kulland\u0131\u011f\u0131m\u0131z ye\u015fil malzemelerden kompost yapabiliyoruz. Bunun haricinde de karton,  kurumu\u015f yaprak, yumurta kabu\u011fu gibi maddeleri komposta ekleyebiliyoruz. S\u00fct ve s\u00fct \u00fcr\u00fcnlerini, et, tavuk, bal\u0131k \u00fcr\u00fcnlerini kullanm\u0131yoruz. \u00c7\u00fcnk\u00fc belli bir s\u00fcreden sonra bunlar patojen i\u00e7eriyor. Sistemimizi bozuyor&#8221; diye konu\u015ftu.<\/p>\n<p>Kompost yap\u0131m\u0131nda s\u0131cakl\u0131\u011f\u0131n olduk\u00e7a \u00f6nemli oldu\u011funa dikkat \u00e7eken Ku\u015f, &#8220;Yaz\u0131n en az bir bu\u00e7uk ay beklemek laz\u0131m ama bu s\u00fcre k\u0131\u015f\u0131n daha da uzayabiliyor. Kompost yaparken yapt\u0131\u011f\u0131m\u0131z kab\u0131n b\u00fcy\u00fckl\u00fc\u011f\u00fcne veya k\u00fc\u00e7\u00fckl\u00fc\u011f\u00fcne g\u00f6re bu s\u00fcre de\u011fi\u015febiliyor. Renk d\u00f6n\u00fc\u015f\u00fcm\u00fcnden de haz\u0131r olup olmad\u0131\u011f\u0131n\u0131 anl\u0131yoruz. Rengi siyaha d\u00f6nd\u00fc m\u00fc kompost haz\u0131r demektir. Bunu \u00e7i\u00e7ek dikiminde ve balkon bitkilerinde kullanabiliyoruz&#8221; dedi.<\/p>\n<p>Dolu dolu ge\u00e7en etkinlik, kad\u0131nlardan tam not ald\u0131<\/p>\n<p>Etkinli\u011fi \u00e7ok faydal\u0131 buldu\u011funu aktaran Nuray Karaaslan, &#8220;Yeni bilgiler \u00f6\u011frendik. Bilmediklerimizi duyduk. \u0130\u00e7imiz a\u00e7\u0131ld\u0131. Etkinlik benim i\u00e7in \u00e7ok g\u00fczel oldu&#8221; derken kat\u0131l\u0131mc\u0131lardan Didem B\u00fcy\u00fckpolat da etkinli\u011fi \u00e7ok be\u011fendi\u011fini ve memnun kald\u0131\u011f\u0131n\u0131 dile getirerek, &#8220;\u0130\u00e7eri\u011fini \u00e7ok g\u00fczel buldum.  Benim dedem de Alzheimer&#8217;dan vefat etmi\u015fti Alzheimer \u00e7a\u011f\u0131m\u0131z\u0131n hastal\u0131\u011f\u0131 oldu\u011fu i\u00e7in kendi ad\u0131ma ben \u00e7ok faydaland\u0131m&#8221; dedi. At\u00f6lyeyi de \u00e7ok be\u011fendi\u011fini s\u00f6yleyen B\u00fcy\u00fckpolat, &#8220;Kad\u0131nlar\u0131n bo\u015f zamanlar\u0131n\u0131 doldurabilece\u011fi g\u00fczel bir at\u00f6lye olmu\u015f&#8221; diye konu\u015ftu.<\/p>\n<p>Etkinlikte \u00e7ok g\u00fczel bilgiler \u00f6\u011frendiklerini s\u00f6yleyen Nevin Y\u0131lmaz ise &#8220;\u00c7ok memnun kald\u0131m. Kay\u0131nbabam da Alzheimer hastas\u0131yd\u0131. Bilmedi\u011fimiz bir\u00e7ok yeni bilgi \u00f6\u011frendik. \u00c7ok yararl\u0131 buldum&#8221; dedi. Y\u0131lmaz, &#8220;Buras\u0131 \u015fimdi c\u0131v\u0131l c\u0131v\u0131l oldu. B\u00f6yle k\u00fc\u00e7\u00fck bir yerde bu at\u00f6lye bizim i\u00e7in yeterli. B\u00fcy\u00fck\u015fehir Belediye Ba\u015fkan\u0131m\u0131z Vahap Se\u00e7er&#8217; e bize buray\u0131 kazand\u0131rd\u0131\u011f\u0131 ve bir araya getirdi\u011fi i\u00e7in te\u015fekk\u00fcr ederim&#8221; dedi.<\/p>\n","protected":false},"excerpt":{"rendered":"<p>Mersin B\u00fcy\u00fck\u015fehir Belediyesi&#8217;nin, \u00f6zellikle dezavantajl\u0131 mahallelerde kad\u0131nlara y\u00f6nelik e\u011fitim ve kurs vermek amac\u0131yla hayata ge\u00e7irdi\u011fi Kad\u0131n ve \u00c7ocuk At\u00f6lyeleri&#8217;ne bir yenisi daha eklendi. B\u00fcy\u00fck\u015fehir taraf\u0131ndan Erdemli il\u00e7esine ba\u011fl\u0131 T\u00f6m\u00fck Mahallesi&#8217;nde hizmete a\u00e7\u0131lan T\u00f6m\u00fckl\u00fc Kad\u0131n ve \u00c7ocuk At\u00f6lyesi, kad\u0131nlara y\u00f6nelik ilk e\u011fitimlerini vermeye ba\u015flad\u0131. Kad\u0131n istihdam\u0131n\u0131n art\u0131r\u0131lmas\u0131 ve kad\u0131n eme\u011finin de\u011ferlenmesi i\u00e7in at\u00f6lye \u00e7al\u0131\u015fmalar\u0131n\u0131n yan\u0131 s\u0131ra [&hellip;]<\/p>\n","protected":false},"author":2,"featured_media":30172,"comment_status":"open","ping_status":"open","sticky":false,"template":"","format":"standard","meta":{"footnotes":""},"categories":[1,2,3],"tags":[],"class_list":["post-30171","post","type-post","status-publish","format-standard","has-post-thumbnail","hentry","category-genel","category-gundem","category-manset"],"views":1,"_links":{"self":[{"href":"https:\/\/mersinkadingazetesi.com\/index.php?rest_route=\/wp\/v2\/posts\/30171"}],"collection":[{"href":"https:\/\/mersinkadingazetesi.com\/index.php?rest_route=\/wp\/v2\/posts"}],"about":[{"href":"https:\/\/mersinkadingazetesi.com\/index.php?rest_route=\/wp\/v2\/types\/post"}],"author":[{"embeddable":true,"href":"https:\/\/mersinkadingazetesi.com\/index.php?rest_route=\/wp\/v2\/users\/2"}],"replies":[{"embeddable":true,"href":"https:\/\/mersinkadingazetesi.com\/index.php?rest_route=%2Fwp%2Fv2%2Fcomments&post=30171"}],"version-history":[{"count":0,"href":"https:\/\/mersinkadingazetesi.com\/index.php?rest_route=\/wp\/v2\/posts\/30171\/revisions"}],"wp:featuredmedia":[{"embeddable":true,"href":"https:\/\/mersinkadingazetesi.com\/index.php?rest_route=\/wp\/v2\/media\/30172"}],"wp:attachment":[{"href":"https:\/\/mersinkadingazetesi.com\/index.php?rest_route=%2Fwp%2Fv2%2Fmedia&parent=30171"}],"wp:term":[{"taxonomy":"category","embeddable":true,"href":"https:\/\/mersinkadingazetesi.com\/index.php?rest_route=%2Fwp%2Fv2%2Fcategories&post=30171"},{"taxonomy":"post_tag","embeddable":true,"href":"https:\/\/mersinkadingazetesi.com\/index.php?rest_route=%2Fwp%2Fv2%2Ftags&post=30171"}],"curies":[{"name":"wp","href":"https:\/\/api.w.org\/{rel}","templated":true}]}}