{"id":30177,"date":"2024-01-25T12:36:57","date_gmt":"2024-01-25T09:36:57","guid":{"rendered":"http:\/\/mersinkadingazetesi.com\/?p=30177"},"modified":"2024-01-25T12:36:57","modified_gmt":"2024-01-25T09:36:57","slug":"chpli-kis-maaslari-kiralara-bile-yetmeyen-emeklilerin-huzurevlerine-gecmek-icin-sira-bekledigine-dikkat-cekti","status":"publish","type":"post","link":"https:\/\/mersinkadingazetesi.com\/?p=30177","title":{"rendered":"CHP&#8217;L\u0130 KI\u015e, MAA\u015eLARI K\u0130RALARA B\u0130LE YETMEYEN EMEKL\u0130LER\u0130N HUZUREVLER\u0130NE GE\u00c7MEK \u0130\u00c7\u0130N SIRA BEKLED\u0130\u011e\u0130NE D\u0130KKAT \u00c7EKT\u0130"},"content":{"rendered":"<p>CHP Mersin Milletvekili G\u00fclcan K\u0131\u015f, emekli maa\u015f zamlar\u0131na sonradan eklenen y\u00fczde 5&#8217;lik art\u0131\u015f\u0131n da emeklilerin derdine derman olmayaca\u011f\u0131n\u0131 belirterek &#8220;Bu bir zam de\u011fildir. Yap\u0131lacak art\u0131\u015f emeklilerimizin hi\u00e7bir sorununa \u00e7are de\u011fildir. Memur ve emekliler ENAG ve \u0130TO enflasyonunu ya\u015famaktad\u0131r. Ancak, T\u00dc\u0130K enflasyonu ile zam almaya mecbur b\u0131rak\u0131lmaktad\u0131r. Emeklilerimiz bu \u00fccretlerle kiralar\u0131n\u0131 \u00f6deyemiyorlar. Huzurevlerine ge\u00e7mek i\u00e7in ba\u015fvuru s\u0131ras\u0131n\u0131n gelmesini bekliyorlar&#8221; dedi.<\/p>\n<p>Cumhuriyet Halk Partisi Mersin Milletvekili G\u00fclcan K\u0131\u015f, TBMM Genel Kurulunda &#8220;\u0130\u015fsizlik Sigortas\u0131 Kanunu \u0130le Baz\u0131 Kanunlarda De\u011fi\u015fiklik Yap\u0131lmas\u0131na \u0130li\u015fkin Kanun Teklifi&#8221; \u00fczerine s\u00f6z ald\u0131.<\/p>\n<p>G\u00fclcan K\u0131\u015f konu\u015fmas\u0131na, &#8220;Tam Ba\u011f\u0131ms\u0131z T\u00fcrkiye&#8217;nin y\u0131lmaz savunucular\u0131, demokrasi ve adalet yolunda yitirdi\u011fimiz, U\u011fur Mumcu&#8217;yu ve Gaffar Okkan&#8217;\u0131 sayg\u0131yla an\u0131yorum&#8221; diyerek ba\u015flad\u0131.<\/p>\n<p>Milyonlarca yurtta\u015f\u0131n g\u00f6z\u00fcn\u00fcn kula\u011f\u0131n\u0131n mecliste g\u00f6r\u00fc\u015f\u00fclen Torba Kanunda oldu\u011funa i\u015faret eden G\u00fclcan K\u0131\u015f, \u0130\u015fsizlik Sigortas\u0131 Kanunu \u0130le Baz\u0131 Kanunlarda De\u011fi\u015fiklik Yap\u0131lmas\u0131na \u0130li\u015fkin Kanun Teklifinde emeklilerle ilgili maddelerin de yer ald\u0131\u011f\u0131na ancak emekli \u00f6rg\u00fctlerinin ve CHP&#8217;nin \u00f6nerilerinin komisyonlarda AKP-MHP oylar\u0131yla reddedildi\u011fine dikkat \u00e7ekti.<\/p>\n<p>&#8220;G\u00d6STERMEL\u0130K ARTI\u015e ZAM DE\u011e\u0130LD\u0130R&#8221;<\/p>\n<p>G\u00fclcan K\u0131\u015f, &#8220;Ekonomik kriz derinle\u015fmi\u015f, toplumun t\u00fcm kesimleri yoksulla\u015ft\u0131r\u0131lm\u0131\u015ft\u0131r. Tam da bu noktada, ge\u00e7en hafta, 2024 y\u0131l\u0131 &#8220;Emekliler Y\u0131l\u0131&#8221; olarak ilan edilmi\u015ftir. Kim taraf\u0131ndan? G\u00fcnl\u00fck gideri, 33.6 milyon lira olan Saray&#8217;da emeklilerimize seslenen Cumhurba\u015fkan\u0131 Erdo\u011fan taraf\u0131ndan. &#8220;\u0130tibardan tasarruf olmaz&#8221; diyen Erdo\u011fan, emeklilerimize de sa\u011f olsun y\u00fczde 5&#8217;lik art\u0131\u015f\u0131 yine m\u00fcjde diye sunmu\u015ftur. \u0130ktidar, sistemi t\u00fcmden d\u00fczeltmek yerine, g\u00fcn\u00fcbirlik \u00e7\u00f6z\u00fcmlerle ilerlemektedir. D\u00fcn gece de kamuoyu ve muhalefetten gelen tepkiler \u00fczerine g\u00f6stermelik yeni bir zam oran\u0131 a\u00e7\u0131klad\u0131lar. Tam da Genel Ba\u015fkan\u0131m\u0131z Say\u0131n \u00d6zg\u00fcr \u00d6zel&#8217;in Grup toplant\u0131m\u0131zda emeklileri m\u00fccadeleye ve direni\u015fe \u00e7a\u011f\u0131rd\u0131\u011f\u0131 g\u00fcn. Genel Ba\u015fkan\u0131m\u0131z, en d\u00fc\u015f\u00fck emekli maa\u015f\u0131, asgari \u00fccrete e\u015fitlenene kadar, emeklilerin sesini duyurmaya devam edece\u011fiz dedi. Ve arkas\u0131ndan d\u00fcn gece ek zam haberi geldi. Ancak bu bir zam de\u011fildir. Yap\u0131lacak art\u0131\u015f emeklilerimizin hi\u00e7bir sorununa \u00e7are de\u011fildir&#8221; dedi.<\/p>\n<p>&#8220;SIR\u00c7A K\u00d6\u015eKLERDE S\u0130YASET YAPANLAR EMEKL\u0130N\u0130N K\u0130RASINI \u00d6DEYEMED\u0130\u011e\u0130NDEN HABERDAR MI?&#8221;<\/p>\n<p>Emekli ayl\u0131klar\u0131n\u0131n d\u00fc\u015f\u00fck olmas\u0131n\u0131n en \u00f6nemli sebebinin, AKP&#8217;nin 2008 y\u0131l\u0131nda \u00e7\u0131kard\u0131\u011f\u0131 5510 say\u0131l\u0131 kanun oldu\u011funa dikkat \u00e7eken G\u00fclcan K\u0131\u015f, bu kanunla ayl\u0131k ba\u011flama oranlar\u0131 ve g\u00fcncelleme katsay\u0131s\u0131 d\u00fc\u015f\u00fcr\u00fcld\u00fc\u011f\u00fc i\u00e7in emekli ayl\u0131klar\u0131n\u0131n da d\u00fc\u015ft\u00fc\u011f\u00fcn\u00fc vurgulad\u0131.<\/p>\n<p>G\u00fclcan K\u0131\u015f, &#8220;Memur ve emekliler ENAG ve \u0130TO enflasyonunu ya\u015famaktad\u0131r. Ancak, T\u00dc\u0130K enflasyonu ile zam almaya mecbur b\u0131rak\u0131lmaktad\u0131r. Komisyonda teklifin g\u00f6r\u00fc\u015fmeleri s\u0131ras\u0131nda, T\u00fcrkiye Emekliler Derne\u011fi temsilcisi, s\u00f6z konusu tutar\u0131n asgari \u00fccrete endekslenmesini talep etmi\u015ftir. Cumhuriyet Halk Partisi olarak bizde bunu \u00f6nerdik ancak \u00f6nergemiz AKP-MHP oylar\u0131yla reddedildi. Herkes \u015funu \u00e7ok iyi biliyor ki; emeklilerimizi zor bir y\u0131l bekliyor. Ger\u00e7eklerden uzak, s\u0131r\u00e7a k\u00f6\u015fklerinde siyaset yapanlar, kiralar\u0131n\u0131 \u00f6deyemedi\u011fi i\u00e7in devletin huzur evlerine rekor ba\u015fvuru yapan emeklilerimizden acaba, haberdarlar m\u0131? Emeklilerimiz bu \u00fccretlerle kiralar\u0131n\u0131 \u00f6deyemiyorlar. Huzurevlerine ge\u00e7mek i\u00e7in ba\u015fvuru s\u0131ras\u0131n\u0131n gelmesini bekliyorlar&#8221; dedi.<\/p>\n<p>&#8220;\u00dcLKEY\u0130 B\u0130R AVU\u00c7 ZENG\u0130N\u0130N MENFAAT\u0130NE TESL\u0130M EDENLERE CEVABI YEREL SE\u00c7\u0130MLERDE VER\u0130N&#8221;<\/p>\n<p>AKP iktidar\u0131n\u0131n yaratt\u0131\u011f\u0131 ekonomik kriz kar\u015f\u0131s\u0131nda \u00e7\u00f6z\u00fcms\u00fcz ve \u00e7aresiz durumda oldu\u011funa de\u011finen G\u00fclcan K\u0131\u015f, &#8220;Emeklilerle ilgili olarak getirilen kanun teklifi, Cumhurba\u015fkan\u0131&#8217;n\u0131n ilan etti\u011fi &#8220;Emekliler Y\u0131l\u0131na&#8221; uygun d\u00fczenleme olmad\u0131\u011f\u0131n\u0131 g\u00f6r\u00fcyoruz. Bu k\u00fcrs\u00fcden 86 milyon vatanda\u015f\u0131m\u0131za sesleniyorum. \u00d6zellikle emeklilerimize sesleniyorum. Herkesin, huzurlu, e\u015fit, ayr\u0131ms\u0131z ve refah i\u00e7inde ya\u015fayaca\u011f\u0131 bir toplum i\u00e7in, bu \u00fclkeyi bir avu\u00e7 zenginin menfaatlerine teslim edenlere gereken cevab\u0131 yerel se\u00e7imlerde gelin hep birlikte verelim. Milletin yolundan de\u011fil, kendi \u00e7\u0131karlar\u0131n\u0131n yolundan y\u00fcr\u00fcyenlere, art\u0131k yeter diyelim. Yasa teklifinde ba\u015fta i\u015fsizlik ve enflasyon olmak \u00fczere T\u00fcrkiye&#8217;nin kar\u015f\u0131 kar\u015f\u0131ya kald\u0131\u011f\u0131 ekonomik ve sosyal sorunlar\u0131n temelden \u00e7\u00f6z\u00fcm\u00fcne y\u00f6nelik herhangi bir \u00f6neri bulunmamaktad\u0131r. Bu nedenlerle, kanun teklifine bu haliyle kar\u015f\u0131 oldu\u011fumuzu bildiriyorum&#8221; ifadelerini kulland\u0131.<\/p>\n<p>&#8220;CHP&#8217;L\u0130 BELED\u0130YELER EMEKL\u0130LERE SAH\u0130P \u00c7IKIYOR&#8221;<\/p>\n<p>&#8220;Emeklilerimize hak ettikleri insanca ya\u015fam\u0131 ve de\u011feri verirseniz ger\u00e7ek m\u00fcjdeyi vermi\u015f olursunuz&#8221; diyen CHP Mersin Milletvekili G\u00fclcan K\u0131\u015f, CHP&#8217;li belediyelerin emeklilerle ilgili \u00e7al\u0131\u015fmalar\u0131na da de\u011findi.<\/p>\n<p>K\u0131\u015f, &#8220;M\u00fcjdenin ne oldu\u011funa dair sizlere Mersin&#8217;den bir \u00f6rnek vermek istiyorum. Mersin B\u00fcy\u00fck\u015fehir Belediyemiz sosyal ve ekonomik y\u00f6nden desteklenmesi gereken emekliler ba\u015fta olmak \u00fczere dezavantajl\u0131 kesimlere her t\u00fcrl\u00fc imk\u00e2n\u0131 ve hizmeti sunmaktad\u0131r, emekli vatanda\u015flar\u0131m\u0131z\u0131n ya\u015fam kalitesini y\u00fckseltmek i\u00e7in bir\u00e7ok projelerle de hizmetlerine devam etmektedir. Yine, t\u00fcm T\u00fcrkiye&#8217;de, Cumhuriyet Halk Partili belediyelerimizin oldu\u011fu her kentte emeklilerimiz ba\u015fta olmak \u00fczere, ihtiya\u00e7 sahibi olan herkese hi\u00e7bir ayr\u0131m yap\u0131lmaks\u0131z\u0131n maddi ve manevi hizmetler de sunulmaktad\u0131r&#8221; ifadelerini kulland\u0131.<\/p>\n","protected":false},"excerpt":{"rendered":"<p>CHP Mersin Milletvekili G\u00fclcan K\u0131\u015f, emekli maa\u015f zamlar\u0131na sonradan eklenen y\u00fczde 5&#8217;lik art\u0131\u015f\u0131n da emeklilerin derdine derman olmayaca\u011f\u0131n\u0131 belirterek &#8220;Bu bir zam de\u011fildir. Yap\u0131lacak art\u0131\u015f emeklilerimizin hi\u00e7bir sorununa \u00e7are de\u011fildir. Memur ve emekliler ENAG ve \u0130TO enflasyonunu ya\u015famaktad\u0131r. Ancak, T\u00dc\u0130K enflasyonu ile zam almaya mecbur b\u0131rak\u0131lmaktad\u0131r. Emeklilerimiz bu \u00fccretlerle kiralar\u0131n\u0131 \u00f6deyemiyorlar. Huzurevlerine ge\u00e7mek i\u00e7in ba\u015fvuru [&hellip;]<\/p>\n","protected":false},"author":2,"featured_media":30178,"comment_status":"open","ping_status":"open","sticky":false,"template":"","format":"standard","meta":{"footnotes":""},"categories":[3,6],"tags":[],"class_list":["post-30177","post","type-post","status-publish","format-standard","has-post-thumbnail","hentry","category-manset","category-siyaset-2"],"views":1,"_links":{"self":[{"href":"https:\/\/mersinkadingazetesi.com\/index.php?rest_route=\/wp\/v2\/posts\/30177"}],"collection":[{"href":"https:\/\/mersinkadingazetesi.com\/index.php?rest_route=\/wp\/v2\/posts"}],"about":[{"href":"https:\/\/mersinkadingazetesi.com\/index.php?rest_route=\/wp\/v2\/types\/post"}],"author":[{"embeddable":true,"href":"https:\/\/mersinkadingazetesi.com\/index.php?rest_route=\/wp\/v2\/users\/2"}],"replies":[{"embeddable":true,"href":"https:\/\/mersinkadingazetesi.com\/index.php?rest_route=%2Fwp%2Fv2%2Fcomments&post=30177"}],"version-history":[{"count":0,"href":"https:\/\/mersinkadingazetesi.com\/index.php?rest_route=\/wp\/v2\/posts\/30177\/revisions"}],"wp:featuredmedia":[{"embeddable":true,"href":"https:\/\/mersinkadingazetesi.com\/index.php?rest_route=\/wp\/v2\/media\/30178"}],"wp:attachment":[{"href":"https:\/\/mersinkadingazetesi.com\/index.php?rest_route=%2Fwp%2Fv2%2Fmedia&parent=30177"}],"wp:term":[{"taxonomy":"category","embeddable":true,"href":"https:\/\/mersinkadingazetesi.com\/index.php?rest_route=%2Fwp%2Fv2%2Fcategories&post=30177"},{"taxonomy":"post_tag","embeddable":true,"href":"https:\/\/mersinkadingazetesi.com\/index.php?rest_route=%2Fwp%2Fv2%2Ftags&post=30177"}],"curies":[{"name":"wp","href":"https:\/\/api.w.org\/{rel}","templated":true}]}}