{"id":30180,"date":"2024-01-25T12:37:31","date_gmt":"2024-01-25T09:37:31","guid":{"rendered":"http:\/\/mersinkadingazetesi.com\/?p=30180"},"modified":"2024-01-25T12:37:31","modified_gmt":"2024-01-25T09:37:31","slug":"deva-partili-ekmen-tuikin-enflasyon-sepetindekiler-garip-gurebanin-alisveris-sepetinde-yok","status":"publish","type":"post","link":"https:\/\/mersinkadingazetesi.com\/?p=30180","title":{"rendered":"DEVA Partili Ekmen: \u201cT\u00dc\u0130K&#8217;in enflasyon sepetindekiler, garip gureban\u0131n al\u0131\u015fveri\u015f sepetinde yok\u201d"},"content":{"rendered":"<p>DEVA Partisi Genel Ba\u015fkan Yard\u0131mc\u0131s\u0131 Ekmen, TBMM Genel Kurulunda yapt\u0131\u011f\u0131 konu\u015fmas\u0131nda; Cumhurba\u015fkanl\u0131\u011f\u0131 H\u00fck\u00fbmet Sistemi, emeklilere yap\u0131lan zam, T\u00dc\u0130K&#8217;in enflasyonu ve Kur Korumal\u0131 Mevduat Sistemi hakk\u0131nda ele\u015ftirilerini dile getirdi.<\/p>\n<p>DEVA Partisi Genel Ba\u015fkan Yard\u0131mc\u0131s\u0131 ve Mersin Milletvekili Mehmet Emin Ekmen, TBMM Genel Kurulunda s\u00f6z alarak yapt\u0131\u011f\u0131 konu\u015fmada \u015fu ifadelere yer verdi:<\/p>\n<p>\u201cMadem y\u00fczde 49&#8217;u verebiliyorsunuz, ilk ba\u015fta y\u00fczde 37&#8217;yi niye a\u00e7\u0131klad\u0131n\u0131z?\u201d<\/p>\n<p>\u201c \u2018Ba\u015fkanl\u0131k Sistemi istikrar getirecek.\u2019 denildi ama tam bir yapboz getirmi\u015f durumda. Son bir ayda sadece emeklilerle ilgili yap\u0131lan a\u00e7\u0131klamalara bakarsak y\u00fczde 37,42&#8217;lik ve 49&#8217;luk art\u0131\u015flar g\u00f6r\u00fcr\u00fcz. Allah a\u015fk\u0131na, bu nas\u0131l bir ciddiyetsizlik, nas\u0131l bir ulufe ve pazarl\u0131k sistemidir? Mademki y\u00fczde 49&#8217;u verebiliyorsunuz, ilk ba\u015fta y\u00fczde 37&#8217;yi niye a\u00e7\u0131klad\u0131n\u0131z? Kur korumaya son bir y\u0131lda ayr\u0131lan 1 trilyonu a\u015fk\u0131n para ile bu y\u0131l faize aktar\u0131lan 1 trilyon 256 milyar\u0131n hesab\u0131n\u0131 yapmayan iktidar, emekliye verilecek 200 milyar\u0131n hesab\u0131n\u0131 yapm\u0131\u015ft\u0131r.\u201d<\/p>\n<p>\u201cT\u00dc\u0130K&#8217;in enflasyon sepetindekiler, garip gureban\u0131n al\u0131\u015fveri\u015f sepetinde yok\u201d<\/p>\n<p>T\u00dc\u0130K&#8217;in enflasyonu do\u011fru aktarmad\u0131\u011f\u0131n\u0131 ele\u015ftiren Ekmen, s\u00f6zlerini \u015f\u00f6yle s\u00fcrd\u00fcrd\u00fc:<\/p>\n<p>\u201cT\u00dc\u0130K&#8217;in enflasyon sepetinde \u00f6zel otomobil yak\u0131t\u0131, u\u00e7ak bileti, otoban ge\u00e7i\u015f \u00fccreti, abone usul\u00fc \u00e7al\u0131\u015fan \u00f6zel TV yay\u0131nlar\u0131, sa\u011fl\u0131k, cilt ve v\u00fccut \u00fcr\u00fcnleri, bal\u0131k \u00fcr\u00fcnleri, giyim ve ayakkab\u0131 var ama bunlar\u0131n hi\u00e7biri garip gureban\u0131n ve enflasyonun al\u0131\u015fveri\u015f sepetinde yok. Peki, emeklinin al\u0131\u015fveri\u015f sepetinde ne var? Kuru ekmek var, patates, so\u011fan var, pazarda ak\u015fam vakti yap\u0131lan al\u0131\u015fveri\u015f var, ayda bir al\u0131nabilen k\u0131yma ve \u00e7orbalar i\u00e7in kemik var, tavuk k\u0131r\u0131nt\u0131s\u0131 var, birka\u00e7 y\u0131lda bir ald\u0131\u011f\u0131 ayakkab\u0131 ve k\u0131yafet var, torununa alamad\u0131\u011f\u0131 \u00e7ikolata ve gofret var, kira var, otob\u00fcs bileti var. Bunlar\u0131n hesab\u0131 D\u0130SK-AR ara\u015ft\u0131rmas\u0131na g\u00f6re y\u00fczde 106, bug\u00fcn verilen miktar ise y\u00fczde 49. Peki, emekli bunlarla ihtiyac\u0131n\u0131 ne kadar kar\u015f\u0131layabilecek?\u201d<\/p>\n<p>\u201cBir k\u0131s\u0131m arkada\u015flar\u0131m\u0131z sokaktan kopmu\u015f olabilir.\u201d diyerek, AK Parti s\u0131ralar\u0131na itafta bulunan Ekmen, \u201cSokaktaki bir \u00f6\u011frenci karde\u015fimizin feryad\u0131n\u0131 30 saniye size dinlettirmek istiyorum.\u201d diyerek, Genel Kurul\u2019a ses kayd\u0131 dinletti.<\/p>\n<p>Ekmen daha sonra a\u00e7\u0131klamalar\u0131n\u0131n bulundu\u011fu videoyu \u015fahsi sosyal medya hesapalar\u0131 \u00fczerinden de payla\u015ft\u0131. <\/p>\n","protected":false},"excerpt":{"rendered":"<p>DEVA Partisi Genel Ba\u015fkan Yard\u0131mc\u0131s\u0131 Ekmen, TBMM Genel Kurulunda yapt\u0131\u011f\u0131 konu\u015fmas\u0131nda; Cumhurba\u015fkanl\u0131\u011f\u0131 H\u00fck\u00fbmet Sistemi, emeklilere yap\u0131lan zam, T\u00dc\u0130K&#8217;in enflasyonu ve Kur Korumal\u0131 Mevduat Sistemi hakk\u0131nda ele\u015ftirilerini dile getirdi. DEVA Partisi Genel Ba\u015fkan Yard\u0131mc\u0131s\u0131 ve Mersin Milletvekili Mehmet Emin Ekmen, TBMM Genel Kurulunda s\u00f6z alarak yapt\u0131\u011f\u0131 konu\u015fmada \u015fu ifadelere yer verdi: \u201cMadem y\u00fczde 49&#8217;u verebiliyorsunuz, ilk [&hellip;]<\/p>\n","protected":false},"author":2,"featured_media":30005,"comment_status":"open","ping_status":"open","sticky":false,"template":"","format":"standard","meta":{"footnotes":""},"categories":[3,6],"tags":[],"class_list":["post-30180","post","type-post","status-publish","format-standard","has-post-thumbnail","hentry","category-manset","category-siyaset-2"],"views":13,"_links":{"self":[{"href":"https:\/\/mersinkadingazetesi.com\/index.php?rest_route=\/wp\/v2\/posts\/30180"}],"collection":[{"href":"https:\/\/mersinkadingazetesi.com\/index.php?rest_route=\/wp\/v2\/posts"}],"about":[{"href":"https:\/\/mersinkadingazetesi.com\/index.php?rest_route=\/wp\/v2\/types\/post"}],"author":[{"embeddable":true,"href":"https:\/\/mersinkadingazetesi.com\/index.php?rest_route=\/wp\/v2\/users\/2"}],"replies":[{"embeddable":true,"href":"https:\/\/mersinkadingazetesi.com\/index.php?rest_route=%2Fwp%2Fv2%2Fcomments&post=30180"}],"version-history":[{"count":0,"href":"https:\/\/mersinkadingazetesi.com\/index.php?rest_route=\/wp\/v2\/posts\/30180\/revisions"}],"wp:featuredmedia":[{"embeddable":true,"href":"https:\/\/mersinkadingazetesi.com\/index.php?rest_route=\/wp\/v2\/media\/30005"}],"wp:attachment":[{"href":"https:\/\/mersinkadingazetesi.com\/index.php?rest_route=%2Fwp%2Fv2%2Fmedia&parent=30180"}],"wp:term":[{"taxonomy":"category","embeddable":true,"href":"https:\/\/mersinkadingazetesi.com\/index.php?rest_route=%2Fwp%2Fv2%2Fcategories&post=30180"},{"taxonomy":"post_tag","embeddable":true,"href":"https:\/\/mersinkadingazetesi.com\/index.php?rest_route=%2Fwp%2Fv2%2Ftags&post=30180"}],"curies":[{"name":"wp","href":"https:\/\/api.w.org\/{rel}","templated":true}]}}