{"id":30198,"date":"2024-01-26T12:39:51","date_gmt":"2024-01-26T09:39:51","guid":{"rendered":"http:\/\/mersinkadingazetesi.com\/?p=30198"},"modified":"2024-01-26T12:39:51","modified_gmt":"2024-01-26T09:39:51","slug":"gulnar-cocuk-atolyesinde-cocuklar-da-mutlu-veliler-de","status":"publish","type":"post","link":"https:\/\/mersinkadingazetesi.com\/?p=30198","title":{"rendered":"G\u00dcLNAR \u00c7OCUK AT\u00d6LYES\u0130&#8217;NDE \u00c7OCUKLAR DA MUTLU, VEL\u0130LER DE"},"content":{"rendered":"<p>Mersin B\u00fcy\u00fck\u015fehir Belediyesi, ge\u00e7ti\u011fimiz aylarda G\u00fclnar&#8217;da hizmete a\u00e7t\u0131\u011f\u0131 \u00c7ocuk At\u00f6lyesi&#8217;nde hem \u00e7ocuklara y\u00f6nelik nitelikli e\u011fitim vermeye, hem de aileleri bilin\u00e7lendirmeye y\u00f6nelik uygulamalara devam ediyor. B\u00fcy\u00fck\u015fehir Belediyesi Kad\u0131n ve Aile Hizmetleri Dairesi Ba\u015fkanl\u0131\u011f\u0131 taraf\u0131ndan, G\u00fclnar&#8217;da yakla\u015f\u0131k 1 ay \u00f6nce hizmet vermeye ba\u015flayan G\u00fclnar \u00c7ocuk At\u00f6lyesi&#8217;ndeki \u00e7ocuklar\u0131n ailelerine y\u00f6nelik, &#8216;Ebeveyn Yolculu\u011fu&#8217; ba\u015fl\u0131kl\u0131 seminer ger\u00e7ekle\u015ftirildi. \u00c7ocuk Geli\u015fim Merkezleri E\u011fitim Koordinat\u00f6r\u00fc \u00d6zlem Tan\u0131\u015f\u0131k; \u00e7ocuklar\u0131n geli\u015fimi, \u00e7ocuklara nas\u0131l yakla\u015f\u0131lmas\u0131 gerekti\u011fi, ebeveynlikte yap\u0131lmas\u0131 ve yap\u0131lmamas\u0131 gereken davran\u0131\u015flar\u0131 ailelere aktard\u0131. Seminerin kendileri i\u00e7in olduk\u00e7a bilgilendirici ve e\u011fitici oldu\u011funu belirten aileler ise, il\u00e7elerine bir at\u00f6lye a\u00e7\u0131lmas\u0131ndan dolay\u0131 ya\u015fad\u0131klar\u0131 memnuniyeti dile getirdiler.<\/p>\n<p>Tan\u0131\u015f\u0131k: &#8220;G\u00fclnar \u00c7ocuk At\u00f6lyemiz, yakla\u015f\u0131k 1 ay \u00f6nce hizmet vermeye ba\u015flad\u0131&#8221;<\/p>\n<p>Mersin B\u00fcy\u00fck\u015fehir Belediyesi Kad\u0131n ve Aile Hizmetleri Dairesi Ba\u015fkanl\u0131\u011f\u0131 \u00c7ocuk Geli\u015fim Merkezleri E\u011fitim Koordinat\u00f6r\u00fc \u00d6zlem Tan\u0131\u015f\u0131k, G\u00fclnar \u00c7ocuk At\u00f6lyesi&#8217;nde ger\u00e7ekle\u015ftirdikleri sunumun i\u00e7eri\u011finden s\u00f6z ederek, &#8220;G\u00fclnar \u00c7ocuk At\u00f6lyemiz, hizmete ba\u015flayal\u0131 yakla\u015f\u0131k 1 ay oldu. 1 ayd\u0131r \u00e7ocuklar\u0131m\u0131z ve ebeveynleri at\u00f6lyemizden faydalanmaktalar. Bu s\u00fcre\u00e7 i\u00e7erisinde ebeveynlerimizin de yolculu\u011funu desteklemek i\u00e7in, bug\u00fcn &#8216;Ebeveyn Yolculu\u011fu&#8217; ad\u0131 alt\u0131nda bir seminer d\u00fczenledik. Ebeveynlerimizin de tam ve istekli kat\u0131l\u0131m\u0131yla sunumumuzu ger\u00e7ekle\u015ftirdik&#8221; dedi. Ebeveynlerin geri d\u00f6n\u00fc\u015flerinin olduk\u00e7a olumlu oldu\u011fundan da s\u00f6z eden Tan\u0131\u015f\u0131k, &#8220;Ebeveynlerimizin kat\u0131l\u0131mlar\u0131 gayet aktifti. S\u00fcreci de\u011ferlendirdi\u011fimizde onlardan da olumlu geri d\u00f6n\u00fc\u015f ald\u0131k&#8221; diye konu\u015ftu.<\/p>\n<p>&#8220;\u00c7ocuklar\u0131n geli\u015fim \u00f6zelliklerini birebir takip ediyoruz&#8221;<\/p>\n<p>G\u00fclnar \u00c7ocuk At\u00f6lyesi&#8217;ne kat\u0131l\u0131m\u0131n g\u00fcn ge\u00e7tik\u00e7e artt\u0131\u011f\u0131n\u0131 s\u00f6zlerine ekleyen Tan\u0131\u015f\u0131k, &#8220;\u015eu an 22 aktif \u00f6\u011frencimiz bulunmakta. \u00d6\u011frencilerimizin geli\u015fme alanlar\u0131na y\u00f6nelik b\u00fct\u00fcn etkinlik ve aktiviteler, g\u00fcn i\u00e7erisinde e\u011fitmenlerimiz taraf\u0131ndan ger\u00e7ekle\u015ftiriliyor&#8221; ifadelerini kulland\u0131. Ebeveynlere y\u00f6nelik bu tarzdaki bilgilendirici sunumlar\u0131n devam edece\u011fini kaydeden Tan\u0131\u015f\u0131k, &#8220;Ebeveynlerimiz \u00e7ocuklar\u0131n\u0131 teslim ald\u0131ktan sonra, \u00e7ocuklar\u0131n geli\u015fim \u00f6zelliklerini birebir takip ediyoruz. Bu s\u00fcre\u00e7 i\u00e7erisinde \u00e7ocuklar\u0131m\u0131z\u0131n aile hayatlar\u0131nda da desteklenmesi gereken durumlar\u0131 g\u00f6zlemliyor ve belirledi\u011fimiz konu ba\u015fl\u0131klar\u0131yla ilgili olarak ebeveynlerimize aile dan\u0131\u015fmanl\u0131\u011f\u0131 hizmeti ile seminerler veriyoruz&#8221; dedi.<\/p>\n<p>Zeliha Akta\u015f: &#8220;Bu seminerler, ertelediklerimizi \u00f6ne almay\u0131 sa\u011fl\u0131yor&#8221;<\/p>\n<p>Ebeveynlerden Zeliha Akta\u015f, \u00e7ocu\u011funun 1 ayd\u0131r G\u00fclnar \u00c7ocuk At\u00f6lyesi&#8217;nde e\u011fitim ald\u0131\u011f\u0131ndan s\u00f6z ederek, &#8220;\u00c7ok keyifli ve g\u00fczel ge\u00e7iyor. Okula gitmek konusunda biraz s\u0131k\u0131lma evresi ya\u015fam\u0131\u015ft\u0131. Buras\u0131 bizim i\u00e7in \u00e7ok b\u00fcy\u00fck bir art\u0131 oldu&#8221; dedi. Ebeveynlere y\u00f6nelik verilen e\u011fitim hakk\u0131nda da konu\u015fan Akta\u015f, &#8220;Veliler olarak sorumluluklar\u0131m\u0131z bitmiyor. Bunlar\u0131 bir kere daha vurgulayarak dinlemek \u00e7ok ho\u015ftu. A\u00e7\u0131k\u00e7as\u0131 bu seminerler, ertelediklerimizi \u00f6ne almay\u0131 sa\u011fl\u0131yor ve bundan dolay\u0131 memnunuz&#8221; diye konu\u015ftu.<\/p>\n<p>\u00c7ocu\u011funun at\u00f6lyeye gelirken mutlu bir \u015fekilde geldi\u011fini de dile getiren Akta\u015f, &#8220;\u00c7ocu\u011fum buraya gelirken olduk\u00e7a keyif al\u0131yor ve bir s\u0131k\u0131nt\u0131 yok. Devam ediyoruz, mutluyuz. B\u00fcy\u00fck\u015fehir&#8217;in hizmetlerinden de \u00e7ok memnunuz. Bu konuda \u00f6rnek bir Ba\u015fkan\u0131m\u0131z oldu\u011fundan hi\u00e7 ku\u015fkum yok&#8221; ifadelerini kulland\u0131.<\/p>\n<p>Kader K\u0131rm\u0131z\u0131: &#8220;\u00c7ocu\u011fum memnun olduk\u00e7a ben daha \u00e7ok memnun oluyorum&#8221;<\/p>\n<p>Ebeveynlerden Kader K\u0131rm\u0131z\u0131 ise, &#8220;G\u00fclnar \u00c7ocuk At\u00f6lyesi daha yeni a\u00e7\u0131ld\u0131 ve 1 ayd\u0131r buraday\u0131z, \u00e7ok memnunuz.  \u00c7ocu\u011fum \u00f6nceki okulundan daha mutlu, her g\u00fcn buraya gelmek istiyor. \u00d6\u011fretmenimizden de \u00e7ok memnun. \u00c7ocu\u011fum memnun olduk\u00e7a, ben daha \u00e7ok memnun oluyorum. O mutlu olsun yeter&#8221; dedi. Yap\u0131lan sunumu da de\u011ferlendiren K\u0131rm\u0131z\u0131, &#8220;Bizim i\u00e7in \u00e7ok iyi oldu. Zaten normalde ya\u015fad\u0131\u011f\u0131m\u0131z \u015feylerdi, ama bizi bilgilendirdikleri i\u00e7in \u00e7ok te\u015fekk\u00fcr ediyorum. Ba\u015fkan\u0131m\u0131z da \u00e7ok ba\u015far\u0131l\u0131. \u0130yi ki ba\u015f\u0131m\u0131za geldi, iyi de oldu&#8221; diye belirtti.<\/p>\n","protected":false},"excerpt":{"rendered":"<p>Mersin B\u00fcy\u00fck\u015fehir Belediyesi, ge\u00e7ti\u011fimiz aylarda G\u00fclnar&#8217;da hizmete a\u00e7t\u0131\u011f\u0131 \u00c7ocuk At\u00f6lyesi&#8217;nde hem \u00e7ocuklara y\u00f6nelik nitelikli e\u011fitim vermeye, hem de aileleri bilin\u00e7lendirmeye y\u00f6nelik uygulamalara devam ediyor. B\u00fcy\u00fck\u015fehir Belediyesi Kad\u0131n ve Aile Hizmetleri Dairesi Ba\u015fkanl\u0131\u011f\u0131 taraf\u0131ndan, G\u00fclnar&#8217;da yakla\u015f\u0131k 1 ay \u00f6nce hizmet vermeye ba\u015flayan G\u00fclnar \u00c7ocuk At\u00f6lyesi&#8217;ndeki \u00e7ocuklar\u0131n ailelerine y\u00f6nelik, &#8216;Ebeveyn Yolculu\u011fu&#8217; ba\u015fl\u0131kl\u0131 seminer ger\u00e7ekle\u015ftirildi. \u00c7ocuk Geli\u015fim Merkezleri [&hellip;]<\/p>\n","protected":false},"author":2,"featured_media":30199,"comment_status":"open","ping_status":"open","sticky":false,"template":"","format":"standard","meta":{"footnotes":""},"categories":[3],"tags":[],"class_list":["post-30198","post","type-post","status-publish","format-standard","has-post-thumbnail","hentry","category-manset"],"views":2,"_links":{"self":[{"href":"https:\/\/mersinkadingazetesi.com\/index.php?rest_route=\/wp\/v2\/posts\/30198"}],"collection":[{"href":"https:\/\/mersinkadingazetesi.com\/index.php?rest_route=\/wp\/v2\/posts"}],"about":[{"href":"https:\/\/mersinkadingazetesi.com\/index.php?rest_route=\/wp\/v2\/types\/post"}],"author":[{"embeddable":true,"href":"https:\/\/mersinkadingazetesi.com\/index.php?rest_route=\/wp\/v2\/users\/2"}],"replies":[{"embeddable":true,"href":"https:\/\/mersinkadingazetesi.com\/index.php?rest_route=%2Fwp%2Fv2%2Fcomments&post=30198"}],"version-history":[{"count":0,"href":"https:\/\/mersinkadingazetesi.com\/index.php?rest_route=\/wp\/v2\/posts\/30198\/revisions"}],"wp:featuredmedia":[{"embeddable":true,"href":"https:\/\/mersinkadingazetesi.com\/index.php?rest_route=\/wp\/v2\/media\/30199"}],"wp:attachment":[{"href":"https:\/\/mersinkadingazetesi.com\/index.php?rest_route=%2Fwp%2Fv2%2Fmedia&parent=30198"}],"wp:term":[{"taxonomy":"category","embeddable":true,"href":"https:\/\/mersinkadingazetesi.com\/index.php?rest_route=%2Fwp%2Fv2%2Fcategories&post=30198"},{"taxonomy":"post_tag","embeddable":true,"href":"https:\/\/mersinkadingazetesi.com\/index.php?rest_route=%2Fwp%2Fv2%2Ftags&post=30198"}],"curies":[{"name":"wp","href":"https:\/\/api.w.org\/{rel}","templated":true}]}}