{"id":30204,"date":"2024-01-26T12:41:46","date_gmt":"2024-01-26T09:41:46","guid":{"rendered":"http:\/\/mersinkadingazetesi.com\/?p=30204"},"modified":"2024-01-26T12:41:46","modified_gmt":"2024-01-26T09:41:46","slug":"kocamaz-issizlik-fonu-bu-hukumetin-elinde-adeta-isveren-fonuna-donusmustur","status":"publish","type":"post","link":"https:\/\/mersinkadingazetesi.com\/?p=30204","title":{"rendered":"KOCAMAZ, &#8220;\u0130\u015eS\u0130ZL\u0130K FONU BU H\u00dcK\u00dcMET\u0130N EL\u0130NDE ADETA \u0130\u015eVEREN FONUNA D\u00d6N\u00dc\u015eM\u00dc\u015eT\u00dcR&#8221;"},"content":{"rendered":"<p>\u0130\u015fsizlik Sigortas\u0131 Kanunu ile Baz\u0131 Kanunlarda De\u011fi\u015fiklik Yap\u0131lmas\u0131na \u0130li\u015fkin Kanun Teklifi, TBMM&#8217;de g\u00f6r\u00fc\u015f\u00fcld\u00fc. \u0130Y\u0130 Parti Mersin Milletvekili Burhanettin Kocamaz, fonun amac\u0131 d\u0131\u015f\u0131nda kullan\u0131ld\u0131\u011f\u0131n\u0131 ileri s\u00fcrd\u00fc. Teklifteki emekli ayl\u0131\u011f\u0131 d\u00fczenlemesine dikkat \u00e7eken Kocamaz, en d\u00fc\u015f\u00fck emekli ayl\u0131\u011f\u0131n\u0131n 17 bin lira olan asgari \u00fccret d\u00fczeyine \u00e7\u0131kar\u0131lmas\u0131 gerekti\u011fini kaydetti.<\/p>\n<p>\u0130\u015fsizlik Sigortas\u0131 Kanunu ile Baz\u0131 Kanunlarda De\u011fi\u015fiklik Yap\u0131lmas\u0131na \u0130li\u015fkin Kanun Teklifi, T\u00fcrkiye B\u00fcy\u00fck Millet Meclisi&#8217;nde (TBMM) g\u00f6r\u00fc\u015f\u00fcld\u00fc.<\/p>\n<p>91 s\u0131ra say\u0131l\u0131 \u0130\u015fsizlik Sigortas\u0131 Kanunu ile Baz\u0131 Kanunlarda De\u011fi\u015fiklik Yap\u0131lmas\u0131na Dair Kanun Teklifi&#8217;nin 10&#8217;uncu maddesi \u00fczerine grubu ad\u0131na s\u00f6z alan \u0130Y\u0130 Parti Mersin Milletvekili Burhanettin Kocamaz, \u0130\u015fsizlik Sigortas\u0131 Fonu&#8217;nun ama\u00e7 d\u0131\u015f\u0131 kullan\u0131ld\u0131\u011f\u0131na dikkat \u00e7ekti.<\/p>\n<p>&#8220;EMEKL\u0130N\u0130N ZAMMI CEB\u0130NE G\u0130RMEDEN ER\u0130M\u0130\u015e DURUMDA&#8221;<\/p>\n<p>\u0130yi Partili Kocamaz, \u00dclkemizde ekonomik krizin her ge\u00e7en g\u00fcn derinle\u015fmekte, maa\u015flara yap\u0131lan zamlar\u0131n daha ceplere girmeden y\u00fcksek enflasyon ve kur art\u0131\u015f\u0131 kar\u015f\u0131s\u0131nda k\u0131sa s\u00fcrede erimekte oldu\u011funu ileri s\u00fcrerek \u0130\u015fsizlik Fonunun bu H\u00fck\u00fcmetin elinde \u00e2deta i\u015fveren fonuna d\u00f6n\u00fc\u015fl\u00fc\u011f\u00fcne vurgu yapt\u0131.<\/p>\n<p>Kocamaz,&#8221;T\u00fcrkiye ekonomisi yeni ekonomi y\u00f6netimiyle d\u00fczl\u00fc\u011fe \u00e7\u0131kmak bir yana, \u00fcretim ve istihdam konusunda b\u00fcy\u00fck sorunlar ya\u015famaktad\u0131r. Ekonomik kriz kar\u015f\u0131s\u0131nda H\u00fck\u00fcmet, b\u0131rak\u0131n yeni istihdam sa\u011flamay\u0131 mevcut istihdam\u0131 koruma konusunda bile zorlanmaktad\u0131r. Bu nedenle, H\u00fck\u00fcmetin i\u015fverenlere sa\u011flam\u0131\u015f oldu\u011fu asgari \u00fccret ve k\u0131sa \u00e7al\u0131\u015fma \u00f6dene\u011fi destekleri s\u00fcrekli olarak uzat\u0131lmaktad\u0131r. Bu i\u015fler i\u00e7in de H\u00fck\u00fcmet ne yaz\u0131k ki her zaman oldu\u011fu gibi \u0130\u015fsizlik Fonu&#8217;nu kullanmaktad\u0131r&#8221; \u015feklinde konu\u015ftu.<\/p>\n<p>&#8220;\u0130\u015eS\u0130ZL\u0130K S\u0130GORTASI FONU&#8217;NDA AMACI DI\u015eINDA KULLANIM ARTMI\u015eTIR&#8221;<\/p>\n<p>\u0130\u015fsizlik Sigortas\u0131 Fonu&#8217;nda amac\u0131 d\u0131\u015f\u0131nda kullan\u0131m artt\u0131\u011f\u0131na da dikkat \u00e7eken Milletvekili Kocamaz, \u0130\u015fverene, hazine garantili yat\u0131r\u0131mlara kaynak bulma konusunda hi\u00e7 s\u0131k\u0131nt\u0131 ya\u015famayan H\u00fck\u00fcmetin, s\u00f6z konusu emekliler oldu\u011funda kaynak sorunu ya\u015famakta, y\u00fcksek zam yapmaktan ka\u00e7\u0131nmamakta ve kul hakk\u0131na girdi\u011fini ileri s\u00fcrd\u00fc.<\/p>\n<p>Kocamaz, &#8220;2023 y\u0131l\u0131nda i\u015fsizlik maa\u015f\u0131 i\u00e7in ba\u015fvuran 1 milyon 483 bin ki\u015fiden sadece 673 bin 360 ki\u015fiye maa\u015f ba\u011flanm\u0131\u015ft\u0131r. \u0130\u015fsizlik Fonu&#8217;ndan i\u015fverene 40 milyar TL \u00f6deme yap\u0131l\u0131rken i\u015fsizlere yaln\u0131zca yar\u0131s\u0131 kadar, 21 milyar 673 milyon TL aktar\u0131lm\u0131\u015ft\u0131r&#8221; dedi.<\/p>\n<p>&#8221; EN D\u00dc\u015e\u00dcK EMEKL\u0130 MAA\u015eI A\u00c7LIK SINIRININ \u00dcZER\u0130NE, ASGAR\u0130 \u00dcCRET SEV\u0130YES\u0130NE Y\u00dcKSELT\u0130LMEL\u0130D\u0130R&#8221;<\/p>\n<p>Teklifle en d\u00fc\u015f\u00fck emekli ayl\u0131\u011f\u0131n\u0131n 7 bin 500 TL&#8217;den 10 bin TL&#8217;ye \u00e7\u0131kart\u0131ld\u0131\u011f\u0131na dikkat \u00e7eken \u0130Y\u0130 Parti Mersin Milletvekili Burhanettin Kocamaz, en d\u00fc\u015f\u00fck emekli ayl\u0131\u011f\u0131n\u0131n 17 bin lira olan asgari \u00fccret seviyesine \u00e7\u0131kar\u0131lmas\u0131 ve s\u00f6z konusu art\u0131\u015f\u0131n b\u00fct\u00fcn emekli ayl\u0131klar\u0131na yans\u0131t\u0131lmas\u0131 gerekti\u011fini vurgulad\u0131.<\/p>\n<p>Kocamaz,&#8221;Emeklilerimizden ve muhalefetten gelen tepki \u00fczerine H\u00fck\u00fcmet, SSK ve BA\u011e-KUR emeklilerinin zam oran\u0131n\u0131 \u00f6nce y\u00fczde 5&#8217;lik ilave art\u0131\u015fla y\u00fczde 42,6&#8217;ya, daha sonra da y\u00fczde 49,25&#8217;e y\u00fckseltmi\u015ftir. Buna ra\u011fmen, emeklilerimize yap\u0131lan zam oran\u0131, \u00f6zel sekt\u00f6r taraf\u0131ndan i\u015fletilen hazine garantili otoyol ve k\u00f6pr\u00fc ge\u00e7i\u015f \u00fccretlerine y\u0131lba\u015f\u0131nda yap\u0131lan y\u00fczde 50 ve y\u00fczde 76 oran\u0131ndaki zam ile her t\u00fcrl\u00fc vergi ve har\u00e7lara yap\u0131lan y\u00fczde 58,46&#8217;l\u0131k zam oran\u0131n\u0131n bile gerisinde kalm\u0131\u015ft\u0131r. B\u00f6ylece, 10 bin TL&#8217;lik en d\u00fc\u015f\u00fck emekli maa\u015f\u0131, bug\u00fcn 14.431 TL&#8217;lik a\u00e7l\u0131k s\u0131n\u0131r\u0131n\u0131n ve 47 bin TL&#8217;lik yoksulluk s\u0131n\u0131r\u0131n\u0131n \u00e7ok alt\u0131nda kalm\u0131\u015ft\u0131r. En d\u00fc\u015f\u00fck emekli maa\u015f\u0131 en az\u0131ndan a\u00e7l\u0131k s\u0131n\u0131r\u0131n\u0131n \u00fczerine, asgari \u00fccret seviyesine y\u00fckseltilmelidir, emeklilerimizin talepleri de bu y\u00f6ndedir&#8221; \u015feklinde konu\u015ftu.<\/p>\n<p>&#8220;H\u0130\u00c7 K\u0130MSE &#8216;B\u0130Z EMEKL\u0130LER\u0130 ENFLASYONA EZD\u0130RMED\u0130K&#8217; D\u0130YEREK M\u0130LLETLE ALAY ETMES\u0130N&#8221;<\/p>\n<p>\u0130Y\u0130 Parti Mersin Milletvekili Burhanettin Kocamaz, \u0130\u015fsizlik Sigortas\u0131 Fonu&#8217;nun sosyal g\u00fcvenlik sisteminin destekleyici bir unsuru haline getirilmeye \u00e7al\u0131\u015f\u0131ld\u0131\u011f\u0131n\u0131 ileri s\u00fcrd\u00fc.<\/p>\n<p>Yap\u0131lan zamlar\u0131n yetersiz kald\u0131\u011f\u0131n\u0131, emeklilerin y\u0131llard\u0131r i\u00e7ine d\u00fc\u015f\u00fcr\u00fcld\u00fckleri fakirlik ve yard\u0131ma muhta\u00e7 durumdan kurtulamad\u0131\u011f\u0131n\u0131 hat\u0131rlatan Kocamaz, &#8220;Bu tablo kar\u015f\u0131s\u0131nda hi\u00e7 kimse \u00e7\u0131k\u0131p da 2024 y\u0131l\u0131n\u0131 &#8220;Emekliler Y\u0131l\u0131&#8221; ilan etmeye kalkmas\u0131n &#8220;Biz emeklileri enflasyona ezdirmedik&#8221; diyerek milletle alay etmesin; \u00f6nce aynaya baks\u0131n, s\u00f6ylediklerine samimi olarak kendisinin de inan\u0131p inanmad\u0131\u011f\u0131n\u0131 test etsin&#8221; diyerek H\u00fck\u00fcmete y\u00fcklendi.<\/p>\n<p>Kocamaz, &#8220;3294 say\u0131l\u0131 Sosyal Yard\u0131mla\u015fma ve Dayan\u0131\u015fmay\u0131 Te\u015fvik Kanunu&#8217;nun 2&#8217;nci maddesine g\u00f6re, hane i\u00e7erisinde ki\u015fi ba\u015f\u0131na d\u00fc\u015fen ayl\u0131k gelirin asgari \u00fccretin 1\/3&#8217;\u00fcnden az olmas\u0131 h\u00e2linde, hane fakir ve yard\u0131ma muhta\u00e7t\u0131r. Bug\u00fcn asgari \u00fccretin 1\/3&#8217;l\u00fck k\u0131sm\u0131 5.667 TL&#8217;dir. Ayl\u0131k 10 bin TL gelire sahip 2 ki\u015filik emekli ailenin ki\u015fi ba\u015f\u0131na d\u00fc\u015fen geliri 5 bin TL olaca\u011f\u0131na g\u00f6re, emeklilerimiz yasayla tan\u0131mlanan &#8220;fakir ve yard\u0131ma muhta\u00e7&#8221; kapsam\u0131na girmektedir. Bu tablo kar\u015f\u0131s\u0131nda hi\u00e7 kimse \u00e7\u0131k\u0131p da 2024 y\u0131l\u0131n\u0131 &#8220;Emekliler Y\u0131l\u0131&#8221; ilan etmeye kalkmas\u0131n &#8220;Biz emeklileri enflasyona ezdirmedik.&#8221; diyerek milletle alay etmesin; \u00f6nce aynaya baks\u0131n, s\u00f6ylediklerine samimi olarak kendisinin de inan\u0131p inanmad\u0131\u011f\u0131n\u0131 test etsin, s\u00f6yledi\u011fi yalan nedeniyle y\u00fcz\u00fcn\u00fcn k\u0131zar\u0131p k\u0131zarmad\u0131\u011f\u0131n\u0131 g\u00f6rs\u00fcn. Ger\u00e7ek \u015fu ki: Emeklilerimiz bug\u00fcn y\u00fcksek enflasyon alt\u0131nda inim inim inlemektedir&#8221; \u015feklinde konu\u015ftu.<\/p>\n<p> Milletvekili Kocamaz konu\u015fmas\u0131n\u0131, Aziz Atat\u00fcrk&#8217;\u00fcn &#8220;Bir milletin ya\u015fl\u0131 vatanda\u015flar\u0131na ve emeklilerine kar\u015f\u0131 tutumu o milletin ya\u015fama kudretinin en \u00f6nemli k\u0131stas\u0131d\u0131r. Mazide muktedirken b\u00fct\u00fcn kuvvetiyle \u00e7al\u0131\u015fm\u0131\u015f olanlara kar\u015f\u0131 minnet hissi duymayan bir milletin istikbale g\u00fcvenle bakmaya hakk\u0131 yoktur&#8221; s\u00f6zleri ile tamamlad\u0131.<\/p>\n","protected":false},"excerpt":{"rendered":"<p>\u0130\u015fsizlik Sigortas\u0131 Kanunu ile Baz\u0131 Kanunlarda De\u011fi\u015fiklik Yap\u0131lmas\u0131na \u0130li\u015fkin Kanun Teklifi, TBMM&#8217;de g\u00f6r\u00fc\u015f\u00fcld\u00fc. \u0130Y\u0130 Parti Mersin Milletvekili Burhanettin Kocamaz, fonun amac\u0131 d\u0131\u015f\u0131nda kullan\u0131ld\u0131\u011f\u0131n\u0131 ileri s\u00fcrd\u00fc. Teklifteki emekli ayl\u0131\u011f\u0131 d\u00fczenlemesine dikkat \u00e7eken Kocamaz, en d\u00fc\u015f\u00fck emekli ayl\u0131\u011f\u0131n\u0131n 17 bin lira olan asgari \u00fccret d\u00fczeyine \u00e7\u0131kar\u0131lmas\u0131 gerekti\u011fini kaydetti. \u0130\u015fsizlik Sigortas\u0131 Kanunu ile Baz\u0131 Kanunlarda De\u011fi\u015fiklik Yap\u0131lmas\u0131na \u0130li\u015fkin [&hellip;]<\/p>\n","protected":false},"author":2,"featured_media":30205,"comment_status":"open","ping_status":"open","sticky":false,"template":"","format":"standard","meta":{"footnotes":""},"categories":[3,6],"tags":[],"class_list":["post-30204","post","type-post","status-publish","format-standard","has-post-thumbnail","hentry","category-manset","category-siyaset-2"],"views":1,"_links":{"self":[{"href":"https:\/\/mersinkadingazetesi.com\/index.php?rest_route=\/wp\/v2\/posts\/30204"}],"collection":[{"href":"https:\/\/mersinkadingazetesi.com\/index.php?rest_route=\/wp\/v2\/posts"}],"about":[{"href":"https:\/\/mersinkadingazetesi.com\/index.php?rest_route=\/wp\/v2\/types\/post"}],"author":[{"embeddable":true,"href":"https:\/\/mersinkadingazetesi.com\/index.php?rest_route=\/wp\/v2\/users\/2"}],"replies":[{"embeddable":true,"href":"https:\/\/mersinkadingazetesi.com\/index.php?rest_route=%2Fwp%2Fv2%2Fcomments&post=30204"}],"version-history":[{"count":0,"href":"https:\/\/mersinkadingazetesi.com\/index.php?rest_route=\/wp\/v2\/posts\/30204\/revisions"}],"wp:featuredmedia":[{"embeddable":true,"href":"https:\/\/mersinkadingazetesi.com\/index.php?rest_route=\/wp\/v2\/media\/30205"}],"wp:attachment":[{"href":"https:\/\/mersinkadingazetesi.com\/index.php?rest_route=%2Fwp%2Fv2%2Fmedia&parent=30204"}],"wp:term":[{"taxonomy":"category","embeddable":true,"href":"https:\/\/mersinkadingazetesi.com\/index.php?rest_route=%2Fwp%2Fv2%2Fcategories&post=30204"},{"taxonomy":"post_tag","embeddable":true,"href":"https:\/\/mersinkadingazetesi.com\/index.php?rest_route=%2Fwp%2Fv2%2Ftags&post=30204"}],"curies":[{"name":"wp","href":"https:\/\/api.w.org\/{rel}","templated":true}]}}