{"id":30222,"date":"2024-01-28T10:01:29","date_gmt":"2024-01-28T07:01:29","guid":{"rendered":"http:\/\/mersinkadingazetesi.com\/?p=30222"},"modified":"2024-01-28T10:01:29","modified_gmt":"2024-01-28T07:01:29","slug":"kultur-herkesindir-kultur-butun-insanligindir","status":"publish","type":"post","link":"https:\/\/mersinkadingazetesi.com\/?p=30222","title":{"rendered":"&#8220;K\u00dcLT\u00dcR HERKES\u0130ND\u0130R, K\u00dcLT\u00dcR B\u00dcT\u00dcN \u0130NSANLI\u011eINDIR&#8221;"},"content":{"rendered":"<p>Mersin B\u00fcy\u00fck\u015fehir Belediye Ba\u015fkan\u0131 Vahap Se\u00e7er, B\u00fcy\u00fck\u015fehir taraf\u0131ndan d\u00fczenlenen &#8216;T\u00fcrkiye Cumhuriyeti&#8217;nin 100. Y\u0131l\u0131 Resim Sergisi ve \u00d6d\u00fcl T\u00f6reni&#8217;ne kat\u0131ld\u0131.<\/p>\n<p>Ahmet Ye\u015fil Sanat Galerisi&#8217;nde d\u00fczenlenen programa Ba\u015fkan Se\u00e7er&#8217;in yan\u0131 s\u0131ra Cumhuriyet Halk Parti (CHP) Mersin Milletvekili Talat Din\u00e7er, Yeni\u015fehir Belediye Ba\u015fkan\u0131 Abdullah \u00d6zyi\u011fit, Mersin Ticaret ve Sanayi Odas\u0131 (MTSO) Meclis Ba\u015fkan\u0131 Hamit \u0130zol, Ressam Ahmet Ye\u015fil, Sergi K\u00fcrat\u00f6r\u00fc Ressam Veli Mert,  B\u00fcy\u00fck\u015fehir Belediyesi b\u00fcrokratlar\u0131 ve sanatseverler kat\u0131ld\u0131.<\/p>\n<p>Cumhuriyet&#8217;in 100. Y\u0131l\u0131 dolay\u0131s\u0131yla d\u00fczenlenen yar\u0131\u015fma sonucu sergileme \u00f6d\u00fcl\u00fc alan eserler, 26 Ocak- 26 \u015eubat tarihleri aras\u0131nda Yeni\u015fehir AKM&#8217;de Ahmet Ye\u015fil Sanat Galerisi&#8217;nde sanatseverlerle bulu\u015facak. Eserler Mersin&#8217;de kurulmas\u0131 planlanan \u00c7a\u011fda\u015f Sanatlar M\u00fczesi koleksiyonunun olu\u015fmas\u0131na da \u00f6nc\u00fc olacak.<\/p>\n<p>Se\u00e7er: &#8220;Sergi MEDEKA&#8217;n\u0131n \u00f6nemli katk\u0131s\u0131yla ortaya \u00e7\u0131kt\u0131&#8221;<\/p>\n<p>Konu\u015fmas\u0131na d\u00fcnyaca \u00fcnl\u00fc Mersinli Ressam Ahmet Ye\u015fil&#8217;e te\u015fekk\u00fcr ederek ba\u015flayan Ba\u015fkan Vahap Se\u00e7er, a\u00e7\u0131l\u0131\u015f\u0131 ger\u00e7ekle\u015ftirilen T\u00fcrkiye Cumhuriyeti&#8217;nin 100. Y\u0131l\u0131 Resim Sergisi&#8217;ni T\u00fcrkiye&#8217;nin her taraf\u0131ndan Ahmet Ye\u015fil gibi sanat\u00e7\u0131lar\u0131 \u00e7o\u011faltmak, resim sanat\u0131nda kabiliyetli olanlar\u0131 ortaya \u00e7\u0131kartmak, onlar\u0131n eserlerini sergilemek ve onlara te\u015fekk\u00fcr etmek amac\u0131 ile d\u00fczenlediklerini s\u00f6yledi. G\u00f6reve geldi\u011fi 2019 sonras\u0131nda yapt\u0131klar\u0131 de\u011ferlendirmeler sonucunda Mersin&#8217;e De\u011fer Katanlar (MEDEKA) Kurulu&#8217;nu olu\u015fturmaya karar verdiklerini aktaran Se\u00e7er, T\u00fcrkiye Cumhuriyeti&#8217;nin 100. Y\u0131l\u0131 Resim Sergisi&#8217;nin de MEDEKA&#8217;n\u0131n alt kurullar\u0131ndan olan Plastik Sanatlar Kurulu&#8217;nun \u00f6nemli katk\u0131s\u0131 ile ortaya \u00e7\u0131kt\u0131\u011f\u0131n\u0131 kaydetti.<\/p>\n<p>Yar\u0131\u015fmaya \u00fclke genelinden 187 ba\u015fvuru geldi\u011fini ve 48 eserin \u00f6d\u00fcl kazand\u0131\u011f\u0131n\u0131 aktaran Se\u00e7er, bu eserlerinde Mersin B\u00fcy\u00fck\u015fehir Belediyesi&#8217;nin \u00c7aml\u0131bel semtindeki yeni hizmet binas\u0131n\u0131n giri\u015f kat\u0131nda sergilenece\u011fini s\u00f6yledi. Mevcut hizmet binas\u0131n\u0131n h\u0131zl\u0131 bir \u015fekilde, hem kendi hem de kentin dokusuna uygun bir \u015fekilde restore edilerek &#8216;Kent M\u00fczesi&#8217; olarak halk\u0131n hizmetine a\u00e7\u0131laca\u011f\u0131n\u0131 dile getiren Se\u00e7er, &#8220;\u00d6n\u00fcm\u00fczdeki 5 y\u0131ll\u0131k g\u00f6rev s\u00fcremizde Ta\u015f Binam\u0131zda, o otantik, mistik atmosferde de sergi a\u00e7ma imk\u00e2n\u0131 buluruz diye umut ediyorum&#8221; dedi. G\u00f6revde bulundu\u011fu ilk 5 y\u0131ll\u0131k s\u00fcre i\u00e7erisinde bir\u00e7ok konuda yar\u0131\u015fmalar d\u00fczenlediklerini s\u00f6yleyen Se\u00e7er, &#8216;Mersin Roman \u00d6d\u00fcl\u00fc&#8217;n\u00fcn 3.&#8217;s\u00fcn\u00fc, &#8216;Pandemide Neler \u00c7ektik Foto\u011fraf Yar\u0131\u015fmas\u0131&#8217;n\u0131, &#8216;Cumhuriyetimizin 100. Y\u0131l\u0131nda Liseli G\u00f6z\u00fcnden Mersin Foto\u011fraf Yar\u0131\u015fmas\u0131&#8217;n\u0131 ve &#8216;Hik\u00e2yelerle Ku\u015faktan Ku\u015fa\u011fa Mersin Yar\u0131\u015fmas\u0131&#8217;n\u0131n ikincisini d\u00fczenlediklerini hat\u0131rlatarak, \u00f6n\u00fcm\u00fczdeki s\u00fcre\u00e7te de benzer bir\u00e7ok etkinliklerin alt\u0131na imza atmak istediklerini ifade etti.<\/p>\n<p>&#8220;Mersinlileri modern bir Mersin&#8217;de ya\u015fatmak isteriz&#8221;<\/p>\n<p>K\u00fclt\u00fcr ve sanat\u0131n her medeni, geli\u015fen, bilimin pe\u015finden giden, bilimi m\u00fcr\u015fit ya da mihmandar olarak kabul eden her toplum i\u00e7in \u00f6nemli oldu\u011funa dikkat \u00e7eken Se\u00e7er, &#8220;Biz Atat\u00fcrk&#8217;\u00fcn izinden gidiyoruz. Onun i\u00e7in de onun g\u00f6r\u00fc\u015fleri do\u011frultusunda y\u00f6netim anlay\u0131\u015f\u0131 sergiliyoruz. Biz Mersinlileri modern bir Mersin&#8217;de ya\u015fatmak isteriz. Biz Mersinlileri \u00e7a\u011fda\u015f bir Mersin&#8217;de ya\u015fatmak isteriz. Onun i\u00e7in de sadece B\u00fcy\u00fck\u015fehir Belediyesi de\u011fil, Yeni\u015fehir Belediyemizin ve Mezitli Belediyemizin bu konuda ortaya koyduklar\u0131 etkinlikler, projeler, k\u00fclt\u00fcr-sanat i\u00e7in yaratt\u0131klar\u0131 mekanlar, bunun en g\u00fczel g\u00f6stergesidir&#8221; diye konu\u015ftu.  <\/p>\n<p>&#8220;\u00c7ok de\u011ferli sanat\u00e7\u0131lar\u0131m\u0131z\u0131 b\u00fcnyemize katt\u0131k&#8221;<\/p>\n<p>B\u00fcy\u00fck\u015fehir olarak g\u00f6reve geldikleri g\u00fcnden bug\u00fcne kadar her konuda yapt\u0131klar\u0131 yeniliklerin i\u00e7erisinde &#8216;K\u00fclt\u00fcr ve Sanat&#8217; alan\u0131nda sunulan hizmetlerin de yer ald\u0131\u011f\u0131n\u0131 s\u00f6yleyen Se\u00e7er, &#8220;\u015eehir Tiyatromuzu yeniledik. \u00c7ok de\u011ferli sanat\u00e7\u0131lar\u0131m\u0131z\u0131 b\u00fcnyemize katt\u0131k. 292 oyun oynad\u0131 \u015eehir Tiyatromuz yeni tiyatro sanat\u00e7\u0131s\u0131 kadromuzla beraber. Kent Orkestras\u0131 ve T\u00fcrk Halk M\u00fczi\u011fi koromuzu, orkestram\u0131z\u0131, sanat\u00e7\u0131lar\u0131m\u0131z\u0131 ve enstr\u00fcmanlar\u0131m\u0131z\u0131 yeniledik. &#8216;Daha g\u00fczel, daha geni\u015f, daha akademik kadrolarda olsun ve bunlar en iyileri olsun&#8217; diye T\u00fcrkiye genelinde s\u0131navlar a\u00e7arak bunu ger\u00e7ekle\u015ftirdik. K\u00fclt\u00fcr, sanat ve m\u00fczik kurslar\u0131na \u00f6nem verdik&#8221; ifadelerini kulland\u0131.<\/p>\n<p>&#8221; &#8216;Cumhuriyet, kimsesizlerin kimsesidir&#8217; deriz ya i\u015fte Cumhuriyet tam da budur&#8221;<\/p>\n<p>Mersin&#8217;de ya\u015fayanlar i\u00e7in hayat\u0131n her alan\u0131nda sunduklar\u0131 f\u0131rsat e\u015fitli\u011fini k\u00fclt\u00fcr ve sanatta da ortaya koyduklar\u0131n\u0131n alt\u0131n\u0131 \u00e7izen Se\u00e7er \u015funlar\u0131 s\u00f6yledi:<\/p>\n<p>&#8220;Nas\u0131l &#8216;K\u0131r \u00c7i\u00e7ekleri&#8217; projemizde k\u00f6ylerde ya\u015fayan yurtta\u015flar\u0131m\u0131z\u0131n kabiliyetli sporcu k\u0131zlar\u0131n\u0131 yat\u0131l\u0131 okutup e\u011fitiyorsak, yine onlar\u0131n k\u00f6ylerine sanat\u00e7\u0131lar\u0131m\u0131z\u0131 g\u00f6nderdik, tiyatro oyunlar\u0131 sergiledik, konserler verdik. K\u00fclt\u00fcre ve sanata d\u00e2hil olmalar\u0131n\u0131 sa\u011flad\u0131k. &#8216;Cumhuriyet, kimsesizlerin kimsesidir&#8217; deriz ya, i\u015fte Cumhuriyet tam da budur. Yine emeklilerimizi ve \u00f6\u011frencilerimizi hi\u00e7bir zaman unutmad\u0131k. Onlara moral konserleri d\u00fczenledik. \u00c7ok de\u011ferli festivalleri ba\u015flatt\u0131k. Tarsus Festivali&#8217;nin bu y\u0131l \u015eahmeran temal\u0131 2.&#8217;sini yapt\u0131k ve binlerce insan geldi. Yine burada gen\u00e7lerimize Gen\u00e7lik Festivali d\u00fczenledik, ikincisini yapt\u0131k. Gelecek y\u0131l \u00e7ok daha etkin, \u00e7ok daha geli\u015fmi\u015f bir \u015fekilde daha iyisini yapmaya gayret edece\u011fiz.&#8221;<\/p>\n<p>&#8220;K\u00fclt\u00fcr herkesindir, k\u00fclt\u00fcr b\u00fct\u00fcn insanl\u0131\u011f\u0131nd\u0131r&#8221;<\/p>\n<p>Mersin&#8217;in T\u00fcrkiye&#8217;nin \u00f6zeti bir kent oldu\u011funa vurgu yapan Se\u00e7er, &#8220;Bu kent bir mozaik. Bu kent renklerin bulu\u015ftu\u011fu bir renk c\u00fcmb\u00fc\u015f\u00fc. Burada insanlar\u0131 bir araya getirecek, onlara bar\u0131\u015f\u0131, karde\u015fli\u011fi her daim hat\u0131rlatacak en \u00f6nemli \u00e7al\u0131\u015fma k\u00fclt\u00fcr, sanat, spor yani insanlar\u0131n bir araya getirilmesi ve bir arada olmas\u0131d\u0131r. Onlar\u0131n kimli\u011fine, diline, dinine, me\u015frebine, mezhebine ait olmayan \u00e7al\u0131\u015fmalard\u0131r&#8221; dedi. K\u00fclt\u00fcrel etkinliklerinin evrensel oldu\u011funa i\u015faret eden Se\u00e7er, &#8220;K\u00fclt\u00fcr herkesindir, b\u00fct\u00fcn insanl\u0131\u011f\u0131nd\u0131r. Sanat da spor da \u00f6yledir. \u0130\u015fte bu bilin\u00e7le gelecek y\u0131llarda hem il\u00e7e belediyelerimiz hem B\u00fcy\u00fck\u015fehir Belediyemiz, izinde y\u00fcr\u00fcd\u00fc\u011f\u00fcm\u00fcz Ulu \u00d6nderimizin bu anlay\u0131\u015f\u0131n\u0131 hayata uygulamaya gayret etmeye devam edecektir&#8221; diye konu\u015ftu.<\/p>\n<p>\u00d6zyi\u011fit: &#8220;Sanats\u0131z bir toplumu hi\u00e7birimiz kabul edemeyiz&#8221;<\/p>\n<p>Yeni\u015fehir Belediye Ba\u015fkan\u0131 Abdullah \u00d6zyi\u011fit, \u00f6zel bir sergiye ev sahipli\u011fi yapt\u0131klar\u0131n\u0131 belirterek, &#8220;Cumhuriyetimizin 100. y\u0131l\u0131nda, yine Cumhuriyetimizin kurucusu, b\u00fcy\u00fck \u00f6nderimiz, b\u00fcy\u00fck devrimci Mustafa Kemal Atat\u00fcrk&#8217;\u00fcn &#8216;Sanats\u0131z kalan bir milletin hayat damarlar\u0131ndan biri kopmu\u015f demektir&#8217; \u015feklindeki ifadesinden hareket edecek olursak, yap\u0131lan bu yar\u0131\u015fman\u0131n ve a\u00e7\u0131lan serginin ne kadar anlaml\u0131 oldu\u011funu hep birlikte idrak ederiz&#8221; diye konu\u015ftu. \u00d6zyi\u011fit, &#8220;Sanatla daha \u00e7ok i\u00e7 i\u00e7e olaca\u011f\u0131z&#8221; s\u00f6zlerine yer vererek, sergiye katk\u0131 sunan Ba\u015fkan Se\u00e7er&#8217;e ve yar\u0131\u015fmac\u0131lara te\u015fekk\u00fcr etti.<\/p>\n<p>Din\u00e7er: &#8220;31 Mart&#8217;tan sonra da \u00e7ok daha g\u00fczellerini hep beraber ger\u00e7ekle\u015ftirece\u011fiz&#8221;<\/p>\n<p>Gitti\u011fi bir\u00e7ok ilde Mersin&#8217;deki gibi sanata de\u011fer verilmedi\u011fini s\u00f6yleyen CHP Mersin Milletvekili Talat Din\u00e7er, &#8220;Ba\u015fkan\u0131m\u0131z\u0131n, Mersin&#8217;in her yerinde sanat ve sanat\u00e7\u0131 ile ilgili u\u011fra\u015flar\u0131 var, \u00e7ok g\u00fczel \u00e7al\u0131\u015fmalar\u0131 var. Sosyal belediyecili\u011fi T\u00fcrkiye&#8217;ye tan\u0131tan da bir Mersin B\u00fcy\u00fck\u015fehir Belediye Ba\u015fkan\u0131m\u0131z var. Fakir fukara, herkes zorda, darda. B\u00f6yle bir ortam\u0131n i\u00e7erisinde sanat\u00e7\u0131n\u0131n elinden kimse tutmaz ama emin olun i\u015fte Mersin&#8217;de bir belediye ba\u015fkan\u0131m\u0131z, Vahap Se\u00e7er elinden gelen her \u015feyi yapm\u0131\u015f, her t\u00fcrl\u00fc katk\u0131y\u0131 sunmu\u015f&#8221; diye konu\u015ftu.<\/p>\n<p>Mert: &#8220;Gelecek i\u00e7in hay\u0131rl\u0131 u\u011furlu olmas\u0131n\u0131 diliyorum&#8221;<\/p>\n<p>Mersin B\u00fcy\u00fck\u015fehir Belediyesi&#8217;nin etkinli\u011finin T\u00fcrkiye&#8217;de \u00f6rne\u011fi olmad\u0131\u011f\u0131n\u0131 s\u00f6yleyen Sergi K\u00fcrat\u00f6r\u00fc Ressam Veli Mert, Mersin&#8217;in k\u00fclt\u00fcr-sanat tarihi a\u00e7\u0131s\u0131ndan da \u00f6nemli oldu\u011funu vurgulad\u0131. \u0130stanbul&#8217;dan iki, Ankara&#8217;dan iki akademik sanat\u00e7\u0131n\u0131n 148 sanat eserini inceledi\u011fini belirten Mert, &#8220;T\u00fcrkiye&#8217;deki b\u00fct\u00fcn kat\u0131l\u0131mc\u0131 sanat\u00e7\u0131lara te\u015fekk\u00fcr ediyorum. Buraya kadar gelip bizi destekleyen sanatseverlere, \u00f6zellikle il d\u0131\u015f\u0131ndan gelenlere \u00f6zel te\u015fekk\u00fcr ediyorum. \u00c7\u00fcnk\u00fc onlar heyecanla buray\u0131 bekliyorlar. Bunun bir ba\u015flang\u0131\u00e7 olaca\u011f\u0131n\u0131 umuyorum&#8221; diyerek emek veren herkese \u00e7ok te\u015fekk\u00fcr etti.  <\/p>\n<p>Konu\u015fmalar\u0131n ard\u0131ndan Se\u00e7er, Sergi K\u00fcrat\u00f6r\u00fc Ressam Mert&#8217;e emeklerinden dolay\u0131 \u00e7i\u00e7e\u011fini ve yar\u0131\u015fmada ilk 5&#8217;e giren sanat\u00e7\u0131lara ise \u00f6d\u00fcllerini takdim etti. Ard\u0131ndan sergiyi gezen Se\u00e7er, sanat\u00e7\u0131lardan eserleri hakk\u0131nda bilgi al\u0131. Program, toplu foto\u011fraf \u00e7ekiminin ard\u0131ndan sona erdi.<\/p>\n","protected":false},"excerpt":{"rendered":"<p>Mersin B\u00fcy\u00fck\u015fehir Belediye Ba\u015fkan\u0131 Vahap Se\u00e7er, B\u00fcy\u00fck\u015fehir taraf\u0131ndan d\u00fczenlenen &#8216;T\u00fcrkiye Cumhuriyeti&#8217;nin 100. Y\u0131l\u0131 Resim Sergisi ve \u00d6d\u00fcl T\u00f6reni&#8217;ne kat\u0131ld\u0131. Ahmet Ye\u015fil Sanat Galerisi&#8217;nde d\u00fczenlenen programa Ba\u015fkan Se\u00e7er&#8217;in yan\u0131 s\u0131ra Cumhuriyet Halk Parti (CHP) Mersin Milletvekili Talat Din\u00e7er, Yeni\u015fehir Belediye Ba\u015fkan\u0131 Abdullah \u00d6zyi\u011fit, Mersin Ticaret ve Sanayi Odas\u0131 (MTSO) Meclis Ba\u015fkan\u0131 Hamit \u0130zol, Ressam Ahmet Ye\u015fil, [&hellip;]<\/p>\n","protected":false},"author":2,"featured_media":30223,"comment_status":"open","ping_status":"open","sticky":false,"template":"","format":"standard","meta":{"footnotes":""},"categories":[2,3],"tags":[],"class_list":["post-30222","post","type-post","status-publish","format-standard","has-post-thumbnail","hentry","category-gundem","category-manset"],"views":3,"_links":{"self":[{"href":"https:\/\/mersinkadingazetesi.com\/index.php?rest_route=\/wp\/v2\/posts\/30222"}],"collection":[{"href":"https:\/\/mersinkadingazetesi.com\/index.php?rest_route=\/wp\/v2\/posts"}],"about":[{"href":"https:\/\/mersinkadingazetesi.com\/index.php?rest_route=\/wp\/v2\/types\/post"}],"author":[{"embeddable":true,"href":"https:\/\/mersinkadingazetesi.com\/index.php?rest_route=\/wp\/v2\/users\/2"}],"replies":[{"embeddable":true,"href":"https:\/\/mersinkadingazetesi.com\/index.php?rest_route=%2Fwp%2Fv2%2Fcomments&post=30222"}],"version-history":[{"count":0,"href":"https:\/\/mersinkadingazetesi.com\/index.php?rest_route=\/wp\/v2\/posts\/30222\/revisions"}],"wp:featuredmedia":[{"embeddable":true,"href":"https:\/\/mersinkadingazetesi.com\/index.php?rest_route=\/wp\/v2\/media\/30223"}],"wp:attachment":[{"href":"https:\/\/mersinkadingazetesi.com\/index.php?rest_route=%2Fwp%2Fv2%2Fmedia&parent=30222"}],"wp:term":[{"taxonomy":"category","embeddable":true,"href":"https:\/\/mersinkadingazetesi.com\/index.php?rest_route=%2Fwp%2Fv2%2Fcategories&post=30222"},{"taxonomy":"post_tag","embeddable":true,"href":"https:\/\/mersinkadingazetesi.com\/index.php?rest_route=%2Fwp%2Fv2%2Ftags&post=30222"}],"curies":[{"name":"wp","href":"https:\/\/api.w.org\/{rel}","templated":true}]}}