{"id":30225,"date":"2024-01-28T10:02:53","date_gmt":"2024-01-28T07:02:53","guid":{"rendered":"http:\/\/mersinkadingazetesi.com\/?p=30225"},"modified":"2024-01-28T10:02:53","modified_gmt":"2024-01-28T07:02:53","slug":"oyuncak-yapim-atolyesine-bu-kez-ortopedik-engelli-bireyler-dahil-oldu","status":"publish","type":"post","link":"https:\/\/mersinkadingazetesi.com\/?p=30225","title":{"rendered":"OYUNCAK YAPIM AT\u00d6LYES\u0130&#8217;NE BU KEZ ORTOPED\u0130K ENGELL\u0130 B\u0130REYLER D\u00c2H\u0130L OLDU"},"content":{"rendered":"<p>Mersin B\u00fcy\u00fck\u015fehir Belediyesi Kad\u0131n ve Aile Hizmetleri Dairesi Ba\u015fkanl\u0131\u011f\u0131 G\u00f6n\u00fcll\u00fcler \u015eube M\u00fcd\u00fcrl\u00fc\u011f\u00fc b\u00fcnyesinde y\u00fcr\u00fct\u00fclen ve Mersinden Kad\u0131n Kooperatifi&#8217;nin de payda\u015f\u0131 oldu\u011fu &#8220;Elde Var Yetenek, Evde Var Ekmek&#8221; slogan\u0131yla y\u00fcr\u00fct\u00fclen &#8220;Evimiz At\u00f6lye&#8221; projesi b\u00fcy\u00fcmeye devam ediyor. Oyuncak yap\u0131m at\u00f6lyesine bu kez de ortopedik engelli bireyler d\u00e2hil olurken g\u00f6n\u00fcll\u00fclerden ilk e\u011fitimlerini ald\u0131lar. Mersinden Kad\u0131n Kooperatifi Ba\u015fkan\u0131 Meral Se\u00e7er de ortopedik engelli vatanda\u015flar\u0131n e\u011fitim heyecan\u0131na ortak oldu.<\/p>\n<p>Mersin Ortopedik Engelliler Derne\u011fi&#8217;nin binas\u0131n\u0131n yer ald\u0131\u011f\u0131 Yeni\u015fehir Belediyesi Ak\u0131n \u00d6zdemir Park\u0131&#8217;nda ger\u00e7ekle\u015ftirilen etkinlikte ortopedik engelli bireyler g\u00f6n\u00fcll\u00fc e\u011fitmenler e\u015fli\u011finde oyuncak yap\u0131m\u0131 e\u011fitimi ald\u0131lar. Diki\u015f dikip, oyuncak yap\u0131m\u0131n\u0131n detaylar\u0131n\u0131 \u00f6\u011frenen bireyler projeye d\u00e2hil olman\u0131n mutlulu\u011funu ya\u015fad\u0131lar. Ortopedik engelli bireylerden Murat \u00dcnl\u00fc de oyuncak yap\u0131m at\u00f6lyesine kat\u0131lan ilk erkek kursiyer olurken, yetene\u011fiyle kat\u0131l\u0131mc\u0131lardan ilgi g\u00f6rd\u00fc. Mersin B\u00fcy\u00fck\u015fehir Belediyesi ve Mersinden Kad\u0131n Kooperatifi, bundan sonraki g\u00fcnlerde de projeyi farkl\u0131 kesimlere ula\u015ft\u0131rmay\u0131 s\u00fcrd\u00fcrecek.<\/p>\n<p>Meral Se\u00e7er: &#8220;Sizlerle birlikte oldu\u011fum i\u00e7in \u00e7ok mutluyum&#8221;<\/p>\n<p>Mersinden Kad\u0131n Kooperatifi Ba\u015fkan\u0131 Meral Se\u00e7er, bu seferki bulu\u015fman\u0131n, Evimiz At\u00f6lye Projesi&#8217;nin en \u00f6zel \u00e7al\u0131\u015fmas\u0131 oldu\u011fundan s\u00f6z ederek, &#8220;Mersin Ortopedik Engelliler Derne\u011fi Ba\u015fkan\u0131m\u0131z Nalan Han\u0131m ile G\u00f6n\u00fcll\u00fcl\u00fck \u015eubesi ve Mersinden Kad\u0131n Kooperatifi ile g\u00f6r\u00fc\u015ft\u00fc&#8221; dedi. Evimiz At\u00f6lye Projesi&#8217;ni bug\u00fcne kadar bir\u00e7ok mahallede hayata ge\u00e7irdiklerinden bahseden Se\u00e7er, &#8220;Mahallelerde bir\u00e7ok kad\u0131nla beraber \u00e7al\u0131\u015ft\u0131k. Herkesteki ortak d\u00fc\u015f\u00fcnce; &#8216;birlikte oluyoruz, mutlu oluyoruz ve bir \u015feyler \u00fcretiyoruz&#8217; noktas\u0131ndayd\u0131. Bu ortak d\u00fc\u015f\u00fcnce projede ama\u00e7lad\u0131\u011f\u0131m\u0131z hedefe ula\u015ft\u0131\u011f\u0131m\u0131z\u0131n g\u00f6stergesidir. \u015eimdi ilk defa Evimiz At\u00f6lye&#8217;de bir erkek kursiyerle \u00e7al\u0131\u015f\u0131yoruz&#8221; diye konu\u015ftu. Ortopedik engelli bireylere B\u00fcy\u00fck\u015fehir Belediye Ba\u015fkan\u0131 Vahap Se\u00e7er&#8217;in de selamlar\u0131n\u0131 ileten Se\u00e7er, &#8220;Hep birlikte, sizlerin ne kadar k\u0131ymetli oldu\u011funu ve topluma kazand\u0131r\u0131lmas\u0131 gerekti\u011fini d\u00fc\u015f\u00fcn\u00fcyoruz. Birlikte olmam\u0131z kendinizi daha iyi hissetmenize neden oluyor. Biz de bundan mutluluk duyuyoruz&#8221; dedi ve daha ba\u015fka projelerde de birlikte olmay\u0131 umut ettiklerini s\u00f6zlerine ekledi.<\/p>\n<p>Bak\u0131r: &#8220;Kelimelerle ifade edilemeyecek bir mutluluk&#8221;<\/p>\n<p>Mersin Ortopedik Engelliler Derne\u011fi Ba\u015fkan\u0131 Nalan Bak\u0131r, engelli bireylerin hayatlar\u0131na dokunacak projelerin kendilerini \u00e7ok mutlu etti\u011fini belirterek, &#8220;Bu t\u00fcr bir proje benim y\u0131llarca arad\u0131\u011f\u0131m bir \u015feydi. 36 tane engelli mezun ettim. Tak\u0131 tasar\u0131m projesi, bilgisayar, muhasebe, bilgisayar bak\u0131m onar\u0131m projelerinden bir\u00e7ok \u00fcyemiz memur oldu&#8221; dedi.<\/p>\n<p>Evimiz At\u00f6lye&#8217;nin \u00e7ok g\u00fczel bir proje oldu\u011funu vurgulayan Bak\u0131r, \u00fcreterek kazanmaktan daha g\u00fczel bir \u015fey olmad\u0131\u011f\u0131n\u0131 s\u00f6yleyerek, &#8220;Kelimelerle ifade edilemeyecek bir mutluluk. Bug\u00fcn bizlere; Say\u0131n ba\u015fkan\u0131m\u0131n e\u015fi Meral Han\u0131m&#8217;\u0131n o g\u00fcler y\u00fcz\u00fc ve s\u0131cakl\u0131\u011f\u0131 sayesinde projeyi daha ileriye g\u00f6t\u00fcrece\u011fimize ve bu halkaya daha \u00e7ok engelli birey kataca\u011f\u0131m\u0131z\u0131n inanc\u0131n\u0131 a\u015f\u0131lad\u0131. Kelimeler bile yetersiz kal\u0131yor. Ger\u00e7ekten g\u00fczel \u015feyler yapman\u0131n tablosu \u015fu anda arkam\u0131zda&#8221; diye konu\u015ftu. Daha \u00e7ok engelli vatanda\u015fa ula\u015fmak istediklerini ifade eden Bak\u0131r, &#8220;Say\u0131n Ba\u015fkan\u0131ma ve e\u015fi Meral Se\u00e7er&#8217;e bize vermi\u015f olduklar\u0131 destekten dolay\u0131 \u00e7ok te\u015fekk\u00fcr ediyoruz. Ke\u015fke daha \u00e7ok engelli bireye ula\u015fsak. K\u00f6ylere engelli bireylere ula\u015fsak. Projenin \u00e7o\u011falarak b\u00fcy\u00fcmesini istiyoruz&#8221; dedi.<\/p>\n<p>Ortopedik engelli birey Murat \u00dcnl\u00fc, Evimiz at\u00f6lye Projesi&#8217;nin ilk ve tek erkek kursiyeri<\/p>\n<p>Evimiz At\u00f6lye Projesi&#8217;nin ilk erkek kursiyeri olan Murat \u00dcnl\u00fc ise &#8220;Projeyi iyi ve g\u00fczel buldum.  Bebek yap\u0131yorum. Evde b\u00fct\u00fcn diki\u015f i\u015flerini zaten ben yap\u0131yorum. Benim i\u00e7in kolay. Ekonomi i\u00e7in de \u00e7ok iyi oluyor ve g\u00fczel bir proje. Ben ilk kez dahil oldum. Erkekler de gelsin, buyursunlar, ben nas\u0131l yap\u0131yorum onlar da yapar&#8221; diyerek di\u011fer erkekleri de diki\u015f dikmeye davet etti.<\/p>\n<p>Er\u015fahin: &#8220;E\u015fim de benim gibi engelli. E\u015fime destek vermek beni \u00e7ok memnun ediyor&#8221; <\/p>\n<p>Meryem Er\u015fahin de duydu\u011fu memnuniyeti ifade ederek, arkada\u015flar\u0131 ile bir arada bu tarz projelere kat\u0131lman\u0131n g\u00fczelli\u011finden s\u00f6z etti. Er\u015fahin, &#8220;Vahap Bey&#8217;e bu projeye destek verdi\u011fi i\u00e7in te\u015fekk\u00fcr ederiz. B\u00f6yle bir projenin i\u00e7inde olmaktan \u00e7ok memnun oldum, te\u015fekk\u00fcr ederim. \u00c7ok mutluyuz. Bizlerin de bu tarz \u00e7al\u0131\u015fmalar yapmas\u0131 bizi \u00e7ok memnun ediyor. Ben evliyim, e\u015fim de benim gibi engelli. E\u015fime destek vermek beni \u00e7ok memnun ediyor&#8221;  dedi.<\/p>\n<p>Karako\u00e7: &#8220;Bize bir meslek olur&#8221;<\/p>\n<p>Fevziye Karako\u00e7 da, ilk kez oyuncak bebek yap\u0131m at\u00f6lyesine kat\u0131ld\u0131\u011f\u0131n\u0131 anlat\u0131rken, memnuniyetini dile getirdi. Karako\u00e7, &#8220;B\u00fct\u00e7emize de katk\u0131 olur. Kendi becerimizle yapar\u0131z, bize bir meslek olur. Belediye Ba\u015fkan\u0131m\u0131za te\u015fekk\u00fcr ederiz. Her i\u015fin kolay\u0131 da zoru da var. Severek yap\u0131nca insana kolay geliyor. Ben mesela bunlar\u0131 birilerine hediye g\u00f6t\u00fcr\u00fcnce \u00e7ok seviniyorum&#8221; diye duygular\u0131n\u0131 ifade etti.<\/p>\n<p>Polat: &#8220;Kafay\u0131 da da\u011f\u0131tabilmem i\u00e7in bana katk\u0131 verir&#8221;<\/p>\n<p>Duygu Polat da g\u00fczel bir etkinlik oldu\u011funu dile getirerek, &#8220;Kafay\u0131 da da\u011f\u0131tabilmem i\u00e7in bana katk\u0131 verebilece\u011fini d\u00fc\u015f\u00fcn\u00fcyorum. G\u00fczel bir \u015fey oldu\u011funu d\u00fc\u015f\u00fcn\u00fcyorum ve e\u011fitimi daha g\u00fczel yerlere getirebilece\u011fimizi d\u00fc\u015f\u00fcn\u00fcyorum&#8221; dedi. Daha \u00f6nce hi\u00e7 oyuncak yap\u0131m\u0131n\u0131 denemedi\u011fini de anlatan Polat,  &#8220;\u0130nternette videolar da izliyordum. G\u00fczel bir \u015fey oldu\u011funu d\u00fc\u015f\u00fcn\u00fcyordum. Hayalim ger\u00e7ekle\u015fti\u011fi i\u00e7in de \u00e7ok sevin\u00e7liyim. G\u00fczel bir duygu, g\u00fczel bir yetenek. \u00c7ok memnunum&#8221; ifadelerini kulland\u0131.<\/p>\n<p>Ery\u0131lmaz: &#8220;Bir \u015feyler ortaya \u00e7\u0131karman\u0131n ayr\u0131 bir sevinci var&#8221;<\/p>\n<p>\u015e\u00fckran Ery\u0131lmaz ise, proje sayesinde ve \u00fcretmenin mutlulu\u011funu ya\u015fad\u0131\u011f\u0131n\u0131 belirterek, &#8220;Mutluyum, \u00e7ok mutluyum. Bir \u015feyler ortaya \u00e7\u0131karman\u0131n ayr\u0131 bir sevinci var. Biz de yapabiliriz biz de \u00fcretebiliriz&#8221; dedi.<\/p>\n","protected":false},"excerpt":{"rendered":"<p>Mersin B\u00fcy\u00fck\u015fehir Belediyesi Kad\u0131n ve Aile Hizmetleri Dairesi Ba\u015fkanl\u0131\u011f\u0131 G\u00f6n\u00fcll\u00fcler \u015eube M\u00fcd\u00fcrl\u00fc\u011f\u00fc b\u00fcnyesinde y\u00fcr\u00fct\u00fclen ve Mersinden Kad\u0131n Kooperatifi&#8217;nin de payda\u015f\u0131 oldu\u011fu &#8220;Elde Var Yetenek, Evde Var Ekmek&#8221; slogan\u0131yla y\u00fcr\u00fct\u00fclen &#8220;Evimiz At\u00f6lye&#8221; projesi b\u00fcy\u00fcmeye devam ediyor. Oyuncak yap\u0131m at\u00f6lyesine bu kez de ortopedik engelli bireyler d\u00e2hil olurken g\u00f6n\u00fcll\u00fclerden ilk e\u011fitimlerini ald\u0131lar. Mersinden Kad\u0131n Kooperatifi Ba\u015fkan\u0131 Meral [&hellip;]<\/p>\n","protected":false},"author":2,"featured_media":30226,"comment_status":"open","ping_status":"open","sticky":false,"template":"","format":"standard","meta":{"footnotes":""},"categories":[2,3],"tags":[],"class_list":["post-30225","post","type-post","status-publish","format-standard","has-post-thumbnail","hentry","category-gundem","category-manset"],"views":4,"_links":{"self":[{"href":"https:\/\/mersinkadingazetesi.com\/index.php?rest_route=\/wp\/v2\/posts\/30225"}],"collection":[{"href":"https:\/\/mersinkadingazetesi.com\/index.php?rest_route=\/wp\/v2\/posts"}],"about":[{"href":"https:\/\/mersinkadingazetesi.com\/index.php?rest_route=\/wp\/v2\/types\/post"}],"author":[{"embeddable":true,"href":"https:\/\/mersinkadingazetesi.com\/index.php?rest_route=\/wp\/v2\/users\/2"}],"replies":[{"embeddable":true,"href":"https:\/\/mersinkadingazetesi.com\/index.php?rest_route=%2Fwp%2Fv2%2Fcomments&post=30225"}],"version-history":[{"count":0,"href":"https:\/\/mersinkadingazetesi.com\/index.php?rest_route=\/wp\/v2\/posts\/30225\/revisions"}],"wp:featuredmedia":[{"embeddable":true,"href":"https:\/\/mersinkadingazetesi.com\/index.php?rest_route=\/wp\/v2\/media\/30226"}],"wp:attachment":[{"href":"https:\/\/mersinkadingazetesi.com\/index.php?rest_route=%2Fwp%2Fv2%2Fmedia&parent=30225"}],"wp:term":[{"taxonomy":"category","embeddable":true,"href":"https:\/\/mersinkadingazetesi.com\/index.php?rest_route=%2Fwp%2Fv2%2Fcategories&post=30225"},{"taxonomy":"post_tag","embeddable":true,"href":"https:\/\/mersinkadingazetesi.com\/index.php?rest_route=%2Fwp%2Fv2%2Ftags&post=30225"}],"curies":[{"name":"wp","href":"https:\/\/api.w.org\/{rel}","templated":true}]}}