{"id":30299,"date":"2024-01-31T12:36:27","date_gmt":"2024-01-31T09:36:27","guid":{"rendered":"http:\/\/mersinkadingazetesi.com\/?p=30299"},"modified":"2024-01-31T12:36:27","modified_gmt":"2024-01-31T09:36:27","slug":"mersin-milletvekili-ekmen-acilisi-yilan-hikayesine-donen-cukurova-havalimanini-meclis-gundemine-tasidi","status":"publish","type":"post","link":"https:\/\/mersinkadingazetesi.com\/?p=30299","title":{"rendered":"Mersin Milletvekili Ekmen, a\u00e7\u0131l\u0131\u015f\u0131 y\u0131lan hikayesine d\u00f6nen \u00c7ukurova Havaliman\u0131n\u0131 Meclis g\u00fcndemine ta\u015f\u0131d\u0131"},"content":{"rendered":"<p>DEVA Partisi Genel Ba\u015fkan Yard\u0131mc\u0131s\u0131 Mehmet Emin Ekmen, TBMM Genel Kurulu\u2019nda a\u00e7\u0131l\u0131\u015f\u0131 y\u0131lan hikayesine d\u00f6nen \u00c7ukurova Havaliman\u0131n\u0131n ak\u0131betini sordu.<\/p>\n<p>T\u00fcrkiye\u2019nin \u00f6nemli metropollerinden olan ve tarihi, turistik potansiyelinin yan\u0131 s\u0131ra sahip oldu\u011fu limanla \u00f6nemli bir destinasyona sahip olan Mersin\u2019in havaliman\u0131 hasretini dindirmesi planlanan \u00c7ukurova B\u00f6lgesel Havaliman\u0131 Projesi 2011 y\u0131l\u0131ndan beri verilmi\u015f bir\u00e7ok s\u00f6ze ve m\u00fcjdeye ra\u011fmen hala bitmedi.<\/p>\n<p>Mersin Milletvekili Ekmen, se\u00e7ildi\u011fi g\u00fcnden beri Mersin\u2019in sorunlar\u0131n\u0131 \u00e7\u00f6zmek i\u00e7in \u00f6zel \u00e7aba sarf etmi\u015f ve s\u00f6z konusu projeyi Meclis Genel Kurul\u2019unda, Komisyon Toplant\u0131lar\u0131\u2019nda, r\u00f6portajlarda, bas\u0131n a\u00e7\u0131klamalar\u0131nda vb. bir\u00e7ok platformda defalarca kez dile getirmi\u015ftir. Ekmen, son olarak 2024 B\u00fct\u00e7esi Plan ve B\u00fct\u00e7e Komisyonu\u2019nda g\u00f6r\u00fc\u015f\u00fcld\u00fc\u011f\u00fc s\u0131rada Ula\u015ft\u0131rma ve Altyap\u0131 Bakan\u0131 Abd\u00fclkadir Uralo\u011flu\u2019na havaliman\u0131n\u0131n ak\u0131betini sormu\u015f ve devam\u0131nda kendisinden Ocak 2024\u2019te a\u00e7\u0131laca\u011f\u0131 m\u00fcjdesini yaz\u0131l\u0131 olarak alm\u0131\u015ft\u0131. Ocak ay\u0131n\u0131n sonuna gelindi\u011fi halde a\u00e7\u0131l\u0131\u015f yap\u0131lmay\u0131nca Ekmen, konuyu Genel Kurul\u2019da \u015fu s\u00f6zlerle tekrar g\u00fcndeme getirdi:<\/p>\n<p>\u201cBug\u00fcn 30 Ocak 2024 ve Mersinlilerin hasretle bekledi\u011fi \u00c7ukurova B\u00f6lgesel Havaliman\u0131 bu ay da a\u00e7\u0131lmad\u0131. Defalarca kez s\u00f6z verilmesine ra\u011fmen a\u00e7\u0131l\u0131\u015f\u0131 s\u00fcrekli ertelenen havaliman\u0131 i\u00e7in en son Ula\u015ft\u0131rma ve Altyap\u0131 Bakan\u0131 Say\u0131n Abdulkadir Uralo\u011flu 18 Aral\u0131k 2023 tarihinde yani otuz be\u015f g\u00fcn \u00f6nce, Cumhurba\u015fkan\u0131 Say\u0131n Recep Tayyip Erdo\u011fan ise 25 Aral\u0131k 2023 tarihinde yani tam bir ay \u00f6nce ocak ay\u0131 i\u00e7erisinde a\u00e7\u0131laca\u011f\u0131n\u0131 ilan etmi\u015fti.\u201d<\/p>\n<p>    E\u015f zamanl\u0131 olarak kamuoyuna duyurulan ve projesine ba\u015flanan Ordu-Giresun ve Rize havalimanlar\u0131n\u0131n denize dolgu yap\u0131larak 2015 y\u0131l\u0131nda, tepeleri d\u00fczeltip dereye dolgu yap\u0131larak bitirilen \u0130stanbul Havaliman\u0131 ise 2018 y\u0131l\u0131nda a\u00e7\u0131lm\u0131\u015ft\u0131r diyen Ekmen, \u201cMersin\u2019e yap\u0131lan bu ihmalkarl\u0131k hatta ayr\u0131mc\u0131l\u0131\u011f\u0131n sebebi nedir?\u201d diye sorarak, Mersin havaliman\u0131n ne zaman a\u00e7\u0131laca\u011f\u0131 sorusunu yineledi.<\/p>\n","protected":false},"excerpt":{"rendered":"<p>DEVA Partisi Genel Ba\u015fkan Yard\u0131mc\u0131s\u0131 Mehmet Emin Ekmen, TBMM Genel Kurulu\u2019nda a\u00e7\u0131l\u0131\u015f\u0131 y\u0131lan hikayesine d\u00f6nen \u00c7ukurova Havaliman\u0131n\u0131n ak\u0131betini sordu. T\u00fcrkiye\u2019nin \u00f6nemli metropollerinden olan ve tarihi, turistik potansiyelinin yan\u0131 s\u0131ra sahip oldu\u011fu limanla \u00f6nemli bir destinasyona sahip olan Mersin\u2019in havaliman\u0131 hasretini dindirmesi planlanan \u00c7ukurova B\u00f6lgesel Havaliman\u0131 Projesi 2011 y\u0131l\u0131ndan beri verilmi\u015f bir\u00e7ok s\u00f6ze ve m\u00fcjdeye ra\u011fmen [&hellip;]<\/p>\n","protected":false},"author":2,"featured_media":30055,"comment_status":"open","ping_status":"open","sticky":false,"template":"","format":"standard","meta":{"footnotes":""},"categories":[8,34,1,2,3,5],"tags":[],"class_list":["post-30299","post","type-post","status-publish","format-standard","has-post-thumbnail","hentry","category-ekonomi","category-flas-haber","category-genel","category-gundem","category-manset","category-mersin"],"views":5,"_links":{"self":[{"href":"https:\/\/mersinkadingazetesi.com\/index.php?rest_route=\/wp\/v2\/posts\/30299"}],"collection":[{"href":"https:\/\/mersinkadingazetesi.com\/index.php?rest_route=\/wp\/v2\/posts"}],"about":[{"href":"https:\/\/mersinkadingazetesi.com\/index.php?rest_route=\/wp\/v2\/types\/post"}],"author":[{"embeddable":true,"href":"https:\/\/mersinkadingazetesi.com\/index.php?rest_route=\/wp\/v2\/users\/2"}],"replies":[{"embeddable":true,"href":"https:\/\/mersinkadingazetesi.com\/index.php?rest_route=%2Fwp%2Fv2%2Fcomments&post=30299"}],"version-history":[{"count":0,"href":"https:\/\/mersinkadingazetesi.com\/index.php?rest_route=\/wp\/v2\/posts\/30299\/revisions"}],"wp:featuredmedia":[{"embeddable":true,"href":"https:\/\/mersinkadingazetesi.com\/index.php?rest_route=\/wp\/v2\/media\/30055"}],"wp:attachment":[{"href":"https:\/\/mersinkadingazetesi.com\/index.php?rest_route=%2Fwp%2Fv2%2Fmedia&parent=30299"}],"wp:term":[{"taxonomy":"category","embeddable":true,"href":"https:\/\/mersinkadingazetesi.com\/index.php?rest_route=%2Fwp%2Fv2%2Fcategories&post=30299"},{"taxonomy":"post_tag","embeddable":true,"href":"https:\/\/mersinkadingazetesi.com\/index.php?rest_route=%2Fwp%2Fv2%2Ftags&post=30299"}],"curies":[{"name":"wp","href":"https:\/\/api.w.org\/{rel}","templated":true}]}}