{"id":30305,"date":"2024-02-01T12:53:48","date_gmt":"2024-02-01T09:53:48","guid":{"rendered":"http:\/\/mersinkadingazetesi.com\/?p=30305"},"modified":"2024-02-01T12:53:48","modified_gmt":"2024-02-01T09:53:48","slug":"baskan-secer-tarsus-tso-meclis-toplantisina-katildi","status":"publish","type":"post","link":"https:\/\/mersinkadingazetesi.com\/?p=30305","title":{"rendered":"BA\u015eKAN SE\u00c7ER, TARSUS TSO MECL\u0130S TOPLANTISI&#8217;NA KATILDI"},"content":{"rendered":"<p>Mersin B\u00fcy\u00fck\u015fehir Belediye Ba\u015fkan\u0131 Vahap Se\u00e7er, Tarsus Ticaret ve Sanayi Odas\u0131 Ocak Ay\u0131 Ola\u011fan Meclis Toplant\u0131s\u0131&#8217;na kat\u0131ld\u0131.<\/p>\n<p>Tarsus Ticaret ve Sanayi Odas\u0131&#8217;nda d\u00fczenlenen Meclis toplant\u0131s\u0131na, Mersin B\u00fcy\u00fck\u015fehir Belediye Ba\u015fkan\u0131 Vahap Se\u00e7er, Cumhuriyet Halk Partisi (CHP) Tarsus Belediye Ba\u015fkan Aday\u0131 Ali Bolta\u00e7, Tarsus Ticaret ve Sanayi Odas\u0131 Y\u00f6netim Kurulu Ba\u015fkan\u0131 H. Ruhi Ko\u00e7ak, Tarsus Ticaret ve Sanayi Odas\u0131 Meclis Ba\u015fkan\u0131 H\u00fcsn\u00fc Ya\u011fc\u0131, Meclis ve Meslek Komite \u00dcyeleri, Meclis \u00fcyeleri, B\u00fcy\u00fck\u015fehir Belediyesi b\u00fcrokratlar\u0131 kat\u0131ld\u0131.<\/p>\n<p>Se\u00e7er: &#8220;Mersin&#8217;in dinami\u011fi g\u00f6\u00e7 ve \u00e7al\u0131\u015fan insanlar olu\u015fturuyor&#8221;<\/p>\n<p>Toplant\u0131da konu\u015fma yapan Ba\u015fkan Se\u00e7er, 80&#8217;li y\u0131llarda \u00fcye oldu\u011fu Tarsus Ticaret ve Sanayi Odas\u0131 Meclis Toplant\u0131s\u0131&#8217;na B\u00fcy\u00fck\u015fehir Belediye Ba\u015fkan\u0131 ve 2024 yerel se\u00e7imleri i\u00e7in de aday olarak kat\u0131ld\u0131\u011f\u0131n\u0131 s\u00f6yledi. Mersin&#8217;in dinami\u011fini g\u00f6\u00e7lerin olu\u015fturdu\u011funu s\u00f6yleyen Se\u00e7er, &#8220;B\u00fct\u00fcn dinami\u011fi \u00e7al\u0131\u015fan insanlar. \u00c7\u00fcnk\u00fc her biri do\u011fudan bat\u0131dan Karadeniz&#8217;den veya ba\u015fka bir b\u00f6lgeden bir gerek\u00e7eyle gelmi\u015f ama buraya tutunmas\u0131n\u0131n tek \u00e7aresi \u00e7al\u0131\u015fmas\u0131. M\u00fcteahhitti, sanayicisi, ticaret erbab\u0131, liman\u0131, bunlar \u00e7ok \u00f6nemli. Mersin merkezin dinamikleri \u00f6nemli. Zamanla bunu Tarsus&#8217;a da yans\u0131tman\u0131n yararl\u0131 olaca\u011f\u0131n\u0131 d\u00fc\u015f\u00fcn\u00fcyorum&#8221; s\u00f6zlerine yer verdi.<\/p>\n<p>CHP Tarsus Belediye Ba\u015fkan Aday\u0131 Ali Bolta\u00e7&#8217;\u0131n B\u00fcy\u00fck\u015fehir Belediye Meclis \u00fcyesi olmas\u0131 dolay\u0131s\u0131yla Anamur&#8217;dan Tarsus&#8217;a b\u00fct\u00fcn il\u00e7elere hizmet etti\u011fini belirten Se\u00e7er, &#8220;Umut ediyorum yerel se\u00e7imlerde biz ba\u015far\u0131l\u0131 olaca\u011f\u0131z, biz ba\u015far\u0131 g\u00f6sterece\u011fiz. Kendimizi hem Tarsus i\u00e7in hem B\u00fcy\u00fck\u015fehir i\u00e7in Tarsus&#8217;lulara daha iyi ifade edece\u011fiz. Onlar\u0131n deste\u011fiyle bu 5 y\u0131l uyumlu bir belediyecilik s\u00fcrd\u00fcrece\u011fiz&#8221; diye konu\u015ftu.<\/p>\n<p>&#8220;Bir\u00e7ok badire atlatt\u0131k ama gayretlerimizden Tarsus da pay\u0131n\u0131 ald\u0131&#8221;<\/p>\n<p>G\u00f6rev s\u00fcresi boyunca pandemiden depreme, yang\u0131ndan sele bir\u00e7ok badire atlatt\u0131klar\u0131n\u0131 s\u00f6yleyen Se\u00e7er, &#8220;Depremde de Mersin B\u00fcy\u00fck\u015fehir Belediyesi konu\u015fuldu, orman yang\u0131nlar\u0131nda da. Pandemide Mersin B\u00fcy\u00fck\u015fehir Belediyesi&#8217;nin sosyal politikalar\u0131 T\u00fcrkiye&#8217;de \u00e7ok konu\u015fuldu, \u00e7ok be\u011feni kazand\u0131. Hakikaten sosyal politikalar konusunda bir hikaye, bir tarih yazd\u0131k ve bu ko\u015fullar alt\u0131nda yapt\u0131k&#8221; dedi. Se\u00e7er, &#8220;Gayretlerimizden Tarsus da pay\u0131n\u0131 ald\u0131. Halk\u0131m\u0131z\u0131n &#8216;B\u00fcy\u00fck\u015fehir Belediyesi \u00e7al\u0131\u015f\u0131yor&#8217; dedi\u011fi \u00e7al\u0131\u015fmalar yapt\u0131k. B\u00fcy\u00fck\u015fehir Belediyesi hi\u00e7bir ayr\u0131m yapmadan bunlar\u0131 ger\u00e7ekle\u015ftirdi. Pandeminin etkisi ortadan kalkmaya ba\u015flad\u0131ktan sonra da art\u0131k daha b\u00fcy\u00fck b\u00fct\u00e7elerle yol \u00e7al\u0131\u015fmalar\u0131 da, MESK\u0130 \u00e7al\u0131\u015fmalar\u0131 da ba\u015flad\u0131&#8221; dedi.<\/p>\n<p>&#8220;2 \u00f6nemli proje i\u00e7in 7.5 milyon Euro&#8217;luk kredi sa\u011flad\u0131k&#8221;<\/p>\n<p>MESK\u0130 taraf\u0131ndan Tarsus&#8217;ta yap\u0131lan yat\u0131r\u0131m ve \u00e7al\u0131\u015fmalar\u0131 aktaran Se\u00e7er, MESK\u0130&#8217;nin bug\u00fcne kadar Tarsus&#8217;ta i\u00e7mesuyu \u015febekesinden, kanalizasyona, k\u00f6ylere yap\u0131lan \u00e7al\u0131\u015fmalara kadar toplamda 189 milyon liral\u0131k muhtelif yat\u0131r\u0131mlar yapt\u0131\u011f\u0131n\u0131 belirtti. D\u0131\u015f finansman deste\u011fi ile Tarsus&#8217;ta hayata ge\u00e7irecekleri 2 \u00f6nemli projeden de s\u00f6z eden Se\u00e7er, Tarsus At\u0131ksu Ar\u0131tma Tesisi 2. Kademe Projesi ile Yenice Mahallesi At\u0131ksu Ar\u0131tma Tesisi Projesi i\u00e7in Avrupa \u0130mar ve Kalk\u0131nma Bankas\u0131&#8217;ndan (EBRD) toplam 7.5 milyon Euro&#8217;luk kredi sa\u011flad\u0131klar\u0131n\u0131 s\u00f6yledi.<\/p>\n<p>Pamukluk Baraj\u0131 \u0130\u00e7mesuyu Ar\u0131tma Tesisi Projesi i\u00e7in de 80 milyon Euro&#8217;nun 56 milyon Euro&#8217;sunu hibe ald\u0131klar\u0131n\u0131 dile getiren Se\u00e7er, kalan k\u0131s\u0131m i\u00e7in de \u00e7al\u0131\u015fmalara devam ettiklerini aktard\u0131. \u015eu anda Mersin merkezin suyunun y\u00fczde 85&#8217;ini Berdan Havzas\u0131&#8217;ndan ald\u0131klar\u0131n\u0131 ve bunu da elektrik enerjisi marifetiyle yapt\u0131klar\u0131n\u0131 kaydeden Se\u00e7er, &#8220;Bize suyun birimi merkezde \u00e7ok y\u00fcksek bir bedele m\u00e2l oluyor. Pamukluk Baraj\u0131&#8217;n\u0131n devreye girmesiyle Mersin merkezin tamam\u0131n\u0131n suyunu cazibe ile alaca\u011f\u0131z. Fiyatlar da d\u00fc\u015fecek. Bunu da \u00e7ok k\u0131sa s\u00fcrede yapaca\u011f\u0131z&#8221; dedi. <\/p>\n<p>&#8220;Tarsus&#8217;a B\u00fcy\u00fck\u015fehir vizyonunu katmaya \u00e7al\u0131\u015f\u0131yoruz&#8221;<\/p>\n<p>Tarsus&#8217;ta yapt\u0131klar\u0131 35 metrelik bulvar \u00e7al\u0131\u015fmas\u0131ndan da bahseden Se\u00e7er, &#8220;Her noktaya ayn\u0131 kalitede hizmet g\u00f6t\u00fcrmeye gayret ediyoruz. Bak\u0131n ilk 35 metrelik bulvar\u0131 biz a\u00e7t\u0131k. Tamamen birinci s\u0131n\u0131f. Biz son 5 y\u0131lda B\u00fcy\u00fck\u015fehir vizyonunu katmaya \u00e7al\u0131\u015f\u0131yoruz. Karayollar\u0131 standard\u0131nda yollar yap\u0131yoruz. Yol yapmak var, yol yapmak var. Bunlar\u0131n bit\u00fcm\u00fcnden asfalt malzemesine kadar son derece \u00f6nemli. Alt yap\u0131s\u0131yla birinci s\u0131n\u0131f hizmet yap\u0131yoruz&#8221; dedi.<\/p>\n<p>&#8220;Hizmetleri oya tahvil etmek i\u00e7in yapm\u0131yoruz&#8221;<\/p>\n<p>Tarsus&#8217;un daha \u00f6nceki kasvetli havas\u0131ndan kurtulmaya ba\u015flad\u0131\u011f\u0131n\u0131 s\u00f6zlerine ekleyen ba\u015fkan Se\u00e7er, Yarenlik Alan\u0131&#8217;yla ilgili \u00e7ok \u015fikayet ald\u0131klar\u0131n\u0131 ama yap\u0131lan \u00e7al\u0131\u015fmalarla daha modern ve temiz bir g\u00f6r\u00fcnt\u00fc kazand\u0131\u011f\u0131n\u0131 kaydetti. Etap etap yap\u0131lan Prestij Caddesi Projesi&#8217;ni de anlatan Se\u00e7er, &#8220;Bunlar \u00e7ok ciddi b\u00fct\u00e7eler, emekler. Bahsetti\u011fim hizmetlerin hepsini samimiyetle yapt\u0131k. Asla oya tahvil etmek ve yasak savmak i\u00e7in yapmad\u0131k. Tarsus&#8217;a asla kalitesiz bir par\u00e7a malzeme bile g\u00f6ndermedik&#8221; ifadelerini kulland\u0131.<\/p>\n<p>&#8220;Mersin&#8217;de ideoloji, parti, d\u00fcnya g\u00f6r\u00fc\u015f\u00fc de\u011fil, hizmet kazanacak&#8221;<\/p>\n<p>Se\u00e7er, 5 y\u0131lda mevcut imkanlarla en fazla hizmeti yapmaya gayret g\u00f6sterdiklerini belirterek, &#8220;Emin olabilirsiniz ki insan\u00fcst\u00fc gayret g\u00f6sterdik. Hi\u00e7 para, pul, b\u00fct\u00e7e aramad\u0131k. Ben eminim Mersinliler hizmete bakacak, bize destek verecek. &#8216;Ba\u015fkan \u00e7al\u0131\u015f\u0131yor, elinden geleni yap\u0131yor. Biz de ona elimizden geleni yapaca\u011f\u0131z&#8217; diyecek. Ben bundan \u00e7ok eminim. Bu se\u00e7im Mersin&#8217;de ideoloji, parti, d\u00fcnya g\u00f6r\u00fc\u015f\u00fc de\u011fil, hizmet kazanacak. Samimiyetle gece g\u00fcnd\u00fcz \u00e7al\u0131\u015fma kazanacak&#8221; dedi.<\/p>\n<p>Tarsus&#8217;ta bir\u00e7ok etkinlik, festival ve spor organizasyonu d\u00fczenlediklerini aktaran Ba\u015fkan Se\u00e7er, yap\u0131lan bu faaliyetlerin tamam\u0131n\u0131n kentin tan\u0131t\u0131m\u0131 i\u00e7in oldu\u011funu belirterek &#8220;Buray\u0131 tan\u0131tacak fahri el\u00e7iler yaratmak i\u00e7in bu t\u00fcr etkinlikler yapmak laz\u0131m&#8221; dedi. Yeni d\u00f6nemde Tarsus&#8217;a K\u00fclt\u00fcr Merkezi yapmay\u0131 planlad\u0131klar\u0131n\u0131 dile getiren Ba\u015fkan Se\u00e7er, 5 y\u0131l i\u00e7erisinde Tarsus&#8217;a yap\u0131lan hizmetler hakk\u0131nda da kat\u0131l\u0131mc\u0131lara bilgi sundu.<\/p>\n<p>&#8220;Her \u015fey rant de\u011fil&#8221;<\/p>\n<p>B\u00fcy\u00fck\u015fehir taraf\u0131ndan kent genelinde hizmet veren kurs merkezlerinden 7 bin \u00f6\u011frencinin faydaland\u0131\u011f\u0131n\u0131 dile getiren Se\u00e7er, e\u011fitime verdi\u011fi \u00f6nemden bahsederek \u00c7ocuk Geli\u015fim Merkezlerinin 7.&#8217;sini a\u00e7acaklar\u0131n\u0131 ifade etti. Topluma bir mesaj vermek i\u00e7in a\u00e7t\u0131\u011f\u0131 ilk \u00c7ocuk Geli\u015fim Merkezi&#8217;nin Toptanc\u0131 Sebze ve Meyve Hali&#8217;nde oldu\u011funu ve Avrupa standard\u0131nda bir \u00c7ocuk Geli\u015fim Merkezi oldu\u011funu hat\u0131rlatan Se\u00e7er, &#8220;Sahilde bir okuma salonu var. Biz buralara restoran da yapabiliriz. Her \u015fey rant de\u011fil. Siz de gitti\u011finizde gecenin bir vaktinde veya sabah\u0131n yedisinde \u00e7ocuklar\u0131n orada ders \u00e7al\u0131\u015ft\u0131\u011f\u0131n\u0131 g\u00f6r\u00fcyorsunuz. Toplamda 12 adet okuma salonumuz var. G\u00f6reve geldi\u011fimizde yaln\u0131zca bir adet okuma salonu vard\u0131. E\u011fitime \u00e7ok \u00f6nem veriyoruz&#8221; dedi.<\/p>\n<p>Sosyal belediyecilik anlay\u0131\u015f\u0131n\u0131n; yol, kald\u0131r\u0131m, ila\u00e7lama gibi hizmetlerden \u00e7ok daha \u00f6te oldu\u011funa dikkat \u00e7eken Se\u00e7er, &#8216;Han\u0131m Evi&#8217; projesini hayata ge\u00e7irdiklerini dile getirdi. Projeyle ilgili konu\u015fan Se\u00e7er, &#8220;Kad\u0131nlar gelsin ve Han\u0131m Evi&#8217;nde dinlensin. K\u0131\u015f\u0131n s\u0131cak, yaz\u0131n so\u011fuk. Kad\u0131nlar orada \u00e7aylar\u0131n\u0131 i\u00e7sin, ikraml\u0131klar\u0131 da var. \u00c7ocu\u011funu emzirsin, dinlensin. \u015eimdi 2.&#8217;sini Erdemli&#8217;de bitirdik&#8221; dedi.<\/p>\n<p>\u00c7ama\u015f\u0131r kafe, okuma salonu gibi pek \u00e7ok hizmeti hayata ge\u00e7irdiklerini vurgulayan Se\u00e7er, \u00f6\u011frencilerin 1 liraya ula\u015f\u0131m sa\u011flad\u0131\u011f\u0131n\u0131 ve bu hizmetin T\u00fcrkiye&#8217;nin hi\u00e7bir yerinde olmad\u0131\u011f\u0131na dikkat \u00e7ekti. Mersin&#8217;in 2,5 milyon n\u00fcfusu oldu\u011funu da aktaran Se\u00e7er, Belediye Ba\u015fkanl\u0131\u011f\u0131 d\u00f6neminde 272 adet yeni otob\u00fcs ald\u0131klar\u0131n\u0131 da dile getirdi. Se\u00e7er, Tarsuslu vatanda\u015flar\u0131n daha rahat ve daha konforlu seyahat etmesi i\u00e7in de 67 adet otob\u00fcs\u00fc Tarsuslular\u0131n hizmetine verdiklerini belirtti. Yeni bir projeye imza atarak Matematik Evi&#8217;ni de hayata ge\u00e7ireceklerini s\u00f6yleyen Se\u00e7er, &#8220;Bir Matematik evi a\u00e7\u0131yoruz. \u00c7ok muhte\u015fem. Bu da bir ilk. Bir de Mersin merkezde \u00e7ocuklar\u0131n\u0131z\u0131 Mercan 100. Y\u0131l \u0130klim ve \u00c7evre Bilim Merkezi&#8217;ne g\u00f6t\u00fcr\u00fcn. Hafta aras\u0131 okullar randevulu geliyor ama hafta sonlar\u0131 herkese a\u00e7\u0131k. Oraya \u00e7ok emek verdik. Bu y\u00fczden bir gidip g\u00f6rmenizi istiyorum&#8221; dedi.<\/p>\n<p>&#8220;Tarsus&#8217;ta OSB ile ilgili bir\u00e7ok konu \u00e7\u00f6z\u00fcme kavu\u015facak&#8221;<\/p>\n<p>Tarsus OSB&#8217;de 5 bin 300 y\u00fcz d\u00f6n\u00fcm alan \u00fczerinde yat\u0131r\u0131mlar\u0131n h\u0131zla ilerledi\u011fini hat\u0131rlatan Se\u00e7er, &#8220;OSB bir an \u00f6nce olu\u015fsun, yat\u0131r\u0131ma d\u00f6n\u00fc\u015fs\u00fcn diye samimi katk\u0131lar\u0131m\u0131z oldu. Orada yap\u0131lan \u00e7al\u0131\u015fmalar istihdam\u0131 \u00e7\u00f6z\u00fcyor, istihdam\u0131 \u00e7\u00f6zd\u00fc\u011f\u00fcn zaman da bir\u00e7ok konuyu \u00e7\u00f6z\u00fcyorsun. Ne kadar \u00e7ok i\u015f alan\u0131 olursa, o kadar \u00e7ok refah, zenginlik, huzur, sanat, k\u00fclt\u00fcr, modern kent, modern caddeler, modern ara\u00e7lar ve restoranlar olur&#8221; diyerek, OSB yat\u0131r\u0131m\u0131n\u0131n \u00e7ok \u00f6nemli oldu\u011funun alt\u0131n\u0131 \u00e7izdi.<\/p>\n<p>Bolta\u00e7: &#8220;Tarsus&#8217;u B\u00fcy\u00fck\u015fehir Belediyesi ile daha dinamik, adil ve uyumlu bir \u015fekilde y\u00f6netmeye talibiz&#8221;<\/p>\n<p>CHP Tarsus Belediye Ba\u015fkan Aday\u0131 Ali Bolta\u00e7, Tarsus&#8217;a g\u00fczel hizmetler yapmak istedi\u011finin alt\u0131n\u0131 \u00e7izdi. Bu s\u00fcre\u00e7te Ba\u015fkan Se\u00e7er&#8217;in kendisine b\u00fcy\u00fck deneyim katt\u0131\u011f\u0131n\u0131 da vurgulayan Bolta\u00e7, &#8220;Bu konuda da mihmandar\u0131m\u0131z Vahap Se\u00e7er&#8217;dir&#8221; dedi. Tarsus&#8217;un tarihinin olduk\u00e7a eskiye dayand\u0131\u011f\u0131n\u0131 ve kadim bir kent oldu\u011funu hat\u0131rlatan Bolta\u00e7, belediye ba\u015fkan\u0131 se\u00e7ildi\u011fi takdirde Tarsus&#8217;un tekrar canland\u0131r\u0131lmas\u0131 i\u00e7in elinden geleni yapaca\u011f\u0131n\u0131 ifade etti. Kendisinin Meclis \u00fcyeli\u011fi yapt\u0131\u011f\u0131n\u0131 da hat\u0131rlatan Bolta\u00e7, belediye ba\u015fkan\u0131 se\u00e7ildi\u011fi takdirde B\u00fcy\u00fck\u015fehir ile uyumlu bir \u015fekilde \u00e7al\u0131\u015facaklar\u0131n\u0131 s\u00f6yleyerek, &#8220;Tarsus&#8217;u B\u00fcy\u00fck\u015fehir Belediye Ba\u015fkan\u0131m\u0131z Vahap Se\u00e7er&#8217;le birlikte iyi bir uyum, iyi bir \u00e7al\u0131\u015fma prensibiyle y\u00f6netece\u011fiz&#8221; s\u00f6zlerine yer verdi.<\/p>\n<p>Ko\u00e7ak: &#8220;Ba\u015fkan\u0131m\u0131zdan Tarsus&#8217;a yap\u0131labilecek maksimum katk\u0131y\u0131 ald\u0131k&#8221;<\/p>\n<p>Tarsus Ticaret ve Sanayi Odas\u0131 Y\u00f6netim Kurulu Ba\u015fkan\u0131 H. Ruhi Ko\u00e7ak ise, Organize Sanayi B\u00f6lgesi&#8217;ne verdi\u011fi destekten dolay\u0131 Ba\u015fkan Se\u00e7er&#8217;e te\u015fekk\u00fcr ederek, &#8220;\u0130\u015f d\u00fcnyas\u0131ndan geldi\u011fi i\u00e7in tabi ki i\u015f d\u00fcnyas\u0131n\u0131n dilinden anlayan ve bizlere her zaman sonsuz destekleri ileten bir ki\u015fi. Bu konuda Tarsus&#8217;a yap\u0131labilecek maksimum katk\u0131 neyse biz sonuna kadar kendisinden ald\u0131k. Almaya da devam edece\u011fimizi umuyoruz. Yeni adayl\u0131klar\u0131 hay\u0131rl\u0131 olsun&#8221; dedi.<\/p>\n<p>Tarsus Ticaret ve Sanayi Odas\u0131 Meclis Ba\u015fkan\u0131 H\u00fcsn\u00fc Ya\u011fc\u0131, yerel se\u00e7imlerde Se\u00e7er&#8217;e ba\u015far\u0131lar dileyerek, &#8220;Evinize geldiniz ba\u015fkan\u0131m. Tekrar ho\u015f geldiniz&#8221; dedi.<\/p>\n<p>Ba\u015fkan Se\u00e7er Meclis toplant\u0131s\u0131nda toplu foto\u011fraf \u00e7ekiminin ard\u0131ndan Tarsus OSB B\u00f6lge M\u00fcd\u00fcrl\u00fc\u011f\u00fc&#8217;n\u00fc ziyaret ederek \u00e7al\u0131\u015fanlara iyi \u00e7al\u0131\u015fmalar diledi.<\/p>\n","protected":false},"excerpt":{"rendered":"<p>Mersin B\u00fcy\u00fck\u015fehir Belediye Ba\u015fkan\u0131 Vahap Se\u00e7er, Tarsus Ticaret ve Sanayi Odas\u0131 Ocak Ay\u0131 Ola\u011fan Meclis Toplant\u0131s\u0131&#8217;na kat\u0131ld\u0131. Tarsus Ticaret ve Sanayi Odas\u0131&#8217;nda d\u00fczenlenen Meclis toplant\u0131s\u0131na, Mersin B\u00fcy\u00fck\u015fehir Belediye Ba\u015fkan\u0131 Vahap Se\u00e7er, Cumhuriyet Halk Partisi (CHP) Tarsus Belediye Ba\u015fkan Aday\u0131 Ali Bolta\u00e7, Tarsus Ticaret ve Sanayi Odas\u0131 Y\u00f6netim Kurulu Ba\u015fkan\u0131 H. Ruhi Ko\u00e7ak, Tarsus Ticaret ve [&hellip;]<\/p>\n","protected":false},"author":2,"featured_media":30306,"comment_status":"open","ping_status":"open","sticky":false,"template":"","format":"standard","meta":{"footnotes":""},"categories":[8,2,3,5],"tags":[],"class_list":["post-30305","post","type-post","status-publish","format-standard","has-post-thumbnail","hentry","category-ekonomi","category-gundem","category-manset","category-mersin"],"views":10,"_links":{"self":[{"href":"https:\/\/mersinkadingazetesi.com\/index.php?rest_route=\/wp\/v2\/posts\/30305"}],"collection":[{"href":"https:\/\/mersinkadingazetesi.com\/index.php?rest_route=\/wp\/v2\/posts"}],"about":[{"href":"https:\/\/mersinkadingazetesi.com\/index.php?rest_route=\/wp\/v2\/types\/post"}],"author":[{"embeddable":true,"href":"https:\/\/mersinkadingazetesi.com\/index.php?rest_route=\/wp\/v2\/users\/2"}],"replies":[{"embeddable":true,"href":"https:\/\/mersinkadingazetesi.com\/index.php?rest_route=%2Fwp%2Fv2%2Fcomments&post=30305"}],"version-history":[{"count":0,"href":"https:\/\/mersinkadingazetesi.com\/index.php?rest_route=\/wp\/v2\/posts\/30305\/revisions"}],"wp:featuredmedia":[{"embeddable":true,"href":"https:\/\/mersinkadingazetesi.com\/index.php?rest_route=\/wp\/v2\/media\/30306"}],"wp:attachment":[{"href":"https:\/\/mersinkadingazetesi.com\/index.php?rest_route=%2Fwp%2Fv2%2Fmedia&parent=30305"}],"wp:term":[{"taxonomy":"category","embeddable":true,"href":"https:\/\/mersinkadingazetesi.com\/index.php?rest_route=%2Fwp%2Fv2%2Fcategories&post=30305"},{"taxonomy":"post_tag","embeddable":true,"href":"https:\/\/mersinkadingazetesi.com\/index.php?rest_route=%2Fwp%2Fv2%2Ftags&post=30305"}],"curies":[{"name":"wp","href":"https:\/\/api.w.org\/{rel}","templated":true}]}}