{"id":30308,"date":"2024-02-01T12:55:02","date_gmt":"2024-02-01T09:55:02","guid":{"rendered":"http:\/\/mersinkadingazetesi.com\/?p=30308"},"modified":"2024-02-01T12:55:02","modified_gmt":"2024-02-01T09:55:02","slug":"buyuksehirin-mertuseg-projesi-ile-gencler-turizm-sektorunun-kapilarini-araliyor","status":"publish","type":"post","link":"https:\/\/mersinkadingazetesi.com\/?p=30308","title":{"rendered":"B\u00dcY\u00dcK\u015eEH\u0130R&#8217;\u0130N &#8216;MERTUSEG&#8217; PROJES\u0130 \u0130LE GEN\u00c7LER, TUR\u0130ZM SEKT\u00d6R\u00dcN\u00dcN KAPILARINI ARALIYOR"},"content":{"rendered":"<p>Mersin B\u00fcy\u00fck\u015fehir Belediyesi&#8217;nin kent genelinde \u00e7al\u0131\u015fan gen\u00e7 n\u00fcfusunu art\u0131rmak ve gen\u00e7leri istihdama d\u00e2hil etmek i\u00e7in hayata ge\u00e7irdi\u011fi ve Mersin \u00dcniversitesi i\u015f birli\u011fi ile y\u00fcr\u00fctt\u00fc\u011f\u00fc &#8216;Mersin&#8217;in Gen\u00e7lerinin Turizm Sekt\u00f6r\u00fc \u0130\u00e7in G\u00fc\u00e7lendirilmesi&#8217; (MERTUSEG) projesi kapsam\u0131nda tan\u0131\u015fma toplant\u0131s\u0131 ger\u00e7ekle\u015ftirildi. Toplant\u0131 ile kursiyerler hem \u00fcniversite havas\u0131n\u0131 almalar\u0131 hem de \u00fcniversitenin e\u011fitim laboratuvarlar\u0131n\u0131 g\u00f6rmeleri hedeflendi.<\/p>\n<p>Mersin \u00dcniversitesi Sosyal Bilimler Meslek Y\u00fcksek Okulu&#8217;nda ger\u00e7ekle\u015fen toplant\u0131ya; Sosyal Hizmetler Dairesi Ba\u015fkan\u0131 Engin Y\u0131ld\u0131r\u0131m, Mercek Meslek Edindirme ve E\u011fitim Merkezi E\u011fitim Koordinat\u00f6r\u00fc G\u00fcl Kadem Maya,  Mersin \u00dcniversitesi \u00f6\u011fretim \u00fcyeleri ve 31&#8217;i kad\u0131n 14&#8217;\u00fc erkekten olu\u015fan 45 kursiyer kat\u0131ld\u0131. Merak ettikleri sorular\u0131n yan\u0131 s\u0131ra duygu ve d\u00fc\u015f\u00fcncelerini payla\u015fan kursiyerler toplant\u0131da projenin hayat ge\u00e7irilmesi ile ilgili memnuniyetleri dile getirdiler.<\/p>\n<p>Proje ile 18- 29 ya\u015f aras\u0131ndaki gen\u00e7lerin turizm sekt\u00f6r\u00fcnde istihdam edilmesi ama\u00e7lan\u0131yor<\/p>\n<p>Avrupa Birli\u011fi taraf\u0131ndan fonlanan, \u00c7al\u0131\u015fma ve Sosyal G\u00fcvenlik Bakanl\u0131\u011f\u0131 taraf\u0131ndan desteklenen proje ile 18- 29 ya\u015f aras\u0131ndaki Mersin&#8217;de ya\u015fayan, hem e\u011fitimde hem de istihdamda yer almayan gen\u00e7lerin turizm alan\u0131nda istihdam edilmesi ama\u00e7lan\u0131yor.<\/p>\n<p>Mesleki e\u011fitimlerin yan\u0131 s\u0131ra uygulamal\u0131 e\u011fitimlerle \u00f6\u011frencilerin desteklendi\u011fi projede, turizm ve konaklama sekt\u00f6r\u00fcnde istihdam edilmek \u00fczere; \u00f6n b\u00fcro (resepsiyonist), restoran ve kat hizmetleri alanlar\u0131nda kalifiyeli olarak \u00e7al\u0131\u015facak ki\u015filer yeti\u015ftiriliyor. 20 Kas\u0131m&#8217;da ba\u015flayan ve 5 ay s\u00fcrecek olan e\u011fitim sonunda kursiyerler Mersin \u00dcniversitesi S\u00fcrekli E\u011fitim Merkezi onayl\u0131 Mesleki E\u011fitim Sertifikas\u0131na sahip olacaklar.<\/p>\n<p>Y\u0131ld\u0131r\u0131m: &#8220;Turizm sekt\u00f6r\u00fcne iyi bir istihdam sa\u011flamak ad\u0131na \u00e7al\u0131\u015fmaya devam ediyoruz&#8221;<\/p>\n<p>B\u00fcy\u00fck\u015fehir Belediyesi Sosyal Hizmetler Dairesi Ba\u015fkan\u0131 Engin Y\u0131ld\u0131r\u0131m, &#8216;MERTUSEG&#8217; projesinde gen\u00e7lerin turizm sekt\u00f6r\u00fcnde istihdam edilmesini ama\u00e7lad\u0131klar\u0131n\u0131 dile getirerek, projeyi Mersin \u00dcniversitesi i\u015f birli\u011finde y\u00fcr\u00fctt\u00fcklerini dile getirdi. Turizm sekt\u00f6r\u00fcnde istihdam edilmek isteyen gen\u00e7lere y\u00f6nelik nitelikli bir e\u011fitim verdiklerini belirten Y\u0131ld\u0131r\u0131m, &#8220;Mersin \u00dcniversitesi Rekt\u00f6rl\u00fc\u011f\u00fc&#8217;ne ve Mersin \u00dcniversitesi Sosyal Bilimler Y\u00fcksekokulu&#8217;na \u00e7ok te\u015fekk\u00fcr ediyoruz. Bizler de hem at\u00f6lyelerin hem laboratuvarlar\u0131n\u0131n bulundu\u011fu okulumuzu ziyarete geldik. \u00d6\u011frencilerimiz burada uygulamal\u0131 derslerini yerinde ve uygun at\u00f6lyelerde alacaklar ve e\u011fitimlerini tamamlam\u0131\u015f olacaklar. Kat hizmetleri, \u00f6n b\u00fcro ve servis eleman\u0131yla ilgili e\u011fitimlerimiz h\u0131zl\u0131 ve nitelikli bir \u015fekilde devam ediyor. B\u00fcy\u00fck\u015fehir Belediyesi olarak turizm sekt\u00f6r\u00fcne iyi bir istihdam sa\u011flamak ad\u0131na \u00e7al\u0131\u015fmaya devam ediyoruz&#8221; s\u00f6zlerine yer verdi.<\/p>\n<p>Prof. Dr. Ege: &#8220;B\u00fcy\u00fck\u015fehir&#8217;le birlikte payda\u015f olmaktan gurur ve memnuniyet duyuyoruz&#8221;<\/p>\n<p>Mersin \u00dcniversitesi S\u00fcrekli E\u011fitim Uygulama ve Ara\u015ft\u0131rma Merkezi M\u00fcd\u00fcr\u00fc ve Sosyal Bilimler Meslek Y\u00fcksekokulu M\u00fcd\u00fcr\u00fc Prof. Dr. \u0130lhan Ege &#8220;Mersin \u00dcniversitesi olarak bu projede B\u00fcy\u00fck\u015fehir Belediyesi ile birlikte payda\u015f olmaktan gurur ve memnuniyet duyuyoruz. Ayn\u0131 zamanda \u00f6\u011frencilerimize akademisyenlerimiz taraf\u0131ndan bu e\u011fitimlerin verilmesi bizleri de memnun etmekte. Umar\u0131m bu proje sonunda e\u011fitim alan gen\u00e7lerimiz de kariyerinde iyi yerlere gelecektir&#8221; ifadelerini kulland\u0131.<\/p>\n<p>Teorik ve uygulamal\u0131 e\u011fitimlerin tamam\u0131n\u0131n MERCEK Meslek Edindirme ve E\u011fitim Merkezi&#8217;nde yap\u0131laca\u011f\u0131n\u0131 kaydeden Ege, Mersin B\u00fcy\u00fck\u015fehir Belediyesi ile bir\u00e7ok projeyi ortak y\u00fcr\u00fctt\u00fcklerini dile getirerek, e\u011fitim ve istihdama y\u00f6nelik projelerde daha fazla yer alacaklar\u0131n\u0131 kaydetti.<\/p>\n<p>Gen\u00e7ler, istihdam\u0131 kolayla\u015ft\u0131ran projeden son derece memnun<\/p>\n<p>6 \u015eubat&#8217;ta ya\u015fanan deprem felaketinden sonra ailesiyle birlikte Mersin&#8217;e gelen Beyza \u015eahinta\u015f, gen\u00e7lerin istihdam edilmesini sa\u011flayan &#8216;MERTUSEG&#8217; projesini olduk\u00e7a faydal\u0131 buldu\u011funu s\u00f6yleyerek, &#8220;Projede departmanlar ve benim \u00e7al\u0131\u015fmak istedi\u011fim alan \u00f6n b\u00fcro. Bir otelde resepsiyonist olarak \u00e7al\u0131\u015fmak istiyorum. Proje bizlere bir kap\u0131 a\u00e7\u0131yor. \u00c7\u00fcnk\u00fc depremi sadece ya\u015fayan bilir. O s\u00fcre\u00e7te benim ders \u00e7al\u0131\u015fma veya ba\u015fka bir yerde \u00e7al\u0131\u015fma gibi bir imk\u00e2n\u0131m yoktu. Ben ger\u00e7ekten bana bu imk\u00e2n tan\u0131nd\u0131\u011f\u0131 i\u00e7in B\u00fcy\u00fck\u015fehir&#8217;e \u00e7ok te\u015fekk\u00fcr ederim&#8221; diye konu\u015ftu.<\/p>\n<p>Kursiyerlerden Batuhan At\u0131c\u0131, bir d\u00f6nem i\u015f arad\u0131\u011f\u0131n\u0131 ve bu s\u00fcre\u00e7te B\u00fcy\u00fck\u015fehir&#8217;in projesine denk geldi\u011fini ifade ederek, &#8220;\u00d6nce bir form doldurma s\u00fcreci oldu ve beni m\u00fclakata \u00e7a\u011f\u0131rd\u0131lar. Daha sonra projede yer ald\u0131m&#8221; dedi. Gen\u00e7lerin hem okurken hem mezun olduktan sonra olduk\u00e7a kayg\u0131l\u0131 oldu\u011funu dile getiren At\u0131c\u0131, &#8220;Benim 3-4 ay i\u015f arama d\u00f6nemim oldu. Bu s\u00fcre\u00e7te MERTUSEG t\u0131r\u0131 ile kar\u015f\u0131la\u015fmam benim i\u00e7in b\u00fcy\u00fck bir f\u0131rsat oldu. Bunu de\u011ferlendirmek istedim. Gen\u00e7ler kesinlikle umutlar\u0131n\u0131 kaybetmesin. Kesinlikle bir umut do\u011fuyor&#8221; ifadelerini kulland\u0131.<\/p>\n<p>Kursiyerlerden \u00d6zlem \u0130mece de projede yer almaktan mutluluk duydu\u011funu ifade ederek, &#8220;Ger\u00e7ekten gen\u00e7lerin \u00f6n\u00fcn\u00fc a\u00e7acak bir proje. Ba\u015fkan\u0131m\u0131z Vahap Se\u00e7er&#8217; e \u00e7ok te\u015fekk\u00fcr ederim. Ben bir\u00e7ok sekt\u00f6rde \u00e7al\u0131\u015ft\u0131m ve turizm neden olmas\u0131n diye d\u00fc\u015f\u00fcnd\u00fcm.  Proje sayesinde epey bir yol alaca\u011f\u0131m\u0131 d\u00fc\u015f\u00fcn\u00fcyorum&#8221; diye konu\u015ftu.<\/p>\n","protected":false},"excerpt":{"rendered":"<p>Mersin B\u00fcy\u00fck\u015fehir Belediyesi&#8217;nin kent genelinde \u00e7al\u0131\u015fan gen\u00e7 n\u00fcfusunu art\u0131rmak ve gen\u00e7leri istihdama d\u00e2hil etmek i\u00e7in hayata ge\u00e7irdi\u011fi ve Mersin \u00dcniversitesi i\u015f birli\u011fi ile y\u00fcr\u00fctt\u00fc\u011f\u00fc &#8216;Mersin&#8217;in Gen\u00e7lerinin Turizm Sekt\u00f6r\u00fc \u0130\u00e7in G\u00fc\u00e7lendirilmesi&#8217; (MERTUSEG) projesi kapsam\u0131nda tan\u0131\u015fma toplant\u0131s\u0131 ger\u00e7ekle\u015ftirildi. Toplant\u0131 ile kursiyerler hem \u00fcniversite havas\u0131n\u0131 almalar\u0131 hem de \u00fcniversitenin e\u011fitim laboratuvarlar\u0131n\u0131 g\u00f6rmeleri hedeflendi. Mersin \u00dcniversitesi Sosyal Bilimler Meslek [&hellip;]<\/p>\n","protected":false},"author":2,"featured_media":30309,"comment_status":"open","ping_status":"open","sticky":false,"template":"","format":"standard","meta":{"footnotes":""},"categories":[7,34,2,3,5],"tags":[],"class_list":["post-30308","post","type-post","status-publish","format-standard","has-post-thumbnail","hentry","category-dunya","category-flas-haber","category-gundem","category-manset","category-mersin"],"views":1,"_links":{"self":[{"href":"https:\/\/mersinkadingazetesi.com\/index.php?rest_route=\/wp\/v2\/posts\/30308"}],"collection":[{"href":"https:\/\/mersinkadingazetesi.com\/index.php?rest_route=\/wp\/v2\/posts"}],"about":[{"href":"https:\/\/mersinkadingazetesi.com\/index.php?rest_route=\/wp\/v2\/types\/post"}],"author":[{"embeddable":true,"href":"https:\/\/mersinkadingazetesi.com\/index.php?rest_route=\/wp\/v2\/users\/2"}],"replies":[{"embeddable":true,"href":"https:\/\/mersinkadingazetesi.com\/index.php?rest_route=%2Fwp%2Fv2%2Fcomments&post=30308"}],"version-history":[{"count":0,"href":"https:\/\/mersinkadingazetesi.com\/index.php?rest_route=\/wp\/v2\/posts\/30308\/revisions"}],"wp:featuredmedia":[{"embeddable":true,"href":"https:\/\/mersinkadingazetesi.com\/index.php?rest_route=\/wp\/v2\/media\/30309"}],"wp:attachment":[{"href":"https:\/\/mersinkadingazetesi.com\/index.php?rest_route=%2Fwp%2Fv2%2Fmedia&parent=30308"}],"wp:term":[{"taxonomy":"category","embeddable":true,"href":"https:\/\/mersinkadingazetesi.com\/index.php?rest_route=%2Fwp%2Fv2%2Fcategories&post=30308"},{"taxonomy":"post_tag","embeddable":true,"href":"https:\/\/mersinkadingazetesi.com\/index.php?rest_route=%2Fwp%2Fv2%2Ftags&post=30308"}],"curies":[{"name":"wp","href":"https:\/\/api.w.org\/{rel}","templated":true}]}}