{"id":30328,"date":"2024-02-02T13:06:01","date_gmt":"2024-02-02T10:06:01","guid":{"rendered":"http:\/\/mersinkadingazetesi.com\/?p=30328"},"modified":"2024-02-02T13:06:01","modified_gmt":"2024-02-02T10:06:01","slug":"baskan-secer-kent-katilimi-bulusmalari-kapsaminda-sosyal-sorumluluk-dernekleri-gonullu-egitim-kuruluslari-ve-egitim-vakiflarinin-temsilcileri-ile-bulustu","status":"publish","type":"post","link":"https:\/\/mersinkadingazetesi.com\/?p=30328","title":{"rendered":"BA\u015eKAN SE\u00c7ER, &#8216;KENT KATILIMI BULU\u015eMALARI&#8217; KAPSAMINDA SOSYAL SORUMLULUK DERNEKLER\u0130, G\u00d6N\u00dcLL\u00dc E\u011e\u0130T\u0130M KURULU\u015eLARI VE E\u011e\u0130T\u0130M VAKIFLARI&#8217;NIN TEMS\u0130LC\u0130LER\u0130 \u0130LE BULU\u015eTU"},"content":{"rendered":"<p>Mersin B\u00fcy\u00fck\u015fehir Belediye Ba\u015fkan\u0131 Vahap Se\u00e7er, &#8216;Kente S\u00f6z\u00fcm\u00fcz Var&#8217; slogan\u0131yla B\u00fcy\u00fck\u015fehir Belediyesi taraf\u0131ndan d\u00fczenlenen &#8216;Kent Kat\u0131l\u0131m\u0131 Bulu\u015fmalar\u0131&#8217;n\u0131n 6. serisinin 5. toplant\u0131s\u0131n\u0131 bu kez Mersin&#8217;deki &#8216;Sosyal Sorumluluk Dernekleri, G\u00f6n\u00fcll\u00fc E\u011fitim Kurulu\u015flar\u0131 ve E\u011fitim Vak\u0131flar\u0131&#8217;n\u0131n temsilcileri ile ger\u00e7ekle\u015ftirdi. Toplant\u0131ya kat\u0131lan temsilciler, Ba\u015fkan Se\u00e7er&#8217;e kent hakk\u0131nda merak ettikleri sorular\u0131 y\u00f6neltirken; g\u00f6rev s\u00fcresi boyunca Mersin&#8217;e yapt\u0131\u011f\u0131 t\u00fcm hizmetler i\u00e7in te\u015fekk\u00fcr ettiler.<\/p>\n<p>Kongre ve Sergi Saray\u0131 \u00c7ok Ama\u00e7l\u0131 Salon&#8217;da ger\u00e7ekle\u015ftirilen bulu\u015fmada Ba\u015fkan Se\u00e7er&#8217;e; Genel Sekreter Olcay Tok ile MESK\u0130 Genel M\u00fcd\u00fcr\u00fc \u0130rfan Korkmaz e\u015flik etti.<\/p>\n<p>Se\u00e7er: &#8220;En yararl\u0131 i\u015flerimizden bir tanesi sivil toplumla s\u00fcrekli ileti\u015fim i\u00e7erisinde olmak oldu&#8221;<\/p>\n<p>Toplant\u0131n\u0131n a\u00e7\u0131l\u0131\u015f konu\u015fmas\u0131nda sivil toplum kurulu\u015flar\u0131 ile d\u00fczenli olarak bir araya gelerek toplant\u0131lar yapt\u0131klar\u0131ndan s\u00f6z eden Ba\u015fkan Se\u00e7er, &#8220;5 y\u0131ll\u0131k s\u00fcre\u00e7 i\u00e7erisinde yapt\u0131\u011f\u0131m\u0131z en yararl\u0131 i\u015flerden bir tanesi sivil toplumla s\u00fcrekli ileti\u015fim i\u00e7erisinde olmak, onlar\u0131n g\u00f6r\u00fc\u015fleri do\u011frultusunda \u00e7al\u0131\u015fmalar\u0131m\u0131z\u0131 ger\u00e7ekle\u015ftirmek oldu. Bunlar\u0131n yarar\u0131n\u0131 g\u00f6rd\u00fc\u011f\u00fcm\u00fcz\u00fc s\u00f6yleyebilirim. Netice itibariyle toplumsal talepler sivil toplum \u00fczerinden daha berrakla\u015fm\u0131\u015f, daha kesin ve imbiklenmi\u015f bir \u015fekilde geliyor. Bize de gelen her bilgi asl\u0131nda genel anlamda toplumun bir talebi oluyor&#8221; dedi.<\/p>\n<p>\u00d6zellikle en netameli konular\u0131n ba\u015f\u0131nda gelen imar \u00e7al\u0131\u015fmalar\u0131nda STK&#8217;lar ile bir araya gelmenin \u00f6nemini g\u00f6rd\u00fcklerinden s\u00f6z eden Se\u00e7er, &#8220;Bug\u00fcne kadar belki de belediyecilik tarihinde \u00e7ok az g\u00f6r\u00fclen ileti\u015fimle, ilgili meslek odalar\u0131yla s\u00fcreci g\u00f6t\u00fcrd\u00fck. Her \u015fehirde bu ge\u00e7erlidir ve biliyorsunuz imar \u00e7al\u0131\u015fmalar\u0131 daha \u00e7ok rant odakl\u0131 d\u00fc\u015f\u00fcn\u00fcld\u00fc\u011f\u00fc i\u00e7in netameli konular\u0131n ba\u015f\u0131nda geliyor. Bu anlamda da 5 y\u0131lda \u00f6zellikle Mersin merkez, Anamur ve Silifke&#8217;nin bir b\u00f6l\u00fcm\u00fc bu b\u00f6lgelerin bizimle ilgili plan \u00e7al\u0131\u015fmalar\u0131n\u0131 yap\u0131p bitirirken buradan \u00e7ok yarar sa\u011flad\u0131\u011f\u0131m\u0131z\u0131 d\u00fc\u015f\u00fcnebilirim. Ayr\u0131ca her t\u00fcrl\u00fc projede, projeksiyonda, kad\u0131n, \u00e7ocuk, sosyal politikalar, kentin trafi\u011fi, \u00e7evre, \u00e7evre ili\u015fkin yat\u0131r\u0131mlar gibi her alanda o konuyla ilgili sivil toplum \u00f6rg\u00fctleri bu anlamda daha birikimli oluyor ve daha yararl\u0131 g\u00f6r\u00fc\u015fler verebiliyorlar&#8221; diye konu\u015ftu.<\/p>\n<p>&#8220;Sanat, sanat\u00e7\u0131 ve k\u00fclt\u00fcrel etkinliklerin oldu\u011fu yerde zaten demokrasi vard\u0131r&#8221;<\/p>\n<p>B\u00fcy\u00fck\u015fehir olarak sanata ve sanat\u00e7\u0131ya her zaman daha fazla destek olabilmenin pe\u015finde olduklar\u0131n\u0131 s\u00f6yleyen Se\u00e7er, her t\u00fcrl\u00fc i\u015fbirli\u011fine de haz\u0131r olduklar\u0131n\u0131 aktard\u0131. Sanat\u00e7\u0131lar\u0131n farkl\u0131 bir ruhlar\u0131 oldu\u011funu dile getiren Se\u00e7er, &#8220;Biz sanat\u00e7\u0131lar\u0131m\u0131z\u0131 \u00f6nemsiyoruz. Her t\u00fcrl\u00fc i\u015fbirli\u011fine haz\u0131r\u0131z. Her konuda da onlar\u0131n \u00f6n\u00fcn\u00fc a\u00e7ar\u0131z. Biz, kentimiz sanat, sanat\u00e7\u0131 ve k\u00fclt\u00fcr kenti olsun istiyoruz. Sanat, sanat\u00e7\u0131 ve k\u00fclt\u00fcrel etkinliklerin oldu\u011fu yerde zaten demokrasi vard\u0131r. Olmayan ya da zay\u0131f olan demokrasi g\u00fc\u00e7lenir. En g\u00fc\u00e7l\u00fc siyasidir sanat\u00e7\u0131, en g\u00fc\u00e7l\u00fc akt\u00f6rd\u00fcr toplumda. Onun i\u00e7in \u00f6nemsiyoruz&#8221; dedi.<\/p>\n<p>Mersin Liman\u0131&#8217;nda ger\u00e7ekle\u015ftirilmesi planlanan dolgu alan\u0131 \u00e7al\u0131\u015fmalar\u0131 hakk\u0131nda da kat\u0131l\u0131mc\u0131larla g\u00f6r\u00fc\u015flerini payla\u015fan Ba\u015fkan Se\u00e7er, konunun STK&#8217;lar\u0131 siyasette basamak olarak kullanmak isteyen baz\u0131 kesimler taraf\u0131ndan kamuoyuna yanl\u0131\u015f aktar\u0131ld\u0131\u011f\u0131n\u0131 s\u00f6yledi.<\/p>\n<p>Mersin B\u00fcy\u00fck\u015fehir Belediyesi olarak b\u00f6ylesine \u00f6nemli toplumsal bir konuda al\u0131\u015f\u0131lagelmi\u015fin d\u0131\u015f\u0131na \u00e7\u0131karak dava a\u00e7t\u0131klar\u0131n\u0131 hat\u0131rlatan Se\u00e7er, &#8220;Liman\u0131n geni\u015flemesine kar\u015f\u0131 olmam\u0131n nedeni, ticaretin k\u0131s\u0131tlanmas\u0131, Mersin Liman\u0131&#8217;n\u0131 \u00f6nemsiz k\u0131lmak de\u011fil. Dedim ki &#8216;Daha \u00f6nce bu planlanm\u0131\u015f, 60 d\u00f6n\u00fcml\u00fck bir geni\u015fleme alan\u0131 imara i\u015flenmi\u015f. Do\u011fu taraf\u0131na bunu yapabilirsiniz&#8217;. Ama siz getirmi\u015fsiniz yeni bir projeyle 190 d\u00f6n\u00fcm, merkeze do\u011fru, Atat\u00fcrk Park\u0131&#8217;n\u0131n da o sil\u00fcetini etkileyecek bir pozisyonda denizi dolduruyorsunuz. Birinci nedeni buydu. Ama as\u0131l nedenlerinden bir tanesi de bizim bir de ikinci liman projemiz var, ana konteyner liman\u0131. Mersin i\u00e7in \u00e7ok \u00f6nemli bir proje. Acaba buray\u0131 yap\u0131p da &#8216;Nas\u0131l olsa kapasite artt\u0131, ana konteyner liman\u0131na gerek kalmad\u0131&#8217; diye bir gerek\u00e7eyle mi yat\u0131r\u0131m program\u0131ndan \u00e7\u0131kar\u0131lmak isteniyor. \u0130kinci nedeni de bu&#8221; dedi.<\/p>\n<p>Ba\u015fkan Se\u00e7er, \u00c7aml\u0131bel Bal\u0131k\u00e7\u0131 Bar\u0131na\u011f\u0131&#8217;n\u0131n oldu\u011fu b\u00f6lgeye Su Sporlar\u0131 Merkezi ad\u0131 alt\u0131nda ikinci bir marina yap\u0131lmak istendi\u011fine dikkat \u00e7ekerek, B\u00fcy\u00fck\u015fehir Belediyesi olarak bu projeye kar\u015f\u0131 dava a\u00e7t\u0131klar\u0131n\u0131 aktard\u0131.<\/p>\n<p>&#8220;Her t\u00fcrl\u00fc i\u015fbirli\u011fine haz\u0131r\u0131z, yeter ki sonu\u00e7 vatanda\u015fa dokunsun&#8221;<\/p>\n<p>Mersin&#8217;i geli\u015ftiren, vatanda\u015fa dokunan her projeye kap\u0131lar\u0131n\u0131n a\u00e7\u0131k oldu\u011funu hat\u0131rlatan Se\u00e7er, &#8220;Olabilecek her t\u00fcrl\u00fc konuda i\u015fbirli\u011fine haz\u0131r\u0131z. Di\u011fer b\u00fct\u00fcn ortak proje i\u015fbirli\u011fi talebinde bulunan STK&#8217;lar i\u00e7in s\u00f6yl\u00fcyorum. Herkese kap\u0131m\u0131z a\u00e7\u0131k, yeter ki sonu\u00e7 vatanda\u015fa dokunsun. Vatanda\u015f\u0131n bundan faydas\u0131 olsun. Biz her t\u00fcrl\u00fc \u00e7al\u0131\u015fmaya haz\u0131r\u0131z&#8221; dedi.<\/p>\n<p>Vatanda\u015flar\u0131 B\u00fcy\u00fck\u015fehir Belediyesi&#8217;nin festival ve konser gibi etkinliklerine kat\u0131lmaya da davet eden Se\u00e7er, kat\u0131l\u0131m\u0131n her ge\u00e7en y\u0131l daha da artaca\u011f\u0131na inand\u0131\u011f\u0131n\u0131 ifade etti. B\u00fcy\u00fck\u015fehir&#8217;in kente kazand\u0131rd\u0131\u011f\u0131 okuma salonlar\u0131n\u0131n da \u00f6neminden bahseden Se\u00e7er, sahilde yer alan Adres Okuma Salonu&#8217;nun da g\u00fczel bir \u00f6rnek oldu\u011fundan bahsederek, sahile ikinci bir okuma salonu kazand\u0131racaklar\u0131n\u0131 ve bunun da Mersin \u0130dman Yurdu Meydan\u0131 ile Hilton aras\u0131nda yer alaca\u011f\u0131n\u0131 kaydetti.<\/p>\n<p>Liman Caddesi&#8217;ni yenilediklerinden de s\u00f6z eden Se\u00e7er, &#8220;Ya\u011fmur suyu sistemleri yap\u0131l\u0131yor. Biliyorsunuz art\u0131k oradan bizim itiraz\u0131m\u0131z sonucu t\u0131r giri\u015fleri kalkt\u0131. 3 y\u0131l u\u011fra\u015ft\u0131k. Senelerdir \u00f6yle devam ediyordu. Kimse bir \u015fey dememi\u015fti ama \u015fimdi bitti. Yeni kap\u0131 yapt\u0131lar. \u015eimdi oras\u0131 kapal\u0131. Biz de yolunuzu yap\u0131yoruz. Yak\u0131n tarihte p\u0131r\u0131l p\u0131r\u0131l olacak. Abide Kav\u015fa\u011f\u0131 da yenilenecek&#8221; dedi.<\/p>\n<p>Metro Projesi&#8217;nin detaylar\u0131 hakk\u0131nda da kat\u0131l\u0131mc\u0131lar\u0131 bilgilendiren Se\u00e7er,  &#8220;35 kilometrelik rayl\u0131 sistem projesi var. Bunun 13,5 kilometresinin temelini att\u0131k. Finansman imzas\u0131 2 y\u0131l gecikti. \u015eu anda 150 milyon avro finansman\u0131n\u0131 bulduk. Metro konusu, ikinci d\u00f6nem i\u00e7in iddial\u0131 konu\u015faca\u011f\u0131m bir konu&#8221; dedi.<\/p>\n<p>B\u00fcy\u00fck\u015fehir&#8217;in projelerinde kad\u0131n ve \u00e7ocuklar \u00f6nce geliyor<\/p>\n<p>M\u00fcft\u00fc Deresi&#8217;nin etraf\u0131na 500 d\u00f6n\u00fcml\u00fck bir park yapacaklar\u0131n\u0131 duyuran Se\u00e7er, ayn\u0131 zamanda \u00e7ocuklar i\u00e7inde bir\u00e7ok projeyi hayata ge\u00e7irmeye haz\u0131rland\u0131klar\u0131n\u0131 s\u00f6yledi. \u00c7ocuk K\u00f6y\u00fc i\u00e7in bu ay i\u00e7inde ihaleye \u00e7\u0131k\u0131laca\u011f\u0131n\u0131 kaydeden Se\u00e7er, &#8220;Mezitli&#8217;de 3 bin 165 be\u015f metrekare alan \u00fczerine \u00c7ocuk K\u00f6y\u00fc yap\u0131yoruz. \u0130halesi var, 26 \u015eubat&#8217;ta. \u00c7ocuk tiyatrosu, film, konferans salonu var, \u00e7ok ama\u00e7l\u0131 salon, 220 ki\u015filik \u00e7ocuk at\u00f6lyeleri hepsi var i\u00e7inde&#8221; diye anlatt\u0131.<\/p>\n<p>Kad\u0131n istihdam\u0131n\u0131 \u00f6nemsediklerini hat\u0131rlatan Se\u00e7er, &#8220;\u00dcretici kad\u0131nlara destek veriyoruz. Belediyemizde yakla\u015f\u0131k y\u00fczde 7 oranda art\u0131 istihdam sa\u011flad\u0131k&#8221; s\u00f6zlerine yer verdi. Bulu\u015fma \u00f6ncesi Sosyal Ya\u015fam Merkezi&#8217;nin temelini att\u0131klar\u0131n\u0131 belirten Se\u00e7er, &#8220;\u0130\u00e7inde kad\u0131n at\u00f6lyesi, okuma salonu, kre\u015f, taziye olan Kurdali Mahallesi&#8217;nde 2 b\u00fcy\u00fck binadan olu\u015fan, 60 milyon TL&#8217;ye mal olacak bir yap\u0131n\u0131n temelini att\u0131k. Biz 6 noktada taziye evi a\u00e7t\u0131k&#8221; diyerek, bu hizmetleri daha da b\u00fcy\u00fcteceklerini belirtti.<\/p>\n<p>&#8220;Mayosunu giyen, havlusunu al\u0131p K\u00fclt\u00fcr Park&#8217;tan denize inebilecek&#8221;<\/p>\n<p>Kent plajlar\u0131na ili\u015fkin de projelerinin haz\u0131r oldu\u011funu belirten Se\u00e7er, &#8220;K\u0131y\u0131lar bizim de\u011fildir, k\u0131y\u0131lar halk\u0131nd\u0131r, herkes girebilir. Ancak Milli Emlak&#8217;tan bizim 13 plaj\u0131m\u0131z var. Biz yeni bir projeyi 4 y\u0131l u\u011fra\u015f sonucu bitirmek \u00fczereyiz. Kent plajlar\u0131n\u0131n son a\u015famas\u0131na geldik. Kent Plajlar\u0131n\u0131 2. d\u00f6nemde etap etap Mersin halk\u0131na kazand\u0131raca\u011f\u0131z. Yani mayosunu giyen, havlusunu al\u0131p K\u00fclt\u00fcr Parktan denize inebilecek duruma getirece\u011fiz&#8221; s\u00f6zlerine yer verdi.<\/p>\n<p>&#8220;Bu se\u00e7im Mersin farkl\u0131 bir sonu\u00e7 ya\u015fayacak&#8221;<\/p>\n<p>Konu\u015fmas\u0131n\u0131 yakla\u015fan yerel se\u00e7imlere ili\u015fkin g\u00f6r\u00fc\u015flerini payla\u015farak s\u00fcrd\u00fcren Se\u00e7er, Mersin halk\u0131n\u0131n kendisini destekleyece\u011fine emin oldu\u011funu s\u00f6yledi. &#8220;Bu se\u00e7im Mersin farkl\u0131 bir sonu\u00e7 ya\u015fayacak&#8221; diyen Se\u00e7er, &#8220;Matematiksel de farkl\u0131 bir sonu\u00e7 ya\u015fayacak ama konuyu ara\u015ft\u0131rd\u0131\u011f\u0131n\u0131z zaman o matematiksel sonucun neden kaynakland\u0131\u011f\u0131n\u0131 tek c\u00fcmle ile s\u00f6ylemem gerekirse, insanlar\u0131 ay\u0131rmadan hizmet etmek, insana dokunmak, insan\u0131 sevmek, bundan kaynaklanaca\u011f\u0131n\u0131 \u00e7ok eminim&#8221; dedi.<\/p>\n<p>&#8220;Hizmetlerimizde ideolojik farkl\u0131l\u0131klar\u0131 asla dikkate almad\u0131k&#8221;<\/p>\n<p>Geride kalan 5 y\u0131ll\u0131k s\u00fcre i\u00e7erisinde B\u00fcy\u00fck\u015fehir Belediyesi&#8217;nin t\u00fcm birimleri ile Mersinlilere ayr\u0131m olmaks\u0131z\u0131n gece g\u00fcnd\u00fcz hizmet etti\u011finin alt\u0131n\u0131 \u00e7izen Se\u00e7er, &#8220;T\u00fcm iyi niyetimizle, memleket a\u015fk\u0131yla, insanl\u0131k sevgisiyle bunlar\u0131 yapt\u0131k. Bizim yolumuz, partimiz, d\u00fcsturumuz ve ideolojimiz belli. Bunu da saklamad\u0131k. Ama hizmetlerimizde ideolojik farkl\u0131l\u0131klar\u0131 asla dikkate almad\u0131k. Bundan dolay\u0131 da bu se\u00e7imlere hem vicdan\u0131 rahat bir insan olarak hem psikolojik olarak \u00e7ok iyi hissediyorum hem de hi\u00e7bir stresim yok. Zaten be\u015f y\u0131lda hizmet yapm\u0131\u015fsam mutlaka Mersin halk\u0131 &#8216;Vahap Ba\u015fkanla devam&#8217; diyecek&#8221; diye konu\u015ftu.<\/p>\n<p>&#8220;Mersin halk\u0131n\u0131n ferasetine inan\u0131yor, onlar\u0131n deste\u011fine g\u00fcveniyorum&#8221;<\/p>\n<p>Se\u00e7er konu\u015fmas\u0131n\u0131 &#8220;Bir \u00f6nceki se\u00e7imde sizi umut g\u00f6r\u00fcp oy vermi\u015f insan say\u0131s\u0131 \u00e7ok olsun, hizmet yapmam\u0131\u015fsan\u0131z o insan say\u0131s\u0131n\u0131 azalt\u0131rs\u0131n\u0131z 5 y\u0131lda. Biz b\u0131rak\u0131n azaltmay\u0131, sabit b\u0131rakmay\u0131 \u00e7o\u011faltt\u0131\u011f\u0131m\u0131z\u0131 d\u00fc\u015f\u00fcn\u00fcyoruz. Herkese hizmet ettik. Bunu onurla da s\u00f6yleyebilirim. Mersin halk\u0131n\u0131n ferasetine de inan\u0131yor, onlar\u0131n deste\u011fine g\u00fcveniyorum. Umar\u0131m umdu\u011fumuz gibi bir sonu\u00e7la 5 y\u0131l daha huzur i\u00e7erisinde bir Mersinde hem sizler ya\u015fay\u0131n, biz de sizlere onurla ve memnuniyetle hizmet edelim&#8221; s\u00f6zleri ile tamamlad\u0131.<\/p>\n<p>Tekg\u00fcl: &#8220;Her sese, her s\u00f6ze de\u011fer veren bir Ba\u015fkan\u0131m\u0131z var&#8221;<\/p>\n<p>Akdeniz Lions Kul\u00fcb\u00fc Ba\u015fkan\u0131 Emel Tekg\u00fcl, bulu\u015fmay\u0131 \u00e7ok g\u00fczel buldu\u011fundan s\u00f6z ederek, Ba\u015fkan Vahap Se\u00e7er&#8217;in her zamanki demokratik yap\u0131y\u0131 bir kez daha bu toplant\u0131da vurgulam\u0131\u015f oldu\u011funu kaydetti. Tekg\u00fcl, &#8220;Her sese, her s\u00f6ze de\u011fer veren bir Ba\u015fkan\u0131m\u0131z var. Bu y\u00f6nden Mersin ger\u00e7ekten \u00e7ok \u015fansl\u0131. Biz de belediyemizin ve ba\u015fkan\u0131m\u0131z\u0131n yapm\u0131\u015f oldu\u011fu faaliyetleri \u00f6\u011frendik. Kendileri bizim taleplerimizi de\u011ferlendirdi ve benim a\u00e7\u0131mdan \u00e7ok memnuniyet verici bir konu vard\u0131. Ba\u015fkan\u0131m\u0131z \u0131srarla s\u00f6z vermek istemesine ra\u011fmen sorun ve ele\u015ftiri gelmedi. Yo\u011funluk te\u015fekk\u00fcr ve takdirdeydi. Bu da \u00f6n\u00fcm\u00fczdeki d\u00f6nem bizi nelerin bekledi\u011fine bir g\u00f6stergeydi ve bu a\u00e7\u0131dan \u00e7ok mutlu oldum. Hi\u00e7 sorunsuz \u00e7ok g\u00fczel bir toplant\u0131 oldu. Ba\u015fkan\u0131m\u0131zdan devam\u0131n\u0131 diliyoruz&#8221; dedi.<\/p>\n<p>T\u00fct\u00fcner: &#8220;Hep birlikte daha g\u00fczel bir Mersin i\u00e7in \u00e7al\u0131\u015f\u0131yoruz&#8221;<\/p>\n<p>\u0130\u00e7el Sanat Kul\u00fcb\u00fc ile Akdeniz Opera ve Bale Kul\u00fcb\u00fc kurucular\u0131ndan Faz\u0131l T\u00fct\u00fcner, bulu\u015fma sonras\u0131 yapt\u0131\u011f\u0131 de\u011ferlendirmede; &#8220;Her t\u00fcrl\u00fc diyalog yararl\u0131d\u0131r. Mersin&#8217;in daha ilerlemesi, geli\u015fmesi ve insanlar\u0131n daha mutlu olmas\u0131 i\u00e7in biz g\u00f6n\u00fcll\u00fc kurulu\u015flar olarak \u00f6nerilerimizi belirli aral\u0131klarla iletiyorduk. Bug\u00fcn s\u00f6zl\u00fc olarak, y\u00fcz y\u00fcze isteklerimizi, \u00f6zlemlerimizi ve do\u011fru buldu\u011fumuz projeleri \u00f6nerdik. B\u00f6yle bir f\u0131rsat yarat\u0131ld\u0131\u011f\u0131 i\u00e7in \u00e7ok sevindik. Ger\u00e7ekten \u00e7ok \u00f6nemli i\u015fler oluyor. Her ne kadar memleketin genel durumu, kriz dedi\u011fimiz olaylar fazla olsa da bunalmay\u0131p, gelece\u011fe d\u00f6n\u00fck iyi \u00e7al\u0131\u015fmalar yapma konusunda birle\u015fmemiz laz\u0131m. Kurumlar, yerel y\u00f6netimler, dernekler, sivil toplum \u00f6rg\u00fctleri ve odalar ile hep birlikte daha g\u00fczel bir Mersin i\u00e7in \u00e7al\u0131\u015f\u0131yoruz&#8221; diye konu\u015ftu.<\/p>\n<p>\u00c7a\u011fda\u015f Ya\u015fam\u0131 Destekleme Derne\u011fi Mersin \u015eubesi Y\u00f6netim Kurulu \u00fcyesi ve ayn\u0131 zamanda Yeni Ku\u015fak K\u00f6y Enstit\u00fcleri Derne\u011fi&#8217;nin Yazman\u0131 olan teknik \u00f6\u011fretmen Hasan Din\u00e7, &#8220;Mersin B\u00fcy\u00fck\u015fehir Belediyesi&#8217;nin takdire \u015fayan hamleleri var. Burada kendi \u00f6z kaynaklar\u0131ndan \u00f6zellikle mant\u0131kl\u0131 \u00e7\u0131kar\u0131mlar yaparak halka hizmet etti\u011fini g\u00f6r\u00fcyoruz&#8221; dedi.<\/p>\n","protected":false},"excerpt":{"rendered":"<p>Mersin B\u00fcy\u00fck\u015fehir Belediye Ba\u015fkan\u0131 Vahap Se\u00e7er, &#8216;Kente S\u00f6z\u00fcm\u00fcz Var&#8217; slogan\u0131yla B\u00fcy\u00fck\u015fehir Belediyesi taraf\u0131ndan d\u00fczenlenen &#8216;Kent Kat\u0131l\u0131m\u0131 Bulu\u015fmalar\u0131&#8217;n\u0131n 6. serisinin 5. toplant\u0131s\u0131n\u0131 bu kez Mersin&#8217;deki &#8216;Sosyal Sorumluluk Dernekleri, G\u00f6n\u00fcll\u00fc E\u011fitim Kurulu\u015flar\u0131 ve E\u011fitim Vak\u0131flar\u0131&#8217;n\u0131n temsilcileri ile ger\u00e7ekle\u015ftirdi. Toplant\u0131ya kat\u0131lan temsilciler, Ba\u015fkan Se\u00e7er&#8217;e kent hakk\u0131nda merak ettikleri sorular\u0131 y\u00f6neltirken; g\u00f6rev s\u00fcresi boyunca Mersin&#8217;e yapt\u0131\u011f\u0131 t\u00fcm hizmetler i\u00e7in [&hellip;]<\/p>\n","protected":false},"author":2,"featured_media":30329,"comment_status":"open","ping_status":"open","sticky":false,"template":"","format":"standard","meta":{"footnotes":""},"categories":[8,34,2,3,6],"tags":[],"class_list":["post-30328","post","type-post","status-publish","format-standard","has-post-thumbnail","hentry","category-ekonomi","category-flas-haber","category-gundem","category-manset","category-siyaset-2"],"views":9,"_links":{"self":[{"href":"https:\/\/mersinkadingazetesi.com\/index.php?rest_route=\/wp\/v2\/posts\/30328"}],"collection":[{"href":"https:\/\/mersinkadingazetesi.com\/index.php?rest_route=\/wp\/v2\/posts"}],"about":[{"href":"https:\/\/mersinkadingazetesi.com\/index.php?rest_route=\/wp\/v2\/types\/post"}],"author":[{"embeddable":true,"href":"https:\/\/mersinkadingazetesi.com\/index.php?rest_route=\/wp\/v2\/users\/2"}],"replies":[{"embeddable":true,"href":"https:\/\/mersinkadingazetesi.com\/index.php?rest_route=%2Fwp%2Fv2%2Fcomments&post=30328"}],"version-history":[{"count":0,"href":"https:\/\/mersinkadingazetesi.com\/index.php?rest_route=\/wp\/v2\/posts\/30328\/revisions"}],"wp:featuredmedia":[{"embeddable":true,"href":"https:\/\/mersinkadingazetesi.com\/index.php?rest_route=\/wp\/v2\/media\/30329"}],"wp:attachment":[{"href":"https:\/\/mersinkadingazetesi.com\/index.php?rest_route=%2Fwp%2Fv2%2Fmedia&parent=30328"}],"wp:term":[{"taxonomy":"category","embeddable":true,"href":"https:\/\/mersinkadingazetesi.com\/index.php?rest_route=%2Fwp%2Fv2%2Fcategories&post=30328"},{"taxonomy":"post_tag","embeddable":true,"href":"https:\/\/mersinkadingazetesi.com\/index.php?rest_route=%2Fwp%2Fv2%2Ftags&post=30328"}],"curies":[{"name":"wp","href":"https:\/\/api.w.org\/{rel}","templated":true}]}}