{"id":30343,"date":"2024-02-02T13:13:03","date_gmt":"2024-02-02T10:13:03","guid":{"rendered":"http:\/\/mersinkadingazetesi.com\/?p=30343"},"modified":"2024-02-02T13:13:03","modified_gmt":"2024-02-02T10:13:03","slug":"kiratli-ulu-cinarimizin-yuzuncu-yilinda-hedefimiz-super-lig","status":"publish","type":"post","link":"https:\/\/mersinkadingazetesi.com\/?p=30343","title":{"rendered":"K\u0131ratl\u0131: &#8220;Ulu \u00e7\u0131nar\u0131m\u0131z\u0131n y\u00fcz\u00fcnc\u00fc y\u0131l\u0131nda hedefimiz S\u00fcper Lig&#8221;"},"content":{"rendered":"<p>Mersin \u0130dmanyurdu&#8217;na olan tutkusuyla bilinen AK Parti Mersin Milletvekili Ali K\u0131ratl\u0131, &#8216;El Ele 1. Lige Kampanya Lansman\u0131&#8217; gecesinde yapt\u0131\u011f\u0131 konu\u015fmada, &#8220;Milletvekilli\u011fimi bir kenar\u0131 b\u0131rak\u0131n, K\u0131rm\u0131z\u0131 \u015eeytanlar\u0131n bir mensubu olan bu karde\u015finiz olarak hedefimiz, ulu \u00e7\u0131nar\u0131m\u0131z Mersin \u0130dmanyurdu&#8217;nun y\u00fcz\u00fcnc\u00fc y\u0131l\u0131nda s\u00fcper lige \u00e7\u0131karmak&#8221; dedi. <\/p>\n<p>Yeni Mersin \u0130dmanyurdu y\u00f6netimi taraf\u0131ndan bir otelde ger\u00e7ekle\u015ftirilen &#8216;EL Ele 1. Lige Kampanya Lansman\u0131&#8217; gecesine Mersin Valisi Ali Hamza Pehlivan, Cumhur \u0130ttifak\u0131 Mersin B\u00fcy\u00fck\u015fehir Belediye Ba\u015fkan Aday\u0131 Serdar Soydan, Akdeniz Belediye Ba\u015fkan\u0131 Mustafa G\u00fcltak, bir\u00e7ok belediye ba\u015fkan\u0131, STK ba\u015fkan\u0131 ve temsilcisi kat\u0131ld\u0131.<\/p>\n<p>&#8220;VAL\u0130M\u0130Z BU KENT \u0130\u00c7\u0130N B\u00dcY\u00dcK B\u0130R \u015eANS&#8221;<\/p>\n<p>D\u00fczenlenen gecede s\u00f6z alan, Mersin \u0130dmanyurdu&#8217;nun t\u00fcm ma\u00e7lar\u0131na kat\u0131lmas\u0131yla bilinen ve K\u0131rm\u0131z\u0131 \u015eeytanlar grubunun bir taraftar\u0131 olan AK Parti Mersin Milletvekili Ali K\u0131ratl\u0131, &#8220;Mersin \u0130dmanyurdumuz, Mersin i\u00e7in bir ya\u015fayan efsanedir. \u0130yi g\u00fcnleri oldu, k\u00f6t\u00fc g\u00fcnleri oldu ama hi\u00e7bir zaman ulu \u00e7\u0131nar\u0131m\u0131z sahipsiz kalmad\u0131. \u015eehrimizin \u00f6nemli insanlar\u0131, i\u015f insanlar\u0131 sahip \u00e7\u0131kt\u0131. Hepsinden Allah raz\u0131 olsun. Bug\u00fcn de \u00e7ok k\u0131ymetli ba\u015fkan\u0131m\u0131z Metin Salt\u0131k ve y\u00f6netim kurulu \u00fcyeleri bu tak\u0131ma sahip \u00e7\u0131kt\u0131lar. Burada \u00f6zellikle say\u0131n valimize ben \u00e7ok te\u015fekk\u00fcr ediyorum. Say\u0131n valimiz, Mersin \u0130dmanyurdu i\u00e7in \u00e7ok b\u00fcy\u00fck bir \u015fans oldu. Ben say\u0131n valimizin yapm\u0131\u015f oldu\u011fu yard\u0131mlar\u0131 \u00e7ok iyi biliyorum. Toroslar da ki tesislerimizde say\u0131n valimizin, b\u00fcy\u00fck\u015fehir belediye ba\u015fkan\u0131m\u0131z\u0131n, il\u00e7e belediye ba\u015fkanlar\u0131m\u0131z\u0131n \u00e7ok b\u00fcy\u00fck emekleri oldu\u011funu iyi biliyorum. Hepsinden Allah raz\u0131 olsun&#8221; dedi.<\/p>\n<p>&#8220;Y\u00dcZ\u00dcNC\u00dc YILDA HEDEF\u0130M\u0130Z S\u00dcPER L\u0130G&#8221;<\/p>\n<p>AK Parti Mersin Milletvekili K\u0131ratl\u0131, hedeflerinin 100. Y\u0131lda Mersin \u0130dmanyurdu&#8217;nu s\u00fcper lige ta\u015f\u0131mak oldu\u011funu vurgulad\u0131\u011f\u0131 konu\u015fmas\u0131nda, &#8220;Burada toplanan bizler &#8216;El Ele 1. Lig&#8217; diyoruz ya, Mersin \u0130dmanyurdumuzun kurulu\u015f tarihi 1925. \u015eimdi 2. Lig&#8217;deyiz. Allah nasip eder de bu sene \u00e7\u0131karsak \u00f6n\u00fcm\u00fczdeki sene \u0130dmanyurdumuzun y\u00fcz\u00fcnc\u00fc y\u0131l\u0131n\u0131 kutlayaca\u011f\u0131z. Ulu \u00e7\u0131nar\u0131m\u0131z\u0131n y\u00fcz\u00fcnc\u00fc y\u0131l\u0131n\u0131 s\u00fcper ligde kutlayaca\u011f\u0131z&#8221; \u015feklinde konu\u015ftu.<\/p>\n<p>&#8220;MERS\u0130N \u0130DMAN YURDU&#8217;NU KENT\u0130N EN \u00d6NEML\u0130 MARKASI HAL\u0130NE GET\u0130RECE\u011e\u0130Z&#8221;<\/p>\n<p>K\u0131ratl\u0131, konu\u015fmas\u0131n\u0131n devam\u0131nda ise, &#8220;Mersin \u0130dmanyurdu&#8217;nun koyu bir taraftar\u0131 olarak Mersin&#8217;de oldu\u011fum s\u00fcrece t\u00fcm ma\u00e7lar\u0131 takip ediyorum. Mecliste oldu\u011fum s\u00fcrece de Mersin&#8217;in t\u00fcm ma\u00e7lar\u0131n\u0131 internet \u00fczerinden yak\u0131ndan takip ediyorum. Milletvekilli\u011fimden ziyade bu kente g\u00f6n\u00fcl vermi\u015f, bu tak\u0131ma g\u00f6n\u00fcl vermi\u015f bir taraftar olarak ben inan\u0131yorum ki bu kentin bir valisi olarak, belediye ba\u015fkan\u0131 olarak, sivil toplum kurulu\u015flar\u0131 olarak, i\u015f insanlar\u0131 olarak kenetlenece\u011fiz ve Mersin \u0130dmanyurdu&#8217;nu bu kentin en \u00f6nemli markas\u0131 haline getirece\u011fiz. Bu \u015fehrin en \u00f6nemli ulusaldaki markas\u0131 Mersin \u0130dmanyurdu olacakt\u0131r. \u0130n\u015fallah bu markay\u0131 da sizlerle beraber \u00f6zellikle de cefakar ve vefakar taraftar\u0131yla birlikte s\u00fcper lige \u00e7\u0131karaca\u011f\u0131z. Bu kampanyada eme\u011fi olan t\u00fcm arkada\u015flar\u0131m\u0131za da \u00e7ok te\u015fekk\u00fcr ediyorum. Mersinimizi in\u015fallah hak etti\u011fi yere tekrardan getirece\u011fimizi de biliyoruz&#8221; ifadelerini kulland\u0131.<\/p>\n","protected":false},"excerpt":{"rendered":"<p>Mersin \u0130dmanyurdu&#8217;na olan tutkusuyla bilinen AK Parti Mersin Milletvekili Ali K\u0131ratl\u0131, &#8216;El Ele 1. Lige Kampanya Lansman\u0131&#8217; gecesinde yapt\u0131\u011f\u0131 konu\u015fmada, &#8220;Milletvekilli\u011fimi bir kenar\u0131 b\u0131rak\u0131n, K\u0131rm\u0131z\u0131 \u015eeytanlar\u0131n bir mensubu olan bu karde\u015finiz olarak hedefimiz, ulu \u00e7\u0131nar\u0131m\u0131z Mersin \u0130dmanyurdu&#8217;nun y\u00fcz\u00fcnc\u00fc y\u0131l\u0131nda s\u00fcper lige \u00e7\u0131karmak&#8221; dedi. Yeni Mersin \u0130dmanyurdu y\u00f6netimi taraf\u0131ndan bir otelde ger\u00e7ekle\u015ftirilen &#8216;EL Ele 1. Lige [&hellip;]<\/p>\n","protected":false},"author":2,"featured_media":30344,"comment_status":"open","ping_status":"open","sticky":false,"template":"","format":"standard","meta":{"footnotes":""},"categories":[3,6,10],"tags":[],"class_list":["post-30343","post","type-post","status-publish","format-standard","has-post-thumbnail","hentry","category-manset","category-siyaset-2","category-spor"],"views":2,"_links":{"self":[{"href":"https:\/\/mersinkadingazetesi.com\/index.php?rest_route=\/wp\/v2\/posts\/30343"}],"collection":[{"href":"https:\/\/mersinkadingazetesi.com\/index.php?rest_route=\/wp\/v2\/posts"}],"about":[{"href":"https:\/\/mersinkadingazetesi.com\/index.php?rest_route=\/wp\/v2\/types\/post"}],"author":[{"embeddable":true,"href":"https:\/\/mersinkadingazetesi.com\/index.php?rest_route=\/wp\/v2\/users\/2"}],"replies":[{"embeddable":true,"href":"https:\/\/mersinkadingazetesi.com\/index.php?rest_route=%2Fwp%2Fv2%2Fcomments&post=30343"}],"version-history":[{"count":0,"href":"https:\/\/mersinkadingazetesi.com\/index.php?rest_route=\/wp\/v2\/posts\/30343\/revisions"}],"wp:featuredmedia":[{"embeddable":true,"href":"https:\/\/mersinkadingazetesi.com\/index.php?rest_route=\/wp\/v2\/media\/30344"}],"wp:attachment":[{"href":"https:\/\/mersinkadingazetesi.com\/index.php?rest_route=%2Fwp%2Fv2%2Fmedia&parent=30343"}],"wp:term":[{"taxonomy":"category","embeddable":true,"href":"https:\/\/mersinkadingazetesi.com\/index.php?rest_route=%2Fwp%2Fv2%2Fcategories&post=30343"},{"taxonomy":"post_tag","embeddable":true,"href":"https:\/\/mersinkadingazetesi.com\/index.php?rest_route=%2Fwp%2Fv2%2Ftags&post=30343"}],"curies":[{"name":"wp","href":"https:\/\/api.w.org\/{rel}","templated":true}]}}