{"id":30354,"date":"2024-02-04T10:16:42","date_gmt":"2024-02-04T07:16:42","guid":{"rendered":"http:\/\/mersinkadingazetesi.com\/?p=30354"},"modified":"2024-02-04T10:16:42","modified_gmt":"2024-02-04T07:16:42","slug":"mersin-yapisi-itibariyle-sanatsal-faaliyetlere-uygun-bir-kent","status":"publish","type":"post","link":"https:\/\/mersinkadingazetesi.com\/?p=30354","title":{"rendered":"&#8220;MERS\u0130N YAPISI \u0130T\u0130BAR\u0130YLE SANATSAL FAAL\u0130YETLERE UYGUN B\u0130R KENT&#8221;"},"content":{"rendered":"<p>Mersin B\u00fcy\u00fck\u015fehir Belediye Ba\u015fkan\u0131 Vahap Se\u00e7er, &#8216;Kente S\u00f6z\u00fcm\u00fcz Var&#8217; slogan\u0131yla B\u00fcy\u00fck\u015fehir taraf\u0131ndan d\u00fczenlenen &#8216;Kent Kat\u0131l\u0131m\u0131 Bulu\u015fmalar\u0131&#8217;n\u0131n 6. serisinin 6. toplant\u0131s\u0131n\u0131 Mersin&#8217;de faaliyet g\u00f6steren Mersin&#8217;e De\u011fer Katanlar Kurulu (MEDEKA) bile\u015fenleri ve sanat kurulu\u015flar\u0131 temsilcileri ile ger\u00e7ekle\u015ftirdi. Toplant\u0131ya kat\u0131lan temsilciler, Ba\u015fkan Se\u00e7er&#8217;e kent hakk\u0131nda merak ettikleri sorular\u0131 y\u00f6neltirken; g\u00f6rev s\u00fcresi boyunca kentte ger\u00e7ekle\u015ftirdi\u011fi k\u00fclt\u00fcr-sanat faaliyetleri ve verdikleri desteklerden \u00f6t\u00fcr\u00fc te\u015fekk\u00fcr ettiler.<\/p>\n<p>Kongre ve Sergi Saray\u0131 \u00c7ok Ama\u00e7l\u0131 Salon&#8217;da ger\u00e7ekle\u015ftirilen bulu\u015fmada Ba\u015fkan Se\u00e7er&#8217;e; Genel Sekreter Olcay Tok ile K\u00fclt\u00fcr ve Sosyal \u0130\u015fler Dairesi Koordinat\u00f6r\u00fc Bengi \u0130spir \u00d6zd\u00fclger e\u015flik etti.<\/p>\n<p>Se\u00e7er: &#8220;Bize \u00e7ok \u00f6nemli yard\u0131mlar yapt\u0131n\u0131z&#8221;<\/p>\n<p>Toplant\u0131da konu\u015fan Ba\u015fkan Vahap Se\u00e7er, MEDEKA ve sanat kurulu\u015flar\u0131 ile bir araya gelmekten mutluluk duydu\u011funu belirtti. MEDEKA&#8217;n\u0131n, kuruldu\u011fu g\u00fcnden bu yana fikir ve \u00f6nerileri ile belediyenin \u00e7al\u0131\u015fmalar\u0131na katk\u0131 sundu\u011funu s\u00f6yleyen Se\u00e7er, &#8220;12 kuruldan olu\u015fan MEDEKA beklenenin \u00e7ok \u00f6tesinde bir ciddiyetle bug\u00fcnlere geldi&#8221; dedi. B\u00fcy\u00fck\u015fehir&#8217;in sanat kurulu\u015flar\u0131 ve MEDEKA ile son derece iyi ili\u015fkiler i\u00e7erisinde oldu\u011funu kaydeden Se\u00e7er, &#8220;Bize \u00e7ok \u00f6nemli yard\u0131mlar yapt\u0131n\u0131z. Bir\u00e7ok alanda i\u015fimizi kolayla\u015ft\u0131rd\u0131n\u0131z. Bu anlamda hepinize m\u00fcte\u015fekkirim. Umut ediyorum daha da tahkim olmu\u015f bir \u015fekilde ikinci 5 y\u0131ll\u0131k g\u00f6rev s\u00fcremizde bu \u00e7al\u0131\u015fmalar\u0131 devam ettiririz&#8221; diye konu\u015ftu.<\/p>\n<p>&#8220;Mersin; yap\u0131s\u0131, tarihi ve demografisi itibariyle sanatsal faaliyetlere uygun bir kent&#8221;<\/p>\n<p>Kat\u0131l\u0131mc\u0131lar\u0131n sorular\u0131n\u0131 yan\u0131tlayan Se\u00e7er, hayata ge\u00e7irdikleri hizmet ve projeleri kentin ve insanlar\u0131n ihtiyac\u0131na y\u00f6nelik yapt\u0131klar\u0131n\u0131 belirterek, &#8220;Mersin B\u00fcy\u00fck\u015fehir Belediyesi Mersin&#8217;in dokusuna uygun, Mersin&#8217;e m\u00fcnhas\u0131r b\u00fct\u00fcn sorunlara dokunmu\u015ftur, onunla ilgili \u00e7\u00f6z\u00fcm \u00fcretmi\u015ftir ya da \u00fcretmek i\u00e7in zaman ve emek harcam\u0131\u015ft\u0131r. Bu konuda m\u00fcsterih olman\u0131z\u0131 isterim&#8221; dedi.<\/p>\n<p>Sanata ve sanat\u00e7\u0131ya sayg\u0131 duyan bir insan oldu\u011funun alt\u0131n\u0131 \u00e7izen Se\u00e7er, Belediye olarak da bu anlay\u0131\u015fta olduklar\u0131n\u0131 kaydetti. Kentin k\u00fclt\u00fcr-sanat alan\u0131ndaki geli\u015fimine katk\u0131 sunacak her t\u00fcrl\u00fc talep ve fikre a\u00e7\u0131k olduklar\u0131n\u0131 belirten Se\u00e7er, bu t\u00fcr i\u015f birli\u011fi ve desteklerin devam edece\u011fini s\u00f6yleyerek, &#8220;Y\u00f6netimde kald\u0131\u011f\u0131m\u0131z s\u00fcre i\u00e7erisinde bunlar\u0131 s\u00fcrd\u00fcrmek istiyoruz. Bunun bilinmesini istiyorum&#8221; dedi. 5 y\u0131l \u00f6nce g\u00f6reve geldiklerinde sanata ve sanat\u00e7\u0131ya bak\u0131\u015f a\u00e7\u0131lar\u0131n\u0131 ortaya koyduklar\u0131n\u0131 hat\u0131rlatan Se\u00e7er, sanat camias\u0131na manevi deste\u011fin yan\u0131 s\u0131ra maddi deste\u011fin de \u00e7ok \u00f6nemli oldu\u011funu s\u00f6yleyerek, &#8220;Kamunun; sanata, sanat\u00e7\u0131ya, \u00f6zel sekt\u00f6r yap\u0131lar\u0131n\u0131n sosyal sorumluluk projelerine deste\u011fi olmazsa bu i\u015flerde yol alam\u0131yorsunuz. O nedenle biz her t\u00fcrl\u00fc makul talebe a\u00e7\u0131\u011f\u0131z&#8221; diye konu\u015ftu.<\/p>\n<p>Mersin&#8217;in, yap\u0131s\u0131, tarihi ve demografisi itibariyle sanatsal faaliyetlere uygun bir kent oldu\u011funu ve bunun geli\u015fmesini arzu ettiklerini belirten Se\u00e7er, &#8220;T\u00fcrkiye&#8217;de Cumhuriyet tarihinde sanat ve sanat\u00e7\u0131 konu\u015fulmazken burada konu\u015fulmu\u015f. Mersin Devlet ve Opera Balesi T\u00fcrkiye&#8217;de bu alanda kurulan 4. kurum. O tarihlerde Mersin b\u00f6yle bir \u00e7al\u0131\u015fmaya uygun g\u00f6r\u00fclm\u00fc\u015f. \u00c7\u00fcnk\u00fc yap\u0131s\u0131, dokusu, n\u00fcfusu ve sosyok\u00fclt\u00fcrel yap\u0131s\u0131 uygun. Mersin yap\u0131s\u0131 itibariyle bunu istiyor ve hak ediyor&#8221; ifadelerine yer verdi.<\/p>\n<p>&#8220;T\u00fcrkiye&#8217;de sosyal konut konusunda \u00f6rnek bir belediye olaca\u011f\u0131z&#8221;<\/p>\n<p>Gelecek d\u00f6nemde Mersin&#8217;de Sosyal Konut Projesi&#8217;ni hayata ge\u00e7ireceklerinden s\u00f6z eden Se\u00e7er, &#8220;Sosyal konut yapaca\u011f\u0131z ama satmay\u0131p kiraya verece\u011fiz. \u00c7ok \u00f6nemsedi\u011fimiz bir konu. Mutlaka ba\u015faraca\u011f\u0131m\u0131z\u0131 da d\u00fc\u015f\u00fcn\u00fcyorum. Mersin&#8217;e sosyal konutlar\u0131 kazand\u0131raca\u011f\u0131z. T\u00fcrkiye&#8217;de sosyal konut konusunda \u00f6rnek bir belediye olmak i\u00e7in de gerekli \u00e7al\u0131\u015fmalar\u0131 ba\u015flatt\u0131k. G\u00fczel \u015feyler yapaca\u011f\u0131z&#8221; dedi.<\/p>\n<p>&#8220;D\u00fcnyada \u00fcniversiteye giren ilk tramvay olacak&#8221;<\/p>\n<p>Metro Projesi hakk\u0131nda da kat\u0131l\u0131mc\u0131lar\u0131 bilgilendiren Se\u00e7er, y\u0131llar boyu ya\u015fanan aksamalara ve engellere ra\u011fmen projenin s\u00fcratle devam etti\u011fini belirterek, &#8220;Projeyi 3 etaba \u00e7\u0131kard\u0131k, 15 kilometrelik g\u00fczergahta \u00e7al\u0131\u015fma yapt\u0131k. Yeni iki hat koyduk. Bir hafif rayl\u0131 hemzemin, bir tanesi de tramvay. Mersinli Ahmet Bulvar\u0131&#8217;ndan 34. Cadde, hastane,  \u00fcniversiteye de giriyor. D\u00fcnyada bir ilktir bu proje, \u00fcniversiteye giren ilk tramvay olacak. Rayl\u0131 sistemlerin Mersin&#8217;de vazge\u00e7ilmez toplu ta\u015f\u0131ma arac\u0131 olmas\u0131 ve bunun yat\u0131r\u0131mlar\u0131n\u0131n devam etmesi laz\u0131m&#8221; diye konu\u015ftu.<\/p>\n<p>&#8220;\u00c7ocuk Meclisi demokrasiye y\u00f6nelik yap\u0131labilecek en de\u011ferli \u00e7al\u0131\u015fmalardan biri&#8221;<\/p>\n<p>Sadece merkezde de\u011fil il\u00e7elerde ve k\u0131rsal b\u00f6lgelerde de sanatsal etkinlikler y\u00fcr\u00fctt\u00fcklerini belirten Se\u00e7er, \u00f6zellikle k\u0131rsal kesimlerdeki \u00e7ocuklar\u0131n sanatla i\u00e7 i\u00e7e b\u00fcy\u00fcmeleri i\u00e7in b\u00fcy\u00fck \u00e7aba harcad\u0131klar\u0131n\u0131 s\u00f6yleyerek, &#8220;Muazzam k\u00f6y \u015fenlikleri yap\u0131yoruz, \u00e7ok da kar\u015f\u0131l\u0131\u011f\u0131 var. Her b\u00f6lgeye tiyatro da gidiyor&#8221; dedi ve bu t\u00fcr etkinliklerin devam edece\u011fini aktard\u0131. B\u00fcy\u00fck\u015fehir taraf\u0131ndan Cumhuriyet&#8217;in 100. y\u0131l\u0131nda bir ilke imza at\u0131larak \u00e7ocuklar\u0131n kent y\u00f6netiminde s\u00f6z sahibi olabilmesi ve kentle ilgili sorunlar\u0131n \u00e7\u00f6z\u00fcm\u00fcnde aktif rol almas\u0131 i\u00e7in hayata ge\u00e7irilen \u00c7ocuk Meclisi hakk\u0131nda da konu\u015fan Se\u00e7er, &#8220;\u00c7ocuk Meclisi \u00e7ok yeni ve \u00e7ocuklar iyi de \u00e7al\u0131\u015f\u0131yor. \u00c7ok g\u00fczel bir proje. Mersin i\u00e7in \u00f6rnek. Bir belediyenin demokrasiye y\u00f6nelik yapabilece\u011fi en de\u011ferli \u00e7al\u0131\u015fmalardan birisi diye d\u00fc\u015f\u00fcn\u00fcyorum. Demokrasi bilincinin o ya\u015flarda olmas\u0131 olduk\u00e7a \u00f6nemli&#8221; dedi.<\/p>\n<p>&#8220;Ta\u015f Bina&#8217;y\u0131 Kent M\u00fczesi yapaca\u011f\u0131z&#8221;<\/p>\n<p>Ta\u015f Bina&#8217;y\u0131 bir Kent M\u00fczesi haline getireceklerini s\u00f6yleyen Se\u00e7er, &#8220;Ta\u015f Bina&#8217;n\u0131n 9 \u015eubat&#8217;ta yenileme ihalesi var. Orada k\u00fclt\u00fcr ve sanat camias\u0131n\u0131n ilgi alan\u0131 olan birimlerimiz olacak. Ta\u015f Bina&#8217;n\u0131n \u00f6n\u00fcndeki eski Ak Kahve tekrar ya\u015fat\u0131lacak ve yine halk\u0131n hizmetine, sanat\u00e7\u0131lar\u0131n oturup bir kahve i\u00e7ti\u011fi bir mek\u00e2n haline gelecek. Bu konuda \u00f6nerilerinize de a\u00e7\u0131\u011f\u0131z&#8221; diye konu\u015ftu. Karamanc\u0131lar Kona\u011f\u0131&#8217;nda y\u00fcr\u00fct\u00fclen \u00e7al\u0131\u015fmalar\u0131n da devam etti\u011fini aktaran Se\u00e7er, &#8220;Oray\u0131 gastronomi m\u00fczesi olarak tasar\u0131mlad\u0131k. G\u00fc\u00e7lendirme bitti, \u015fimdi i\u00e7 tefri\u015fat\u0131 var. Onlar\u0131 da yap\u0131p 1 y\u0131l i\u00e7erisinde hizmete a\u00e7aca\u011f\u0131z. Ulusal Kurtulu\u015f M\u00fccadelesinin \u00f6rg\u00fctlenme s\u00fcrecinin orada ba\u015flamas\u0131ndan dolay\u0131 bir de bir Atat\u00fcrk k\u00f6\u015fesi yapaca\u011f\u0131z&#8221; diye konu\u015ftu.<\/p>\n<p>&#8220;\u00c7evre dostu olmayan her t\u00fcrl\u00fc yat\u0131r\u0131ma kar\u015f\u0131y\u0131m&#8221;<\/p>\n<p>Plans\u0131z, programs\u0131z yap\u0131lan ve \u00e7evre dostu olmayan her t\u00fcrl\u00fc yat\u0131r\u0131m\u0131n kar\u015f\u0131s\u0131nda durduklar\u0131n\u0131n alt\u0131n\u0131 \u00e7izen Se\u00e7er, &#8220;Benim N\u00fckleer Santral ile ilgili de \u015fahsi davam var. K\u00f6m\u00fcr yak\u0131tl\u0131 termoelektrik santral ile ilgili de baz\u0131 kar\u015f\u0131 \u00e7\u0131k\u0131\u015flar\u0131m olmu\u015ftur. Yat\u0131r\u0131m mutlaka olsun ama \u00e7evre dostu olsun&#8221; dedi. Se\u00e7er, &#8220;\u00c7evre konusunda \u00c7evre Koruma ve Kontrol Dairesi Ba\u015fkanl\u0131\u011f\u0131m\u0131z ve yeni kurdu\u011fumuz Afet \u0130\u015fleri Dairesi Ba\u015fkanl\u0131\u011f\u0131m\u0131z \u00f6nemli i\u015fler yap\u0131yor. ODT\u00dc ile birlikte Temiz Akdeniz Projesi&#8217;ni y\u00fcr\u00fct\u00fcyoruz. Bizzat her y\u0131l da rutin bir ziyaretim olur oraya. Ayr\u0131ca \u00e7ocuklar\u0131n \u00e7evre bilinci ile ilgili e\u011fitimlerinde de onlardan destek al\u0131yoruz. \u00c7ocuklar\u0131 oraya g\u00f6t\u00fcr\u00fcyoruz&#8221; ifadelerine yer verdi.<\/p>\n<p>Okuma salonlar\u0131 ile ilgili de konu\u015fan Se\u00e7er, &#8220;Toplamda 12 adet okuma salonumuz var. Tarsus&#8217;ta da merkezde de Anamur&#8217;da da var. G\u00fclnar&#8217;da a\u00e7aca\u011f\u0131z. G\u00fclnar&#8217;da yurt, \u00e7ocuk geli\u015fim merkezi, kurs merkezi a\u00e7t\u0131k. Orada festivallere de destek veriyoruz&#8221; diye konu\u015ftu.<\/p>\n<p>Konu\u015fmas\u0131n\u0131n son b\u00f6l\u00fcm\u00fcnde sivil toplum \u00f6rg\u00fctleri ile ger\u00e7ekle\u015ftirilen toplant\u0131lar\u0131n kendileri i\u00e7in \u00f6neminden s\u00f6z eden Se\u00e7er, kar\u015f\u0131l\u0131kl\u0131 g\u00f6r\u00fc\u015f al\u0131\u015fveri\u015fleri ile kent ad\u0131na daha do\u011fru olan\u0131 bulmaya \u00e7al\u0131\u015fman\u0131n ba\u015far\u0131l\u0131 sonu\u00e7lar\u0131 da beraberinde getirdi\u011fini s\u00f6yledi.<\/p>\n<p>G\u00f6revde olduklar\u0131 s\u00fcre i\u00e7erisinde hi\u00e7bir zaman sanat\u0131 ve sanat\u00e7\u0131y\u0131 kategorize etmediklerinin alt\u0131n\u0131 \u00e7izen Se\u00e7er, bunun yan\u0131 s\u0131ra sanat ve sanat\u00e7\u0131n\u0131n da en az\u0131ndan ortak \u00fclk\u00fcs\u00fcn\u00fcn daha demokratik, daha \u00e7a\u011fda\u015f bir toplumda ya\u015fama arzusu oldu\u011funun bilincinde olduklar\u0131n\u0131 kaydetti. Se\u00e7er, &#8220;Her birimizin bu ortak \u00fclk\u00fcde farkl\u0131 bak\u0131\u015f a\u00e7\u0131lar\u0131 olabilir. Kimimiz sosyal demokrat, kimimiz milliyet\u00e7i, kimimiz daha Atat\u00fcrk\u00e7\u00fc, bir di\u011ferimiz daha sol, sosyalist olabilir. Ben herkese sayg\u0131 duyuyorum. Sanat, sanat\u00e7\u0131 dendi\u011fi zaman genelde akla bu  geliyor&#8221; dedi.<\/p>\n<p>Kendisinin ve ekibinin hizmetleri ile Mersin&#8217;e katk\u0131lar\u0131ndan dolay\u0131 memnuniyet duyan herkesin bu memnuniyetini oy olarak ta\u00e7land\u0131rmas\u0131n\u0131 umut ettiklerini ifade eden Se\u00e7er, &#8220;Bunun yan\u0131nda sohbetlerde bunlar\u0131 dillendirmenizi isteriz. Ger\u00e7ek neyse o. Bizim i\u00e7in \u00f6vg\u00fcler dizin demiyoruz. Deyin ki &#8216;B\u00f6yle b\u00f6yle bir yap\u0131 bunlar. Bak\u0131n ho\u015funuza giderse ba\u015fkan\u0131 destekleyelim.&#8217; Bu anlamda desteklerinizi esirgemeyece\u011finize can\u0131 y\u00fcrekten inan\u0131yorum. Hepimiz Mersin i\u00e7in \u00e7al\u0131\u015f\u0131yoruz&#8221; diye konu\u015ftu.<\/p>\n<p>\u00d6zd\u00fclger: &#8220;Verdi\u011finiz destek, fikir ve \u00f6neri bizim i\u00e7in \u00e7ok k\u0131ymetli&#8221;<\/p>\n<p>K\u00fclt\u00fcr ve Sosyal \u0130\u015fler Dairesi Koordinat\u00f6r\u00fc Bengi \u0130spir \u00d6zd\u00fclger ise, MEDEKA ve sanat kurulu\u015flar\u0131 ile bir arada olman\u0131n mutlulu\u011funu ya\u015fad\u0131\u011f\u0131n\u0131 belirtti. Kentte faaliyet g\u00f6steren sanat kurulu\u015flar\u0131n\u0131n MEDEKA&#8217;n\u0131n bir bile\u015feni oldu\u011funu s\u00f6yleyen \u00d6zd\u00fclger, &#8220;D\u00fczenli aral\u0131klarla yapm\u0131\u015f oldu\u011fumuz toplant\u0131larla bir arada olman\u0131n g\u00fcc\u00fcn\u00fc her seferinde ya\u015f\u0131yoruz. Verdi\u011finiz destek, fikir ve \u00f6neri bizim i\u00e7in \u00e7ok k\u0131ymetli. Yapm\u0131\u015f oldu\u011fumuz \u00e7al\u0131\u015fmalar sizlerle beraber bizim bir ba\u015far\u0131m\u0131z, kentimizin de\u011ferine de\u011fer katmak noktas\u0131nda da \u00f6nemli anlam ifade etmektedir&#8221; dedi.<\/p>\n<p>Ayta\u00e7: &#8220;Yerel y\u00f6netimlerle sivil toplum aras\u0131ndaki i\u015f birli\u011fi \u00e7ok de\u011ferli&#8221;<\/p>\n<p>Mersin Sinefil Sinema Derne\u011fi Ba\u015fkan\u0131 Onur Ayta\u00e7, bu t\u00fcr toplant\u0131lar\u0131n kent ad\u0131na \u00e7ok k\u0131ymetli oldu\u011funu ifade ederek, &#8220;Sivil toplum elinden gelen imk\u00e2nlarla kentte bir katk\u0131 sa\u011flamaya yapmaya \u00e7al\u0131\u015f\u0131yor ama yerel y\u00f6netimin imk\u00e2nlar\u0131na ihtiya\u00e7 duyuyor. O y\u00fczden yerel y\u00f6netimlerle sivil toplum aras\u0131ndaki i\u015f birli\u011fi \u00e7ok de\u011ferli. Bu i\u015f birli\u011fini ve kapasiteyi art\u0131rmak gerekti\u011fine inan\u0131yorum&#8221; dedi.<\/p>\n<p>Demirel: &#8220;Olu\u015fumlar\u0131n bir araya gelmesi kentimiz i\u00e7in \u00e7ok de\u011ferli&#8221;<\/p>\n<p>Mersin \u00dcniversitesi Devlet Konservatuar\u0131&#8217;nda Akademisyen Duygu Deniz Demirel ise, Mersin&#8217;de sivil inisiyatifin olduk\u00e7a g\u00fc\u00e7l\u00fc oldu\u011funa vurgu yaparak, &#8220;Ba\u015fkan\u0131m\u0131z da bu sivil inisiyatifi bir araya getirerek bu g\u00fcc\u00fc daha da olumlu bir \u015fekilde g\u00fc\u00e7lendirmi\u015f oluyor ve bu kente faydal\u0131 oluyor. Olu\u015fumlar\u0131n, kurulu\u015flar\u0131n, derneklerin ve ba\u015fkanlar\u0131n\u0131n bir araya gelmesi kentimiz i\u00e7in \u00e7ok de\u011ferli. Ba\u015fkan\u0131m\u0131zdan bu a\u00e7\u0131dan \u00e7ok memnunuz&#8221; ifadelerine yer verdi.<\/p>\n<p>Ayd\u0131n: &#8220;Mersin ad\u0131na yap\u0131lan de\u011ferli bir \u00e7al\u0131\u015fma&#8221;<\/p>\n<p>Toplant\u0131lar\u0131 Mersin ad\u0131na yap\u0131lan de\u011ferli bir olarak g\u00f6rd\u00fc\u011f\u00fcn\u00fc belirten Mersin \u015eairler Yazarlar Derne\u011fi Ba\u015fkan\u0131 R\u00fc\u015ft\u00fc Ayd\u0131n, &#8220;Mersin i\u00e7in yap\u0131lmas\u0131 gereken ne varsa payda\u015f olarak veya y\u00f6neticilerle diyalog halinde olmam\u0131z gerekti\u011fini d\u00fc\u015f\u00fcn\u00fcyorum&#8221; s\u00f6zlerine yer verdi. MEDEKA&#8217;da yer ald\u0131\u011f\u0131n\u0131 kaydeden Ayd\u0131n, &#8220;Liseler aras\u0131 \u015eiir \u00d6yk\u00fc yar\u0131\u015fmas\u0131nda da g\u00f6rev al\u0131yorum. Ho\u015fuma gidiyor, \u00e7\u00fcnk\u00fc edebiyat\u0131n i\u00e7inde bir insan olarak, gazeteci olarak yer almaktan B\u00fcy\u00fck\u015fehir&#8217;e, Mersin&#8217;e hizmet etmeye seviniyorum&#8221; diye konu\u015ftu.<\/p>\n<p>Toplant\u0131, toplu foto\u011fraf \u00e7ekimin ard\u0131ndan sona erdi.<\/p>\n","protected":false},"excerpt":{"rendered":"<p>Mersin B\u00fcy\u00fck\u015fehir Belediye Ba\u015fkan\u0131 Vahap Se\u00e7er, &#8216;Kente S\u00f6z\u00fcm\u00fcz Var&#8217; slogan\u0131yla B\u00fcy\u00fck\u015fehir taraf\u0131ndan d\u00fczenlenen &#8216;Kent Kat\u0131l\u0131m\u0131 Bulu\u015fmalar\u0131&#8217;n\u0131n 6. serisinin 6. toplant\u0131s\u0131n\u0131 Mersin&#8217;de faaliyet g\u00f6steren Mersin&#8217;e De\u011fer Katanlar Kurulu (MEDEKA) bile\u015fenleri ve sanat kurulu\u015flar\u0131 temsilcileri ile ger\u00e7ekle\u015ftirdi. Toplant\u0131ya kat\u0131lan temsilciler, Ba\u015fkan Se\u00e7er&#8217;e kent hakk\u0131nda merak ettikleri sorular\u0131 y\u00f6neltirken; g\u00f6rev s\u00fcresi boyunca kentte ger\u00e7ekle\u015ftirdi\u011fi k\u00fclt\u00fcr-sanat faaliyetleri ve verdikleri [&hellip;]<\/p>\n","protected":false},"author":2,"featured_media":30355,"comment_status":"open","ping_status":"open","sticky":false,"template":"","format":"standard","meta":{"footnotes":""},"categories":[3],"tags":[],"class_list":["post-30354","post","type-post","status-publish","format-standard","has-post-thumbnail","hentry","category-manset"],"views":2,"_links":{"self":[{"href":"https:\/\/mersinkadingazetesi.com\/index.php?rest_route=\/wp\/v2\/posts\/30354"}],"collection":[{"href":"https:\/\/mersinkadingazetesi.com\/index.php?rest_route=\/wp\/v2\/posts"}],"about":[{"href":"https:\/\/mersinkadingazetesi.com\/index.php?rest_route=\/wp\/v2\/types\/post"}],"author":[{"embeddable":true,"href":"https:\/\/mersinkadingazetesi.com\/index.php?rest_route=\/wp\/v2\/users\/2"}],"replies":[{"embeddable":true,"href":"https:\/\/mersinkadingazetesi.com\/index.php?rest_route=%2Fwp%2Fv2%2Fcomments&post=30354"}],"version-history":[{"count":0,"href":"https:\/\/mersinkadingazetesi.com\/index.php?rest_route=\/wp\/v2\/posts\/30354\/revisions"}],"wp:featuredmedia":[{"embeddable":true,"href":"https:\/\/mersinkadingazetesi.com\/index.php?rest_route=\/wp\/v2\/media\/30355"}],"wp:attachment":[{"href":"https:\/\/mersinkadingazetesi.com\/index.php?rest_route=%2Fwp%2Fv2%2Fmedia&parent=30354"}],"wp:term":[{"taxonomy":"category","embeddable":true,"href":"https:\/\/mersinkadingazetesi.com\/index.php?rest_route=%2Fwp%2Fv2%2Fcategories&post=30354"},{"taxonomy":"post_tag","embeddable":true,"href":"https:\/\/mersinkadingazetesi.com\/index.php?rest_route=%2Fwp%2Fv2%2Ftags&post=30354"}],"curies":[{"name":"wp","href":"https:\/\/api.w.org\/{rel}","templated":true}]}}