{"id":30363,"date":"2024-02-04T10:22:41","date_gmt":"2024-02-04T07:22:41","guid":{"rendered":"http:\/\/mersinkadingazetesi.com\/?p=30363"},"modified":"2024-02-04T10:22:41","modified_gmt":"2024-02-04T07:22:41","slug":"turkiyenin-gelecegine-aydinlik-yarinlarina-inaniyorum","status":"publish","type":"post","link":"https:\/\/mersinkadingazetesi.com\/?p=30363","title":{"rendered":"&#8220;T\u00dcRK\u0130YE&#8217;N\u0130N GELECE\u011e\u0130NE, AYDINLIK YARINLARINA \u0130NANIYORUM&#8221;"},"content":{"rendered":"<p>Mersin B\u00fcy\u00fck\u015fehir Belediye Ba\u015fkan\u0131 Vahap Se\u00e7er, Erdemli Toptanc\u0131 Hal Kompleksi Anahtar Teslim T\u00f6reni&#8217;ne kat\u0131larak, komisyonculara i\u015fyerlerinin anahtarlar\u0131n\u0131 teslim etti.<\/p>\n<p>Erdemlili \u00fcretici, komisyoncu ve vatanda\u015flar\u0131n yo\u011fun ilgi g\u00f6sterdi\u011fi t\u00f6rene Ba\u015fkan Se\u00e7er&#8217;in yan\u0131 s\u0131ra; Cumhuriyet Halk Partisi (CHP) Mersin \u0130l Ba\u015fkan\u0131 Koral \u00d6m\u00fcr, CHP Mersin Milletvekili Talat Din\u00e7er ve Hasan Ufuk \u00c7ak\u0131r, CHP Erdemli \u0130l\u00e7e Ba\u015fkan\u0131 Ahmet Dursen \u015eahin, CHP Mezitli Belediye Ba\u015fkan Aday\u0131 Ahmet Serkan Tuncer, CHP Erdemli Belediye Ba\u015fkan Aday\u0131 Mehmet Mavi, AK Parti, MHP ve \u0130Y\u0130 Parti&#8217;ye mensup belediye meclis \u00fcyeleri ve temsilcileri, muhtarlar ve B\u00fcy\u00fck\u015fehir Belediyesi ile Mersin Su ve Kanalizasyon \u0130daresi&#8217;nin (MESK\u0130) b\u00fcrokratlar\u0131 kat\u0131ld\u0131.<\/p>\n<p>Temeli 16 y\u0131l \u00f6nce at\u0131lan ve \u00e7al\u0131\u015fmalar\u0131 Mersin B\u00fcy\u00fck\u015fehir taraf\u0131ndan yeniden ba\u015flat\u0131lan Hal Kompleksi&#8217;nin i\u00e7erisinde 105 d\u00fckkan, 1 restoran, 2 banka \u015fubesi, toplant\u0131 salonu, kantin, sand\u0131k depolama alan\u0131, kantar ve g\u00fcvenlik binas\u0131 yer al\u0131yor.<\/p>\n<p>Se\u00e7er: &#8220;\u0130\u015fte T\u00fcrkiye&#8217;nin \u00f6zledi\u011fi tablo bu; birlik ve beraberlik&#8221;<\/p>\n<p>Konu\u015fmas\u0131na Erdemli i\u00e7in de\u011ferli ve \u00f6nemli bir tesisi a\u00e7acaklar\u0131n\u0131 belirterek ba\u015flayan Ba\u015fkan Vahap Se\u00e7er, kat\u0131l\u0131mc\u0131lar aras\u0131nda CHP Mezitli Belediye Ba\u015fkan Aday\u0131 Ahmet Serkan Tuncer, CHP Erdemli Belediye Ba\u015fkan\u0131 Mehmet Mavi gibi kendi partisine mensup isimlerin yan\u0131 s\u0131ra AK Parti, MHP ve \u0130Y\u0130 Parti temsilcilerinin de oldu\u011funu belirterek &#8220;\u0130\u015fte T\u00fcrkiye&#8217;nin \u00f6zledi\u011fi tablo bu; birlik ve beraberlik. Her \u015feyin ba\u015f\u0131 birlik, beraberlik. Bir olursak, birlik olursak, iri olursak, diri olursak a\u00e7amayaca\u011f\u0131m\u0131z kap\u0131, a\u015famayaca\u011f\u0131m\u0131z engel yok. Amac\u0131m\u0131z \u00fclkemizi kalk\u0131nd\u0131rmaksa, Mersin&#8217;e, T\u00fcrkiye&#8217;ye, milletimize hizmet etmekse; geli\u015firiz, kalk\u0131n\u0131r\u0131z, refah d\u00fczeyimiz artar. Her alanda d\u00fcnya ile rekabet ederiz. Her siyaset\u00e7inin b\u00f6yle d\u00fc\u015f\u00fcnmesi laz\u0131m. Ben belediye ba\u015fkan\u0131n\u0131z\u0131m, benim i\u00e7in 16 bin kilometrekare alan i\u00e7erisinde hangi siyasi g\u00f6r\u00fc\u015ften, mezhepten, me\u015frepten, etnik yap\u0131dan olursa olsun her yurtta\u015f\u0131m bir. Onu &#8216;Karde\u015fim&#8217; diyerek kalbime, ba\u011fr\u0131ma basar\u0131m&#8221; diye konu\u015ftu.<\/p>\n<p>A\u00e7\u0131l\u0131\u015f\u0131 yap\u0131lan halin temelini atan ge\u00e7mi\u015f d\u00f6nem Erdemli Belediyesi Ba\u015fkanlar\u0131ndan Musa Mutlu&#8217;nun yan\u0131 s\u0131ra ilk g\u00fcnden beri emek vermi\u015f t\u00fcm belediye ba\u015fkanlar\u0131na te\u015fekk\u00fcr eden Se\u00e7er, &#8220;Yakla\u015f\u0131k 14 y\u0131ll\u0131k s\u00fcre i\u00e7erisinde belediyelerimizde g\u00f6rev yapan Say\u0131n Ba\u015fkanlar\u0131m\u0131za ayr\u0131 ayr\u0131 te\u015fekk\u00fcr ediyorum&#8221; dedi.<\/p>\n<p>\u00c7ift\u00e7ili\u011fin me\u015fakkatli olmas\u0131n\u0131n yan\u0131 s\u0131ra kazan\u0131lan her kuru\u015funun helal oldu\u011fu bir meslek oldu\u011funu vurgulayan Se\u00e7er, komisyonculuk mesle\u011finin de zorlu oldu\u011fundan s\u00f6z ederek, &#8220;Bu i\u015f sabah\u0131n ayaz\u0131nda ve k\u00f6r karanl\u0131\u011f\u0131nda ba\u015flar, komisyoncunun d\u00fczeni olmaz. Ya\u015fam d\u00fczeni bozulur, g\u00fcnd\u00fcz yatar, gece \u00e7al\u0131\u015f\u0131r. B\u00f6yle me\u015fakkatli bir i\u015ftir. Satt\u0131\u011f\u0131 \u00fcr\u00fcn\u00fcn fiyat\u0131n\u0131 hem al\u0131c\u0131ya hem temsil etti\u011fi \u00fcreticiye be\u011fendirmek zorundad\u0131r&#8221; \u015feklinde konu\u015ftu.<\/p>\n<p>Halin ge\u00e7ti\u011fimiz y\u0131l ya\u015fanan deprem sonras\u0131nda kente gelen depremzedelere yakla\u015f\u0131k 1 y\u0131l boyunca ev sahipli\u011fi yapt\u0131\u011f\u0131n\u0131 da hat\u0131rlatan Se\u00e7er, &#8220;Buras\u0131 insanlara zor g\u00fcn\u00fcnde ev sahipli\u011fi yapt\u0131&#8221; dedi. Yakla\u015f\u0131k 60 d\u00f6n\u00fcm \u00fczerine yap\u0131lan Erdemli Toptanc\u0131 Hali&#8217;nin 88 milyon TL&#8217;ye mal oldu\u011funu ancak g\u00fcncel rakamlarla 200 milyon TL maliyetinin olaca\u011f\u0131n\u0131 dile getiren Se\u00e7er, tesis i\u00e7erisinde bulunan 105 i\u015fyerinin hak sahiplerine teslim edilece\u011fini s\u00f6yledi.<\/p>\n<p>&#8220;Biz \u00e7al\u0131\u015f\u0131yoruz, \u00e7al\u0131\u015fmaya da devam edece\u011fiz&#8221;<\/p>\n<p>Erdemli&#8217;nin tar\u0131msal \u00fcretimin yo\u011fun oldu\u011fu bir b\u00f6lge oldu\u011funun ve bu \u00fcretimin de raf ve ekonomik de\u011feri y\u00fcksek \u00fcr\u00fcnlerle ger\u00e7ekle\u015ftirildi\u011finin alt\u0131n\u0131 \u00e7izen Se\u00e7er, &#8220;Ben her f\u0131rsatta Erdemli&#8217;yi \u00e7ok sevdi\u011fimi s\u00f6ylerim. \u00c7\u00fcnk\u00fc \u00e7al\u0131\u015fkan insan\u0131 seviyorum. Bu b\u00f6lge \u00f6nemli ve de\u011ferli \u00fcr\u00fcnler \u00fcretiyor, ekonomiye katk\u0131 sunuyor, Erdemli kazan\u0131yor, Mersin kazan\u0131yor ama yurtd\u0131\u015f\u0131na ihra\u00e7 kalemi olarak gitti\u011fi zaman da T\u00fcrkiye kazan\u0131yor. Onun i\u00e7in bu b\u00f6lgeyi seviyorum, takdir ediyorum. \u00c7al\u0131\u015fkan insan \u00e7al\u0131\u015fkan insan\u0131 sever. Biz \u00e7al\u0131\u015f\u0131yoruz \u00e7al\u0131\u015fmaya da devam edece\u011fiz&#8221; ifadelerini kulland\u0131.<\/p>\n<p>&#8220;T\u00fcrkiye&#8217;nin gelece\u011fine, ayd\u0131nl\u0131k yar\u0131nlar\u0131na inan\u0131yorum&#8221;<\/p>\n<p>Anamur, Bozyaz\u0131 ve Mut Hali i\u00e7in de \u00e7al\u0131\u015fmalar\u0131n s\u00fcratle devam etti\u011fini ve tahsis beklediklerini dile getiren Se\u00e7er, &#8220;Bu b\u00f6lgenin her taraf\u0131nda \u00fcretim var. Bunun de\u011ferini bilmek laz\u0131m. Liman var, sanayi var. T\u00fcrkiye ad\u0131na umutlar\u0131m \u00e7ok fazla. T\u00fcrkiye&#8217;nin gelece\u011fine, ayd\u0131nl\u0131k yar\u0131nlar\u0131na inan\u0131yorum&#8221; dedi. \u00dcreticinin \u00fcr\u00fcnlerinin en az hasar ile toptanc\u0131 hallerine ula\u015fmas\u0131 i\u00e7in B\u00fcy\u00fck\u015fehir olarak 5 y\u0131l i\u00e7erisinde \u00f6nemli yol \u00e7al\u0131\u015fmalar\u0131 yapt\u0131klar\u0131ndan s\u00f6z eden Se\u00e7er, Erdemli il\u00e7esinde \u015fimdiye kadar 145 bin ton asfalt kullanarak yakla\u015f\u0131k 300 kilometre sathi kaplama, 60 bin metrekare de kald\u0131r\u0131m \u00e7al\u0131\u015fmas\u0131 yap\u0131ld\u0131\u011f\u0131n\u0131 aktard\u0131.<\/p>\n<p>&#8220;Biz kaynaklar\u0131m\u0131z\u0131 israf etmeyiz&#8221;<\/p>\n<p>Yap\u0131lan hizmetlerin hi\u00e7bir ayr\u0131m g\u00f6zetilmeden herkese ve her b\u00f6lgeye e\u015fit ve uygun \u015fekilde ger\u00e7ekle\u015ftirildi\u011fine dikkat \u00e7eken Se\u00e7er, &#8220;Bu se\u00e7im T\u00fcrkiye&#8217;ye bir mesaj verece\u011fim. \u0130nsanlara ayr\u0131m yapmadan, &#8216;Oy verdin, vermedin&#8217; demeden hizmet g\u00f6t\u00fcr\u00fcrsen onun kalbine girersin. Ben buna y\u00fcrekten inan\u0131yorum&#8221; diye konu\u015ftu. Hizmetlerde kullan\u0131lan kaynaklar\u0131 oy dev\u015firmek ad\u0131na israf etmediklerini de s\u00f6zlerine ekleyen Se\u00e7er, &#8220;Biz kaynaklar\u0131m\u0131z\u0131 israf etmeyiz. Y\u0131l\u0131n ba\u015f\u0131nda hangi yat\u0131r\u0131m\u0131 programa ald\u0131ysak onu y\u0131l boyunca disiplinle g\u00f6t\u00fcr\u00fcr\u00fcz. Onun i\u00e7in 5 y\u0131ld\u0131r mevcut kasam\u0131z\u0131 ald\u0131k, bor\u00e7 har\u00e7 demedik, dimdik durduk, gelen gelirlerle sizlere yat\u0131r\u0131m yapt\u0131k. Geriden gelmi\u015f, \u00f6teden gitmi\u015f bor\u00e7lar\u0131n da tamam\u0131n\u0131 \u00f6dedik&#8221; ifadelerini kulland\u0131.<\/p>\n<p>&#8220;Tar\u0131msal Hizmetler Dairemiz T\u00fcrkiye&#8217;nin en iyi \u00e7al\u0131\u015fan tar\u0131m dairelerinden biridir&#8221;<\/p>\n<p>Tar\u0131msal destekleri \u00f6nemsediklerini ve geride kalan 5 y\u0131l i\u00e7erisinde fide-fidan deste\u011finden sulama borusu deste\u011fine, k\u00fc\u00e7\u00fckba\u015f hayvan deste\u011finden g\u00fcne\u015f enerjisi paneli deste\u011fine bir\u00e7ok kalemde \u00fcreticinin yan\u0131nda olduklar\u0131n\u0131 hat\u0131rlatan Se\u00e7er, bu desteklerden 13 il\u00e7edeki t\u00fcm \u00fcreticilerin ihtiya\u00e7lar\u0131 do\u011frultusunda adalet i\u00e7erisinde faydaland\u0131r\u0131ld\u0131\u011f\u0131n\u0131 kaydetti. Se\u00e7er, &#8220;Tar\u0131msal Hizmetler Dairemiz bana g\u00f6re T\u00fcrkiye&#8217;nin en iyi \u00e7al\u0131\u015fan tar\u0131m dairelerinden biridir. Bunlarla da \u00f6v\u00fcn\u00e7 ve gurur duyuyorum&#8221; dedi.<\/p>\n<p>&#8220;13 il\u00e7emizin hepsi bize e\u015fit mesafede, hi\u00e7 fark yok&#8221;<\/p>\n<p>T\u00f6rene gelen ve k\u00f6ylerde ya\u015fayan kad\u0131nlara k\u0131sa s\u00fcre i\u00e7erisinde Erdemli&#8217;de hizmete a\u00e7\u0131lacak olan Han\u0131m Evi&#8217;nin m\u00fcjdesini de veren Se\u00e7er, &#8220;\u0130lkini Tarsus&#8217;ta a\u00e7t\u0131k ama ikincisini Erdemli&#8217;ye a\u00e7\u0131yoruz, Silifke&#8217;ye, Anamur&#8217;a, Bozyaz\u0131&#8217;ya, Ayd\u0131nc\u0131k&#8217;a, Mut&#8217;a da a\u00e7aca\u011f\u0131z. 13 il\u00e7emizin hepsi bize e\u015fit mesafede, hi\u00e7 fark yok&#8221; diye konu\u015ftu.<\/p>\n<p>&#8220;Erdemli Otogar\u0131 i\u00e7in tahsis bekliyoruz&#8221;<\/p>\n<p>B\u00fcy\u00fck\u015fehir Belediye Ba\u015fkan\u0131 olarak Erdemli halk\u0131na yeni bir otogar yapmay\u0131 en az onlar kadar istedi\u011fini ancak yap\u0131lacak yer konusunda il\u00e7e belediyesi ile farkl\u0131 d\u00fc\u015f\u00fcnd\u00fcklerini ve gelinen noktada Milli Emlak Genel M\u00fcd\u00fcrl\u00fc\u011f\u00fc&#8217;nden tahsis beklediklerini s\u00f6yleyen Se\u00e7er, &#8220;Tahsisin verilmesi halinde 1 y\u0131l s\u00fcrmez, hemen yap\u0131l\u0131r. Milli Emlak Genel M\u00fcd\u00fcr\u00fc&#8217;ne s\u00f6yledim, Bakan Bey&#8217;e s\u00f6yledim. \u00d6n\u00fcm\u00fczdeki g\u00fcnlerde bunu da kendisinden rica edece\u011fim. Diyece\u011fim ki &#8216;Erdemli halk\u0131n\u0131n selam\u0131 var Say\u0131n \u00c7evre Bakan\u0131m\u0131z, sizden bunu istirham ediyorlar. \u015eunun tahsisini bir an \u00f6nce verin de biz de buran\u0131n bir \u00f6nce temelini at\u0131p in\u015faat\u0131n\u0131 bitirelim&#8217; &#8221; ifadelerine yer verdi.<\/p>\n<p>Ba\u015fkan Se\u00e7er, ikinci d\u00f6nem altyap\u0131 \u00e7al\u0131\u015fmalar\u0131 hakk\u0131nda bilgi verdi<\/p>\n<p>Ba\u015fkanl\u0131\u011f\u0131n\u0131n ikinci d\u00f6neminde il genelinde olaca\u011f\u0131 gibi Erdemli il\u00e7esinde de \u00e7ok \u00f6nemli su, kanalizasyon ve ar\u0131tma tesisi yat\u0131r\u0131mlar\u0131 olaca\u011f\u0131n\u0131 m\u00fcjdeleyen Se\u00e7er, \u015fu ana kadar MESK\u0130 taraf\u0131ndan yakla\u015f\u0131k 200 milyon TL&#8217;lik \u00e7al\u0131\u015fman\u0131n ger\u00e7ekle\u015ftirildi\u011fini s\u00f6yledi. Se\u00e7er, &#8220;Tamamlanan ve devam eden yat\u0131r\u0131mlar\u0131m\u0131z\u0131n toplam\u0131 1 milyar 687 milyon TL. T\u00f6m\u00fck ve Arpa\u00e7bah\u015fi\u015f&#8217;te kanalizasyon ve ar\u0131tma tesisi ihtiyac\u0131 var. Mezitli i\u00e7me suyu \u015febekesinin ihalesine 29 \u015eubat&#8217;ta \u00e7\u0131k\u0131yoruz. Karg\u0131p\u0131nar\u0131-\u00c7e\u015fmeli Mahalleleri Ortak Derin De\u015farj Projesi ve K\u0131zkalesi Mahallesi Derin Deniz De\u015farj\u0131 Projesi ba\u015flayacak. Limonluda ar\u0131tma var. \u00d6nceki d\u00f6nemde yap\u0131lm\u0131\u015f ama kanalizasyonda sorun var. \u0130ller Bankas\u0131 yapm\u0131\u015f fakat sistem ba\u015flamadan \u00e7\u00f6km\u00fc\u015f. \u00c7\u00fcnk\u00fc yanl\u0131\u015f proje. Biz 5 y\u0131ld\u0131r u\u011fra\u015f\u0131yoruz. Ama buradan orada oturan hem\u015fehrilerime bir m\u00fcjdem; 2. d\u00f6nemimizde \u0130ller Bankas\u0131 ile uzla\u015fmay\u0131 beklemeden vatanda\u015f\u0131m\u0131z ma\u011fdur olmas\u0131n diye MESK\u0130&#8217;nin kendi imkan ve kaynaklar\u0131ndan Limonlu kanalizasyon problemini de sizlere \u00e7\u00f6zme s\u00f6z\u00fc veriyorum&#8221; dedi.<\/p>\n<p>&#8220;Gece g\u00fcnd\u00fcz sizler i\u00e7in memnuniyetle \u00e7al\u0131\u015f\u0131yoruz&#8221;<\/p>\n<p>Yap\u0131lan t\u00fcm hizmetlerin vatanda\u015f\u0131n paras\u0131 ile yap\u0131ld\u0131\u011f\u0131 bilinci ile hayata ge\u00e7irildi\u011fini dile getiren Se\u00e7er \u015funlar\u0131 kaydetti:<\/p>\n<p>&#8220;Bu kaynaklar sizin ve bu kaynaklar s\u0131n\u0131rl\u0131. Bizim amac\u0131m\u0131z bunu adaletli da\u011f\u0131tmak, onun i\u00e7in m\u00fccadele ediyoruz. Harcayaca\u011f\u0131m\u0131z ve harcad\u0131\u011f\u0131m\u0131z para bizim param\u0131z de\u011fil, sizlerin emaneti. Bunun vebali b\u00fcy\u00fck, sorumlulu\u011fu a\u011f\u0131rd\u0131r. Onun bilinci ile \u00e7al\u0131\u015f\u0131yoruz. Emin olun size en do\u011frusunu, en iyisini yapmaya gayret ediyoruz. Bunu yaparken de gece g\u00fcnd\u00fcz sizler i\u00e7in memnuniyetle \u00e7al\u0131\u015f\u0131yoruz. Gurur duyarak \u00e7al\u0131\u015f\u0131yoruz.&#8221;<\/p>\n<p>Erdemli&#8217;nin \u00fcretim deposu oldu\u011funu s\u00f6yleyen CHP Mersin Milletvekili Talat Din\u00e7er ise &#8220;Narenciyede, serac\u0131l\u0131kta elinden gelen en iyi katma de\u011feri sunuyor. Ama bug\u00fcne kadar bak\u0131yoruz maalesef bir toptanc\u0131 halini bile 2024 y\u0131l\u0131nda a\u00e7\u0131yoruz. Daha \u00f6nce de vard\u0131 ama yeterli de\u011fil, d\u00fczensizdi. B\u00f6yle haller olmad\u0131\u011f\u0131 s\u00fcrece al\u0131c\u0131 da \u00e7ok fazla gelmez. \u00dcreticinin durumu belli. Limon, narenciye dal\u0131nda kald\u0131. Sat\u0131lmad\u0131&#8221; diye konu\u015ftu.<\/p>\n<p>Mersin&#8217;in t\u00fcm il\u00e7eleri ile birlikte sosyal demokrat ba\u015fkanlar taraf\u0131ndan y\u00f6netilmesi gerekti\u011fini belirten Din\u00e7er, &#8220;CHP her zaman fakirin, fukaran\u0131n, garibin gureban\u0131n yan\u0131ndad\u0131r. \u015eimdi burada hizmetleri saymaya kalksak B\u00fcy\u00fck\u015fehrimizin hizmetlerini saatler yetmez. \u00c7ok fazla b\u00f6yle detaya inmeyece\u011fim ama ben esnaf temsilcisiydim erdemli esnaf\u0131 da \u00e7ok yak\u0131ndan bilir. Esnafla ilgili \u00e7ok g\u00fczel projeler ger\u00e7ekle\u015ftirdik. Mersin sosyal demokrat Belediyeler taraf\u0131ndan y\u00f6netilmeli. \u00c7\u00fcnk\u00fc hizmet \u00f6nemli&#8221; dedi.<\/p>\n<p>Erdemli Hal Derne\u011fi Ba\u015fkan\u0131 Ahmet Taner konu\u015fmas\u0131nda Ba\u015fkan Se\u00e7er&#8217;in 2019 se\u00e7imleri \u00f6ncesinde kendilerine s\u00f6z verdi\u011fini ve gelinen noktada s\u00f6z\u00fcn\u00fc tuttu\u011funu belirterek te\u015fekk\u00fcr etti. Taner, &#8220;S\u00fcrd\u00fcr\u00fclebilir b\u00fcy\u00fcme b\u00f6lgesel kalk\u0131nmaya ve dolay\u0131s\u0131yla i\u015f birli\u011fine dayal\u0131d\u0131r. Bunun i\u00e7in de i\u015f birli\u011fi i\u00e7inde \u00e7al\u0131\u015fmak \u00e7ok \u00f6nemlidir&#8221; dedi.<\/p>\n<p>Halin temelinin kendisinin belediye ba\u015fkan\u0131 oldu\u011fu 2008 y\u0131l\u0131nda at\u0131ld\u0131\u011f\u0131n\u0131 ve a\u00e7\u0131l\u0131\u015f t\u00f6renine davet edilmekten dolay\u0131 mutluluk duydu\u011funu s\u00f6yleyen Erdemli Belediyesi ge\u00e7mi\u015f d\u00f6nem Ba\u015fkanlar\u0131ndan Musa Mutlu, &#8220;Nihayet bug\u00fcne geldik. Vahap Se\u00e7er Ba\u015fkan\u0131m Erdemlimize bu g\u00fczel tesisi kazand\u0131rd\u0131, son noktay\u0131 koydu. Teslim etmeden \u00f6nce de burada 3 bin depremzedeyi bar\u0131nd\u0131rd\u0131, kendisine te\u015fekk\u00fcr ediyorum. Siyaset hizmet endeksli de\u011filse hi\u00e7bir anlam\u0131 yoktur. Hizmet endeksli ise \u00e7ok \u00f6nemlidir&#8221; diye konu\u015ftu.<\/p>\n<p>Kendisi de komisyoncu olan ve meslekta\u015flar\u0131na b\u00f6ylesine g\u00fczel bir tesis kazand\u0131rd\u0131\u011f\u0131 i\u00e7in Ba\u015fkan Se\u00e7er&#8217;e te\u015fekk\u00fcr ederek konu\u015fmas\u0131na ba\u015flayan Erdemli Ziraat Odas\u0131 Ba\u015fkan\u0131 Rasim \u015eahin, &#8220;\u00c7ift\u00e7i demek buradaki hal esnaf\u0131 demek, hal demek \u00e7ift\u00e7i demek. Belediye ba\u015fkan\u0131m\u0131za bize b\u00f6yle g\u00fczel eserleri bize kazand\u0131rd\u0131\u011f\u0131 i\u00e7in te\u015fekk\u00fcr ediyor, b\u00f6yle nazik bir yerde komisyonculuk yapacak olmaktan onur ve gurur duyuyorum&#8221; dedi.<\/p>\n<p>Erdemli Ticaret ve Sanayi Odas\u0131 Ba\u015fkan\u0131 Orhan Sar\u0131 ise konu\u015fmas\u0131nda &#8220;Bu hal kompleksinin Erdemli komisyoncular\u0131na tahsisinde B\u00fcy\u00fck\u015fehir Belediye Ba\u015fkan\u0131mla defalarca toplant\u0131 yapt\u0131k, mevcut komisyoncular\u0131n burada d\u00fckk\u00e2n sahibi olmas\u0131 talebimizi aktard\u0131k, bizi hi\u00e7bir zaman geri \u00e7evirmedi. Son a\u015famada bile y\u0131ll\u0131k \u00fccretlerinin defaten, pe\u015fin de\u011fil de taksitler halinde \u00f6denmesi konusunda da bizi k\u0131rmad\u0131. Kendisine \u00e7ok te\u015fekk\u00fcr ediyorum&#8221; s\u00f6zlerine yer verdi.<\/p>\n<p>T\u00f6rende konu\u015fan CHP Erdemli Belediye Ba\u015fkan Aday\u0131 Mehmet Mavi 2008 y\u0131l\u0131nda temeli at\u0131lan halin Mersin Ba\u015fkan Se\u00e7er&#8217;in dokunu\u015fuyla tamamlanabildi\u011fini belirterek &#8220;Burada depremzedelerin yemek ve bar\u0131naklar\u0131n\u0131n sa\u011flanmas\u0131 ile buradaki hal esnaf\u0131n\u0131n \u00e7ok b\u00fcy\u00fck i\u015fler yapaca\u011f\u0131na ve bereketli olaca\u011f\u0131na inan\u0131yorum. \u00c7\u00fcnk\u00fc \u00e7ok hay\u0131r duas\u0131 ald\u0131 Vahap Ba\u015fkan\u0131m. Yerel se\u00e7im ve siyaset konu\u015fmuyorum. Bu memleketin \u00e7ok sorunlar\u0131 var. Tek slogan\u0131m var; Mersin&#8217;de Vahap Ba\u015fkan Erdemli&#8217;de Mavi Ba\u015fkan&#8221; s\u00f6zlerine yer verdi.<\/p>\n","protected":false},"excerpt":{"rendered":"<p>Mersin B\u00fcy\u00fck\u015fehir Belediye Ba\u015fkan\u0131 Vahap Se\u00e7er, Erdemli Toptanc\u0131 Hal Kompleksi Anahtar Teslim T\u00f6reni&#8217;ne kat\u0131larak, komisyonculara i\u015fyerlerinin anahtarlar\u0131n\u0131 teslim etti. Erdemlili \u00fcretici, komisyoncu ve vatanda\u015flar\u0131n yo\u011fun ilgi g\u00f6sterdi\u011fi t\u00f6rene Ba\u015fkan Se\u00e7er&#8217;in yan\u0131 s\u0131ra; Cumhuriyet Halk Partisi (CHP) Mersin \u0130l Ba\u015fkan\u0131 Koral \u00d6m\u00fcr, CHP Mersin Milletvekili Talat Din\u00e7er ve Hasan Ufuk \u00c7ak\u0131r, CHP Erdemli \u0130l\u00e7e Ba\u015fkan\u0131 Ahmet [&hellip;]<\/p>\n","protected":false},"author":2,"featured_media":30364,"comment_status":"open","ping_status":"open","sticky":false,"template":"","format":"standard","meta":{"footnotes":""},"categories":[34,1,2,3],"tags":[],"class_list":["post-30363","post","type-post","status-publish","format-standard","has-post-thumbnail","hentry","category-flas-haber","category-genel","category-gundem","category-manset"],"views":3,"_links":{"self":[{"href":"https:\/\/mersinkadingazetesi.com\/index.php?rest_route=\/wp\/v2\/posts\/30363"}],"collection":[{"href":"https:\/\/mersinkadingazetesi.com\/index.php?rest_route=\/wp\/v2\/posts"}],"about":[{"href":"https:\/\/mersinkadingazetesi.com\/index.php?rest_route=\/wp\/v2\/types\/post"}],"author":[{"embeddable":true,"href":"https:\/\/mersinkadingazetesi.com\/index.php?rest_route=\/wp\/v2\/users\/2"}],"replies":[{"embeddable":true,"href":"https:\/\/mersinkadingazetesi.com\/index.php?rest_route=%2Fwp%2Fv2%2Fcomments&post=30363"}],"version-history":[{"count":0,"href":"https:\/\/mersinkadingazetesi.com\/index.php?rest_route=\/wp\/v2\/posts\/30363\/revisions"}],"wp:featuredmedia":[{"embeddable":true,"href":"https:\/\/mersinkadingazetesi.com\/index.php?rest_route=\/wp\/v2\/media\/30364"}],"wp:attachment":[{"href":"https:\/\/mersinkadingazetesi.com\/index.php?rest_route=%2Fwp%2Fv2%2Fmedia&parent=30363"}],"wp:term":[{"taxonomy":"category","embeddable":true,"href":"https:\/\/mersinkadingazetesi.com\/index.php?rest_route=%2Fwp%2Fv2%2Fcategories&post=30363"},{"taxonomy":"post_tag","embeddable":true,"href":"https:\/\/mersinkadingazetesi.com\/index.php?rest_route=%2Fwp%2Fv2%2Ftags&post=30363"}],"curies":[{"name":"wp","href":"https:\/\/api.w.org\/{rel}","templated":true}]}}