{"id":30378,"date":"2024-02-05T12:25:08","date_gmt":"2024-02-05T09:25:08","guid":{"rendered":"http:\/\/mersinkadingazetesi.com\/?p=30378"},"modified":"2024-02-05T12:25:08","modified_gmt":"2024-02-05T09:25:08","slug":"varlik-icinde-yokluk-cekmeyecegiz","status":"publish","type":"post","link":"https:\/\/mersinkadingazetesi.com\/?p=30378","title":{"rendered":"&#8220;VARLIK \u0130\u00c7\u0130NDE YOKLUK \u00c7EKMEYECE\u011e\u0130Z&#8221;"},"content":{"rendered":"<p>CHP Tarsus Belediye Ba\u015fkan aday\u0131 Ali Bolta\u00e7 se\u00e7im \u00e7al\u0131\u015fmalar\u0131n\u0131 aral\u0131ks\u0131z s\u00fcrd\u00fcr\u00fcyor. Gitti\u011fi bir \u00e7ok noktada ilgi ile kar\u015f\u0131lanan gen\u00e7 ba\u015fkan aday\u0131, aday olarak belirlendi\u011fi g\u00fcnden itibaren sivil toplum kurulu\u015flar\u0131, muhtarlar. esnaflar, semt pazarlar\u0131 ve merkez mahallelere ziyaretler ger\u00e7ekle\u015ftiriyor.<\/p>\n<p>Tarsus&#8217;un 31 Mart&#8217;tan sonra sosyal belediyecili\u011fin t\u00fcm ilkelerini uygulayacaklar\u0131 bir yerel y\u00f6netime sahip olaca\u011f\u0131n\u0131 dile getiren CHP&#8217;li Bolta\u00e7 ,Tarsus&#8217;un uzun y\u0131llard\u0131r k\u0131y\u0131s\u0131na k\u00f6\u015fesine \u00e7ekilmi\u015f bir kent kimli\u011finde oldu\u011funu, bu kadim kentin merkezindeki \u015felale gibi g\u00fcr\u00fcl g\u00fcr\u00fcl akaca\u011f\u0131n\u0131, \u00f6zledi\u011fi ve bekledi\u011fi kimli\u011fine kavu\u015faca\u011f\u0131n\u0131 s\u00f6yledi.<\/p>\n<p>&#8220;VARLIK \u0130\u00c7\u0130NDE YOKLUK \u00c7EKMEYECE\u011e\u0130Z&#8221;<\/p>\n<p>Tarsus&#8217;u y\u0131llar \u00f6ncesine dayanan dinamik ve renkli yap\u0131s\u0131na yeniden kavu\u015fturmak  istediklerini s\u00f6yleyen CHP&#8217;li Bolta\u00e7 &#8220;Ben Tarsus&#8217;un tarihine, topra\u011f\u0131na ve insan\u0131na bakt\u0131\u011f\u0131mda m\u00fcthi\u015f bir  zenginlik g\u00f6r\u00fcyorum. Ama ayn\u0131 zamanda varl\u0131k i\u00e7inde yokluk \u00e7eken bir Tarsus da g\u00f6r\u00fcyorum. \u0130\u015fte biz bu tezat\u0131 ortadan kald\u0131rmaya geliyoruz&#8221; \u015feklinde konu\u015ftu.<\/p>\n<p>&#8220;VAHAP BA\u015eKAN B\u0130Z\u0130M \u0130\u00c7\u0130N B\u00dcY\u00dcK \u015eANS&#8221;<\/p>\n<p>Tarsus&#8217;un en b\u00fcy\u00fck \u015fans\u0131n\u0131n B\u00fcy\u00fck\u015fehir Belediye Ba\u015fkan\u0131 Vahap Se\u00e7er oldu\u011funu da ifade eden CHP&#8217;li gen\u00e7 ba\u015fkan aday\u0131 &#8221;  Tarsus&#8217;un kendisine g\u00fcvenli bir gelecek \u00e7izmesi i\u00e7in B\u00fcy\u00fck\u015fehir&#8217;e ve Ba\u015fkan\u0131na ihtiyac\u0131 var. G\u00f6rev s\u00fcresi i\u00e7erisinde bir eli hep Tarsus&#8217;ta olan de\u011ferli ba\u015fkan\u0131m\u0131zla sa\u011flayaca\u011f\u0131m\u0131z uyum ve koordinasyon ba\u015far\u0131n\u0131n anahtar\u0131 olacak. B\u00fcy\u00fck\u015fehirin b\u00fct\u00e7esinden, say\u0131n Ba\u015fkan\u0131m\u0131z\u0131n da bilgi ve birikimlerinden faydalanarak Tarsus&#8217;a alt\u0131n \u00e7a\u011f\u0131n\u0131  ya\u015fataca\u011f\u0131z .Bundan hi\u00e7 kimsenin \u015f\u00fcphesi olmas\u0131n.&#8221; dedi.<\/p>\n<p>&#8220;TARSUS \u0130\u00c7\u0130N \u00c7ALINMADIK KAPI BIRAKMAYACA\u011eIM&#8221;<\/p>\n<p>Medeniyetler \u015fehri Tarsus&#8217;un tar\u0131m, turizm ve sanayi  yolculu\u011funu ve hikayesini yeniden yazmak i\u00e7in yola \u00e7\u0131kt\u0131klar\u0131n\u0131 s\u00f6yleyen CHP&#8217;li Bolta\u00e7 &#8221; 5 ku\u015fakt\u0131r bu kentte ticaret yapan bir ailenin ferdi olarak Tarsus&#8217;un ge\u00e7irdi\u011fi evreleri iyi g\u00f6zlemledi\u011fimi d\u00fc\u015f\u00fcn\u00fcyorum. Kentin sorunlar\u0131na hakimim, ihtiya\u00e7lar\u0131n\u0131 biliyorum, \u00e7\u00f6z\u00fcm yollar\u0131 i\u00e7in de haz\u0131rl\u0131klar\u0131m\u0131 yapt\u0131m. Her \u015feyden \u00f6nce bu kenti ve insan\u0131n\u0131 sevmekle ba\u015flayaca\u011f\u0131z g\u00f6reve. Anahtar kelimemiz sevgi olacak . Sevginin oldu\u011fu her yerde \u00fcretim olur, dayan\u0131\u015fma olur, birlik ve beraberlik olur. Tarsus i\u00e7in, kim olursa olsun kap\u0131s\u0131n\u0131 \u00e7almaktan imtina etmeyece\u011fim. Projelerimiz haz\u0131r. \u00c7ok k\u0131sa zamanda kamuoyu ile payla\u015faca\u011f\u0131z. Eminim ki bir \u00e7ok Tarsuslu hem\u015ferimizin hayallerine dokunan, taleplerini kar\u015f\u0131layacak olan hizmetler ortaya \u00e7\u0131kacak. Her detay\u0131 d\u00fc\u015f\u00fcnerek kar\u015f\u0131n\u0131za \u00e7\u0131kaca\u011f\u0131z. Size mahcup olmayaca\u011f\u0131z, kentimize mahcup olmayaca\u011f\u0131z.&#8221; \u015feklinde konu\u015ftu.<\/p>\n","protected":false},"excerpt":{"rendered":"<p>CHP Tarsus Belediye Ba\u015fkan aday\u0131 Ali Bolta\u00e7 se\u00e7im \u00e7al\u0131\u015fmalar\u0131n\u0131 aral\u0131ks\u0131z s\u00fcrd\u00fcr\u00fcyor. Gitti\u011fi bir \u00e7ok noktada ilgi ile kar\u015f\u0131lanan gen\u00e7 ba\u015fkan aday\u0131, aday olarak belirlendi\u011fi g\u00fcnden itibaren sivil toplum kurulu\u015flar\u0131, muhtarlar. esnaflar, semt pazarlar\u0131 ve merkez mahallelere ziyaretler ger\u00e7ekle\u015ftiriyor. Tarsus&#8217;un 31 Mart&#8217;tan sonra sosyal belediyecili\u011fin t\u00fcm ilkelerini uygulayacaklar\u0131 bir yerel y\u00f6netime sahip olaca\u011f\u0131n\u0131 dile getiren CHP&#8217;li [&hellip;]<\/p>\n","protected":false},"author":2,"featured_media":30379,"comment_status":"open","ping_status":"open","sticky":false,"template":"","format":"standard","meta":{"footnotes":""},"categories":[3,6],"tags":[],"class_list":["post-30378","post","type-post","status-publish","format-standard","has-post-thumbnail","hentry","category-manset","category-siyaset-2"],"views":1,"_links":{"self":[{"href":"https:\/\/mersinkadingazetesi.com\/index.php?rest_route=\/wp\/v2\/posts\/30378"}],"collection":[{"href":"https:\/\/mersinkadingazetesi.com\/index.php?rest_route=\/wp\/v2\/posts"}],"about":[{"href":"https:\/\/mersinkadingazetesi.com\/index.php?rest_route=\/wp\/v2\/types\/post"}],"author":[{"embeddable":true,"href":"https:\/\/mersinkadingazetesi.com\/index.php?rest_route=\/wp\/v2\/users\/2"}],"replies":[{"embeddable":true,"href":"https:\/\/mersinkadingazetesi.com\/index.php?rest_route=%2Fwp%2Fv2%2Fcomments&post=30378"}],"version-history":[{"count":0,"href":"https:\/\/mersinkadingazetesi.com\/index.php?rest_route=\/wp\/v2\/posts\/30378\/revisions"}],"wp:featuredmedia":[{"embeddable":true,"href":"https:\/\/mersinkadingazetesi.com\/index.php?rest_route=\/wp\/v2\/media\/30379"}],"wp:attachment":[{"href":"https:\/\/mersinkadingazetesi.com\/index.php?rest_route=%2Fwp%2Fv2%2Fmedia&parent=30378"}],"wp:term":[{"taxonomy":"category","embeddable":true,"href":"https:\/\/mersinkadingazetesi.com\/index.php?rest_route=%2Fwp%2Fv2%2Fcategories&post=30378"},{"taxonomy":"post_tag","embeddable":true,"href":"https:\/\/mersinkadingazetesi.com\/index.php?rest_route=%2Fwp%2Fv2%2Ftags&post=30378"}],"curies":[{"name":"wp","href":"https:\/\/api.w.org\/{rel}","templated":true}]}}