{"id":30390,"date":"2024-02-05T12:35:19","date_gmt":"2024-02-05T09:35:19","guid":{"rendered":"http:\/\/mersinkadingazetesi.com\/?p=30390"},"modified":"2024-02-05T12:35:19","modified_gmt":"2024-02-05T09:35:19","slug":"mhp-mersin-milletvekili-dr-levent-uysal-hicbir-sabah-6-subat-kadar-karanlik-olmadi","status":"publish","type":"post","link":"https:\/\/mersinkadingazetesi.com\/?p=30390","title":{"rendered":"MHP MERS\u0130N M\u0130LLETVEK\u0130L\u0130 DR. LEVENT UYSAL: H\u0130\u00c7B\u0130R SABAH 6 \u015eUBAT KADAR KARANLIK OLMADI"},"content":{"rendered":"<p>Asr\u0131n felaketi olarak T\u00fcrkiye Cumhuriyeti tarihine ge\u00e7en 6 \u015eubat 2023 depremlerinin \u00fczerinden 1 y\u0131l ge\u00e7ti. Ac\u0131n\u0131n ilk g\u00fcnk\u00fc gibi derin oldu\u011funu vurgulayan MHP Mersin Milletvekili Dr. Levent Uysal \u201cHi\u00e7bir sabah 6 \u015eubat kadar karanl\u0131k olmam\u0131\u015ft\u0131. Asr\u0131n felaketinde hayat\u0131n\u0131 kaybeden vatanda\u015flar\u0131m\u0131z\u0131 rahmetle an\u0131yorum.\u201d ifadelerine yer verdi.<br \/>\nKahramanmara\u015f merkezli 7,7 ve 7,6 b\u00fcy\u00fckl\u00fc\u011f\u00fcndeki 6 \u015eubat depremlerinin ard\u0131ndan 365 g\u00fcn geride kald\u0131. D\u00fcnya ve T\u00fcrkiye tarihine, asr\u0131n felaketi olarak kaz\u0131nan y\u0131k\u0131c\u0131 depremlerde binlerce insan hayat\u0131n\u0131 kaybetti ve binlerce insan yaraland\u0131. 6 \u015eubat depremlerinin y\u0131ld\u00f6n\u00fcm\u00fcyle ilgili olarak Milliyet\u00e7i Hareket Partisi Mersin Milletvekili Dr. Levent Uysal da yaz\u0131l\u0131 a\u00e7\u0131klamada bulundu.<br \/>\nUysal a\u00e7\u0131klamas\u0131nda \u015fu ifadelere yer verdi;<br \/>\n\u201cT\u00fcrkiye\u2019de 6 \u015eubat\u2019ta ard\u0131 ard\u0131na ya\u015fanan deprem felaketinin ard\u0131ndan 1 y\u0131l ge\u00e7ti. Deprem b\u00f6lgesi olan \u00fclkemiz y\u00fczy\u0131l\u0131n afetini saniyelerle ya\u015fad\u0131. \u00c7ok say\u0131da insan\u0131m\u0131z hayat\u0131n\u0131 kaybetti ve yaraland\u0131. Binalar y\u0131k\u0131ld\u0131 ve adeta zamanla yar\u0131\u015f vard\u0131. Depremden hemen sonra devletimiz t\u00fcm imkanlar\u0131n\u0131 seferber ederek arama kurtarma \u00e7al\u0131\u015fmalar\u0131nda bulundu ve her sa\u011f kurtar\u0131lan vatanda\u015f\u0131m\u0131z bize umut oldu. \u0130nsan \u00fcst\u00fc m\u00fccadele eden arama kurtarma ekiplerimizin tamam\u0131n\u0131 bir kez daha y\u00fcrekten kutluyorum. Ac\u0131s\u0131 d\u00fcn gibi taze olan Cumhuriyet tarihimizin en b\u00fcy\u00fck depreminin ard\u0131ndan 85 milyon olarak dayan\u0131\u015fma \u00f6rne\u011fi sergiledik. Evimizdeki battaniyeden tutun da tenceremizdeki a\u015f\u0131m\u0131za kadar hem\u015fehrilerimizle b\u00f6l\u00fc\u015ft\u00fck. En \u00f6nemlisi ise asr\u0131n felaketinden ders \u00e7\u0131kard\u0131k. Depremin de\u011fil diren\u00e7siz binalar\u0131n on binlerce insan\u0131m\u0131z\u0131 hayattan kopard\u0131\u011f\u0131n\u0131 ac\u0131 bir \u015fekilde tecr\u00fcbe ettik. Lakin deprem b\u00f6lgesinde g\u00fc\u00e7l\u00fc yap\u0131lar\u0131n in\u015fas\u0131 h\u0131zla devam ediyor. T\u00fcrkiye Cumhuriyeti Devleti, \u00e7ok k\u00f6kl\u00fc ve g\u00fc\u00e7l\u00fc bir devlettir. Milletimizle kenetlenerek g\u00f6sterdi\u011fimiz yard\u0131mla\u015fma, d\u00fcnyaya \u00f6rnek oldu. Ayr\u0131ca binlerce vatanda\u015f\u0131m\u0131za mezar olan binalar\u0131n y\u0131k\u0131lmas\u0131nda sorumlu olanlar ise T\u00fcrk adaleti \u00f6n\u00fcnde hesap verdi ve verecekler. Temennimiz odur ki; Y\u00fcce Allah bize bir daha b\u00f6yle afetler ya\u015fatmas\u0131n. 6 \u015eubat 2023 depremlerinde hayat\u0131n\u0131 kaybeden t\u00fcm vatanda\u015flar\u0131m\u0131z\u0131 rahmetle an\u0131yor, tedavileri devam eden yaral\u0131lar\u0131m\u0131za acil \u015fifalar diliyorum. Birli\u011fimiz daim olsun.\u201d<\/p>\n","protected":false},"excerpt":{"rendered":"<p>Asr\u0131n felaketi olarak T\u00fcrkiye Cumhuriyeti tarihine ge\u00e7en 6 \u015eubat 2023 depremlerinin \u00fczerinden 1 y\u0131l ge\u00e7ti. Ac\u0131n\u0131n ilk g\u00fcnk\u00fc gibi derin oldu\u011funu vurgulayan MHP Mersin Milletvekili Dr. Levent Uysal \u201cHi\u00e7bir sabah 6 \u015eubat kadar karanl\u0131k olmam\u0131\u015ft\u0131. Asr\u0131n felaketinde hayat\u0131n\u0131 kaybeden vatanda\u015flar\u0131m\u0131z\u0131 rahmetle an\u0131yorum.\u201d ifadelerine yer verdi. Kahramanmara\u015f merkezli 7,7 ve 7,6 b\u00fcy\u00fckl\u00fc\u011f\u00fcndeki 6 \u015eubat depremlerinin ard\u0131ndan [&hellip;]<\/p>\n","protected":false},"author":2,"featured_media":30391,"comment_status":"open","ping_status":"open","sticky":false,"template":"","format":"standard","meta":{"footnotes":""},"categories":[2,3,5],"tags":[],"class_list":["post-30390","post","type-post","status-publish","format-standard","has-post-thumbnail","hentry","category-gundem","category-manset","category-mersin"],"views":2,"_links":{"self":[{"href":"https:\/\/mersinkadingazetesi.com\/index.php?rest_route=\/wp\/v2\/posts\/30390"}],"collection":[{"href":"https:\/\/mersinkadingazetesi.com\/index.php?rest_route=\/wp\/v2\/posts"}],"about":[{"href":"https:\/\/mersinkadingazetesi.com\/index.php?rest_route=\/wp\/v2\/types\/post"}],"author":[{"embeddable":true,"href":"https:\/\/mersinkadingazetesi.com\/index.php?rest_route=\/wp\/v2\/users\/2"}],"replies":[{"embeddable":true,"href":"https:\/\/mersinkadingazetesi.com\/index.php?rest_route=%2Fwp%2Fv2%2Fcomments&post=30390"}],"version-history":[{"count":0,"href":"https:\/\/mersinkadingazetesi.com\/index.php?rest_route=\/wp\/v2\/posts\/30390\/revisions"}],"wp:featuredmedia":[{"embeddable":true,"href":"https:\/\/mersinkadingazetesi.com\/index.php?rest_route=\/wp\/v2\/media\/30391"}],"wp:attachment":[{"href":"https:\/\/mersinkadingazetesi.com\/index.php?rest_route=%2Fwp%2Fv2%2Fmedia&parent=30390"}],"wp:term":[{"taxonomy":"category","embeddable":true,"href":"https:\/\/mersinkadingazetesi.com\/index.php?rest_route=%2Fwp%2Fv2%2Fcategories&post=30390"},{"taxonomy":"post_tag","embeddable":true,"href":"https:\/\/mersinkadingazetesi.com\/index.php?rest_route=%2Fwp%2Fv2%2Ftags&post=30390"}],"curies":[{"name":"wp","href":"https:\/\/api.w.org\/{rel}","templated":true}]}}