{"id":30393,"date":"2024-02-05T12:36:31","date_gmt":"2024-02-05T09:36:31","guid":{"rendered":"http:\/\/mersinkadingazetesi.com\/?p=30393"},"modified":"2024-02-05T12:36:31","modified_gmt":"2024-02-05T09:36:31","slug":"dr-ali-ozun-toroslar-secim-koordinasyon-merkezi-acildi","status":"publish","type":"post","link":"https:\/\/mersinkadingazetesi.com\/?p=30393","title":{"rendered":"Dr. Ali \u00d6z&#8217;\u00fcn Toroslar Se\u00e7im Koordinasyon Merkezi a\u00e7\u0131ld\u0131"},"content":{"rendered":"<p>Cumhur \u0130ttifak\u0131 MHP Toroslar Belediyesi Ba\u015fkan Aday\u0131 Dr. Ali \u00d6z&#8217;\u00fcn Se\u00e7im Koordinasyon Merkezi a\u00e7\u0131ld\u0131.<\/p>\n<p>Yo\u011fun kat\u0131l\u0131m ve co\u015fku ile ger\u00e7ekle\u015fen a\u00e7\u0131l\u0131\u015f t\u00f6renine Cumhur \u0130ttifak\u0131 Mersin B\u00fcy\u00fck\u015fehir Belediye Ba\u015fkan Aday\u0131 Serdar Soydan, AK Parti Mersin Milletvekili Ali K\u0131ratl\u0131, Milliyet\u00e7i Hareket Partisi \u0130l Ba\u015fkan\u0131 \u00d6mer G\u00fcrsoy, Cumhur \u0130ttifak\u0131 \u0130l ve \u0130l\u00e7e Te\u015fkilat Ba\u015fkanlar\u0131, Te\u015fkilat Y\u00f6neticileri, \u00f6nceki ba\u015fkan Hamit Tuna, partililer ve vatanda\u015flar kat\u0131ld\u0131.<br \/>\nKat\u0131lan herkese te\u015fekk\u00fcr eden \u00d6z, &#8220;Birli\u011fin g\u00fcc\u00fcyle birlikte ba\u015faraca\u011f\u0131z Toroslar\u0131m. Haydi Bismillah&#8230; Bu merkezimiz se\u00e7im boyunca k\u0131ymetli hem\u015fehrilerimize ve g\u00f6n\u00fclda\u015flar\u0131m\u0131za hizmet verecektir. A\u00e7\u0131l\u0131\u015f t\u00f6renimize kat\u0131l\u0131mlar\u0131 ile bizleri onurland\u0131ran; Mersin Milletvekilimiz, Cumhur \u0130ttifak\u0131 \u0130l ve \u0130l\u00e7e Te\u015fkilat Ba\u015fkanlar\u0131m\u0131z, Te\u015fkilat Y\u00f6neticilerimiz, Cumhur \u0130ttifak\u0131 Belediye Ba\u015fkan Adaylar\u0131m\u0131z, partililerimiz ve her ko\u015fulda desteklerini esirgemeyerek, birlik beraberlik ruhuyla bizimle ayn\u0131 yolda kol kola y\u00fcr\u00fcyen k\u0131ymetli hem\u015fehrilerimize te\u015fekk\u00fcr ediyorum. Toroslarda yanan me\u015fale dalga dalga B\u00fcy\u00fck\u015fehir\u2019e tesir edecek, bayrak inmeyecek. Birli\u011fin g\u00fcc\u00fcyle birlikte ba\u015faraca\u011f\u0131z.\u201d dedi.<\/p>\n<p>&#8220;Belediyecilik \u015fefkat gerektirir&#8221;<\/p>\n<p>Dr. Ali \u00d6z belediyecilik anlay\u0131\u015f\u0131 hakk\u0131nda ise,  \u201cBilge liderimiz Say\u0131n Devlet Bah\u00e7eli\u2019nin de ifade etti\u011fi gibi Vatan sevgisi, millete hizmetin en b\u00fcy\u00fck g\u00fcc\u00fcd\u00fcr. Bu sevginin en iyi g\u00f6sterilece\u011fi zeminlerden birisi de hi\u00e7 \u015f\u00fcphesiz yerel y\u00f6netimlerdir. Ben de y\u00fcre\u011fimdeki vatan sevgisi ile Toroslarda ayr\u0131\u015ft\u0131rmayan birle\u015ftiren bir anlay\u0131\u015fla milletimize hizmet vermek istiyorum. Cesaretle, bilimle, bereketle ve insan merkezli bir y\u00f6netim anlay\u0131\u015f\u0131yla hizmet vermek temel hedefimizdir. Belediyecilik \u015fefkat gerektirir, biz uzanacak bir el bekleyenleri kucaklamaya geliyoruz. Toroslar\u0131 birlik i\u00e7inde y\u00f6netmek i\u00e7in bir yola \u00e7\u0131kt\u0131k. Allah yar ve yard\u0131mc\u0131m\u0131z olsun.\u201d \u015feklinde konu\u015ftu.<\/p>\n<p>Dr. Ali \u00d6z\u2019\u00fcn konu\u015fmas\u0131nda ge\u00e7mi\u015f d\u00f6nem Belediye Ba\u015fkan\u0131 Hamit Tuna ve ge\u00e7mi\u015f d\u00f6nem AK Parti \u0130l Ba\u015fkan\u0131 Fatih K\u0131sa\u2019ya da s\u00f6z vermesi a\u00e7\u0131l\u0131\u015fa kat\u0131lanlar taraf\u0131ndan takdirle kar\u015f\u0131land\u0131.<\/p>\n","protected":false},"excerpt":{"rendered":"<p>Cumhur \u0130ttifak\u0131 MHP Toroslar Belediyesi Ba\u015fkan Aday\u0131 Dr. Ali \u00d6z&#8217;\u00fcn Se\u00e7im Koordinasyon Merkezi a\u00e7\u0131ld\u0131. Yo\u011fun kat\u0131l\u0131m ve co\u015fku ile ger\u00e7ekle\u015fen a\u00e7\u0131l\u0131\u015f t\u00f6renine Cumhur \u0130ttifak\u0131 Mersin B\u00fcy\u00fck\u015fehir Belediye Ba\u015fkan Aday\u0131 Serdar Soydan, AK Parti Mersin Milletvekili Ali K\u0131ratl\u0131, Milliyet\u00e7i Hareket Partisi \u0130l Ba\u015fkan\u0131 \u00d6mer G\u00fcrsoy, Cumhur \u0130ttifak\u0131 \u0130l ve \u0130l\u00e7e Te\u015fkilat Ba\u015fkanlar\u0131, Te\u015fkilat Y\u00f6neticileri, \u00f6nceki ba\u015fkan [&hellip;]<\/p>\n","protected":false},"author":2,"featured_media":30394,"comment_status":"open","ping_status":"open","sticky":false,"template":"","format":"standard","meta":{"footnotes":""},"categories":[3,5,6],"tags":[],"class_list":["post-30393","post","type-post","status-publish","format-standard","has-post-thumbnail","hentry","category-manset","category-mersin","category-siyaset-2"],"views":2,"_links":{"self":[{"href":"https:\/\/mersinkadingazetesi.com\/index.php?rest_route=\/wp\/v2\/posts\/30393"}],"collection":[{"href":"https:\/\/mersinkadingazetesi.com\/index.php?rest_route=\/wp\/v2\/posts"}],"about":[{"href":"https:\/\/mersinkadingazetesi.com\/index.php?rest_route=\/wp\/v2\/types\/post"}],"author":[{"embeddable":true,"href":"https:\/\/mersinkadingazetesi.com\/index.php?rest_route=\/wp\/v2\/users\/2"}],"replies":[{"embeddable":true,"href":"https:\/\/mersinkadingazetesi.com\/index.php?rest_route=%2Fwp%2Fv2%2Fcomments&post=30393"}],"version-history":[{"count":0,"href":"https:\/\/mersinkadingazetesi.com\/index.php?rest_route=\/wp\/v2\/posts\/30393\/revisions"}],"wp:featuredmedia":[{"embeddable":true,"href":"https:\/\/mersinkadingazetesi.com\/index.php?rest_route=\/wp\/v2\/media\/30394"}],"wp:attachment":[{"href":"https:\/\/mersinkadingazetesi.com\/index.php?rest_route=%2Fwp%2Fv2%2Fmedia&parent=30393"}],"wp:term":[{"taxonomy":"category","embeddable":true,"href":"https:\/\/mersinkadingazetesi.com\/index.php?rest_route=%2Fwp%2Fv2%2Fcategories&post=30393"},{"taxonomy":"post_tag","embeddable":true,"href":"https:\/\/mersinkadingazetesi.com\/index.php?rest_route=%2Fwp%2Fv2%2Ftags&post=30393"}],"curies":[{"name":"wp","href":"https:\/\/api.w.org\/{rel}","templated":true}]}}