{"id":30399,"date":"2024-02-05T15:55:31","date_gmt":"2024-02-05T12:55:31","guid":{"rendered":"http:\/\/mersinkadingazetesi.com\/?p=30399"},"modified":"2024-02-05T15:55:31","modified_gmt":"2024-02-05T12:55:31","slug":"chp-mersin-milletvekili-talat-dincer-6-subat-2023-depremlerinde-hayatlarini-kaybedenleri-anma-gunu-ilan-edilmesi-icin-tbmm-baskanligina-kanun-teklifi-verdi","status":"publish","type":"post","link":"https:\/\/mersinkadingazetesi.com\/?p=30399","title":{"rendered":"CHP Mersin Milletvekili Talat Din\u00e7er, &#8220;6 \u015eubat 2023 Depremlerinde Hayatlar\u0131n\u0131 Kaybedenleri Anma G\u00fcn\u00fc&#8221; ilan edilmesi i\u00e7in TBMM Ba\u015fkanl\u0131\u011f\u0131&#8217;na kanun teklifi verdi"},"content":{"rendered":"<p>CHP Mersin Milletvekili Talat Din\u00e7er, &#8220;6 \u015eubat 2023 Depremlerinde Hayatlar\u0131n\u0131 Kaybedenleri Anma G\u00fcn\u00fc&#8221; ilan edilmesi i\u00e7in TBMM Ba\u015fkanl\u0131\u011f\u0131&#8217;na kanun teklifi verdi.<br \/>\nCHP Mersin Milletvekili Talat Din\u00e7er, geni\u015f bir co\u011frafyay\u0131 etkileyen depremlerde resmi a\u00e7\u0131klamalara g\u00f6re 50 bin 783 ki\u015finin hayat\u0131n\u0131 kaybetti\u011fi, 107.204 ki\u015finin ise yaral\u0131 oldu\u011fu 6 \u015eubat g\u00fcn\u00fcn\u00fcn, \u20186 \u015eubat 2023 Depremlerinde Hayatlar\u0131n\u0131 Kaybedenleri Anma G\u00fcn\u00fc\u2019 ilan edilmesi i\u00e7in TBMM Ba\u015fkanl\u0131\u011f\u0131&#8217;na kanun teklifi verdi.<br \/>\nDin\u00e7er verdi\u011fi kanun teklifi ile &#8220;6 \u015eubat 2023 tarihinde Kahramanmara\u015f\u2019\u0131n Pazarc\u0131k ve Elbistan il\u00e7elerinde 9 saat arayla meydana gelen ve \u201cAsr\u0131n Felaketi\u201d olarak nitelendirilen depremlerde hayatlar\u0131n\u0131 kaybedenleri anmak ve deprem ger\u00e7e\u011fini unutmamak i\u00e7in 6 \u015eubat g\u00fcn\u00fcn\u00fcn \u201c6 \u015eubat 2023 Depremlerinde Hayat\u0131n\u0131 Kaybedenleri Anma G\u00fcn\u00fc\u201d olarak ilan edilmesi ama\u00e7land\u0131\u011f\u0131n\u0131&#8221; belirtti<br \/>\nDin\u00e7er&#8217;in kanun teklifinin genel gerek\u00e7esinde:<br \/>\nOrtaya \u00e7\u0131kan a\u011f\u0131r tablo Cumhuriyet tarihimizin en a\u011f\u0131r felaketiyle kar\u015f\u0131 kar\u015f\u0131ya oldu\u011fumuzu g\u00f6stermektedir.<br \/>\nSon y\u0131llarda birbiri ard\u0131na felaketler ya\u015f\u0131yoruz. Ya\u015fanan her a\u015f\u0131r\u0131 do\u011fa olay\u0131, gerekli \u00f6nlemlerin al\u0131nmamas\u0131 nedeniyle afete d\u00f6n\u00fc\u015ferek b\u00fcy\u00fck can ve mal kay\u0131plar\u0131na neden olmu\u015ftur. 6 \u015eubat 2023&#8217;te &#8220;Asr\u0131n Felaketi&#8221; olarak adland\u0131r\u0131lan Kahramanmara\u015f merkezli ya\u015fad\u0131\u011f\u0131m\u0131z depremler bu felaketin en b\u00fcy\u00fc\u011f\u00fc olmu\u015ftur. Geni\u015f bir co\u011frafyay\u0131 etkileyen depremde y\u00fcz binlerce insan hayat\u0131n\u0131 kaybetmi\u015ftir. Pazarc\u0131k ve Elbistan il\u00e7elerinde 9 saat arayla ya\u015fanan 7.7 ve7,6 b\u00fcy\u00fckl\u00fc\u011f\u00fcndeki depremler 15 milyona yak\u0131n n\u00fcfusun ya\u015fad\u0131\u011f\u0131 11 ilimizde. (Kahramanmara\u015f, Hatay, Gaziantep Ad\u0131yaman, Malatya, Kilis, \u015eanl\u0131urfa, Adana, Osmaniye, Diyarbak\u0131r, Elaz\u0131\u011f) b\u00fcy\u00fck y\u0131k\u0131ma ve can kayb\u0131na yol a\u00e7m\u0131\u015ft\u0131r. Ortaya \u00e7\u0131kan a\u011f\u0131r tablo Cumhuriyet tarihimizin en a\u011f\u0131r felaketiyle kar\u015f\u0131 kar\u015f\u0131ya oldu\u011fumuzu g\u00f6stermektedir. Bu g\u00fcne kadar ya\u015fad\u0131\u011f\u0131m\u0131z pek \u00e7ok b\u00fcy\u00fck depreme kar\u015f\u0131n \u00fclkemizin, \u015fehirlerimizin, binalar\u0131m\u0131z\u0131n, kurumlar\u0131m\u0131z\u0131n ve halk\u0131m\u0131z\u0131n depreme haz\u0131r olmad\u0131\u011f\u0131 ger\u00e7e\u011fini \u00e7ok ac\u0131 bi\u00e7imde g\u00f6stermi\u015ftir.<br \/>\nKentsel d\u00f6n\u00fc\u015f\u00fcm projeleri deprem riski d\u00fc\u015f\u00fck alanlarda de\u011fil, rant\u0131 y\u00fcksek alanlarda kentsel dokuyu tahrip eden bir anlay\u0131\u015fla ve yanda\u015flara sermaye aktarma arac\u0131 olarak kullan\u0131ld\u0131<br \/>\nBu y\u0131k\u0131m\u0131n en b\u00fcy\u00fck sebeplerinden biri m\u00fcteahhitlerin ve iktidar\u0131n plans\u0131z bir sanayile\u015fme ve kentle\u015fme kalk\u0131nma modeli olarak benimsenmesidir. Bir di\u011fer sebep de sermaye birikimi i\u00e7in ucuz i\u015f g\u00fcc\u00fc ve ucuz altyap\u0131 anlay\u0131\u015f\u0131na fazla kazan\u00e7 pe\u015fine d\u00fc\u015fmesidir. Bug\u00fcn ya\u015fanan tablonun sorumlusu da bu anlay\u0131\u015f\u0131n s\u00fcr\u00fcc\u00fcs\u00fc olan ve iktidarda oldu\u011fu 20 y\u0131l boyunca \u015fehirlerimizi depreme haz\u0131r getirmeyen ve afetle m\u00fccadele konusunda \u00fczerine d\u00fc\u015feni yapmayan siyasi iktidard\u0131r. M\u00fchendislik, mimarl\u0131k, \u015fehir planc\u0131l\u0131\u011f\u0131, e\u011fitimi niteliksizle\u015ftirerek, kentsel d\u00f6n\u00fc\u015f\u00fcm projeleri deprem riski d\u00fc\u015f\u00fck alanlarda de\u011fil, rant\u0131 y\u00fcksek alanlarda kentsel dokuyu tahrip eden bir anlay\u0131\u015fla ve yanda\u015flara sermaye aktarma arac\u0131 olarak kullan\u0131ld\u0131. Rant u\u011fruna kontrols\u00fcz, denetimsiz, ka\u00e7ak yap\u0131 ve \u00e7arp\u0131k kentle\u015fmeye g\u00f6z yumarak ya\u015fanan felaketlerin nedenlerini ve sonu\u00e7lar\u0131n\u0131 gizlemeyi y\u00f6netim politikas\u0131 haline de getirmi\u015f olan siyasi iktidar, depremin de kay\u0131plar\u0131n\u0131 tam olarak a\u00e7\u0131klam\u0131\u015f de\u011fildir.<br \/>\nBug\u00fcn verilen s\u00f6zler tutulmam\u0131\u015ft\u0131r.<br \/>\nAradan bir y\u0131l ge\u00e7ti ve bir\u00e7ok depremzede halen konteyner ve \u00e7ad\u0131rlarda k\u0131\u015f ko\u015fullar\u0131n\u0131n a\u011f\u0131rl\u0131\u011f\u0131 ve y\u00fcreklerindeki ac\u0131larla hayatta tutunmaya \u00e7al\u0131\u015fmaktad\u0131r. Ne yaz\u0131kt\u0131r ki vatanda\u015flar\u0131m\u0131z\u0131n bir \u00e7o\u011fu kaybettikleri yak\u0131nlar\u0131n\u0131n mezar\u0131n\u0131n dahi nerede oldu\u011funu bilmiyor. Bug\u00fcn verilen s\u00f6zler tutulmam\u0131\u015ft\u0131r. Ya\u015fanan bu deprem felaketinin unutulmamas\u0131 ve unutturulmamas\u0131 i\u00e7in her y\u0131l\u0131n 6 \u015eubat g\u00fcn\u00fcnde hayat\u0131n\u0131 kaybedenleri anma g\u00fcn\u00fc ilan edilmesi ama\u00e7lanm\u0131\u015ft\u0131r.<\/p>\n","protected":false},"excerpt":{"rendered":"<p>CHP Mersin Milletvekili Talat Din\u00e7er, &#8220;6 \u015eubat 2023 Depremlerinde Hayatlar\u0131n\u0131 Kaybedenleri Anma G\u00fcn\u00fc&#8221; ilan edilmesi i\u00e7in TBMM Ba\u015fkanl\u0131\u011f\u0131&#8217;na kanun teklifi verdi. CHP Mersin Milletvekili Talat Din\u00e7er, geni\u015f bir co\u011frafyay\u0131 etkileyen depremlerde resmi a\u00e7\u0131klamalara g\u00f6re 50 bin 783 ki\u015finin hayat\u0131n\u0131 kaybetti\u011fi, 107.204 ki\u015finin ise yaral\u0131 oldu\u011fu 6 \u015eubat g\u00fcn\u00fcn\u00fcn, \u20186 \u015eubat 2023 Depremlerinde Hayatlar\u0131n\u0131 Kaybedenleri Anma [&hellip;]<\/p>\n","protected":false},"author":2,"featured_media":30400,"comment_status":"open","ping_status":"open","sticky":false,"template":"","format":"standard","meta":{"footnotes":""},"categories":[1],"tags":[],"class_list":["post-30399","post","type-post","status-publish","format-standard","has-post-thumbnail","hentry","category-genel"],"views":1,"_links":{"self":[{"href":"https:\/\/mersinkadingazetesi.com\/index.php?rest_route=\/wp\/v2\/posts\/30399"}],"collection":[{"href":"https:\/\/mersinkadingazetesi.com\/index.php?rest_route=\/wp\/v2\/posts"}],"about":[{"href":"https:\/\/mersinkadingazetesi.com\/index.php?rest_route=\/wp\/v2\/types\/post"}],"author":[{"embeddable":true,"href":"https:\/\/mersinkadingazetesi.com\/index.php?rest_route=\/wp\/v2\/users\/2"}],"replies":[{"embeddable":true,"href":"https:\/\/mersinkadingazetesi.com\/index.php?rest_route=%2Fwp%2Fv2%2Fcomments&post=30399"}],"version-history":[{"count":0,"href":"https:\/\/mersinkadingazetesi.com\/index.php?rest_route=\/wp\/v2\/posts\/30399\/revisions"}],"wp:featuredmedia":[{"embeddable":true,"href":"https:\/\/mersinkadingazetesi.com\/index.php?rest_route=\/wp\/v2\/media\/30400"}],"wp:attachment":[{"href":"https:\/\/mersinkadingazetesi.com\/index.php?rest_route=%2Fwp%2Fv2%2Fmedia&parent=30399"}],"wp:term":[{"taxonomy":"category","embeddable":true,"href":"https:\/\/mersinkadingazetesi.com\/index.php?rest_route=%2Fwp%2Fv2%2Fcategories&post=30399"},{"taxonomy":"post_tag","embeddable":true,"href":"https:\/\/mersinkadingazetesi.com\/index.php?rest_route=%2Fwp%2Fv2%2Ftags&post=30399"}],"curies":[{"name":"wp","href":"https:\/\/api.w.org\/{rel}","templated":true}]}}